{"id":522803,"date":"2024-10-15T09:31:44","date_gmt":"2024-10-15T13:31:44","guid":{"rendered":"https:\/\/diarioelpopular.com\/?p=522803"},"modified":"2024-10-15T09:31:44","modified_gmt":"2024-10-15T13:31:44","slug":"alberta-introduce-restricciones-a-la-energia-eolica-y-solar","status":"publish","type":"post","link":"https:\/\/diarioelpopular.com\/index.php\/2024\/10\/15\/alberta-introduce-restricciones-a-la-energia-eolica-y-solar\/","title":{"rendered":"Alberta introduce restricciones a la energ\u00eda e\u00f3lica y solar"},"content":{"rendered":"<p><img loading=\"lazy\" decoding=\"async\" class=\"alignnone size-custom-full-size wp-image-522805\" src=\"https:\/\/diarioelpopular.com\/wp-content\/uploads\/2024\/10\/wp_featured_image-127-636x325.jpg\" alt=\"\" width=\"636\" height=\"325\" srcset=\"https:\/\/diarioelpopular.com\/wp-content\/uploads\/2024\/10\/wp_featured_image-127-636x325.jpg 636w, https:\/\/diarioelpopular.com\/wp-content\/uploads\/2024\/10\/wp_featured_image-127-300x154.jpg 300w, https:\/\/diarioelpopular.com\/wp-content\/uploads\/2024\/10\/wp_featured_image-127.jpg 768w, https:\/\/diarioelpopular.com\/wp-content\/uploads\/2024\/10\/wp_featured_image-127-143x73.jpg 143w\" sizes=\"auto, (max-width: 636px) 100vw, 636px\" \/><\/p>\n<p>&nbsp;<\/p>\n<ul>\n<li><em><strong>Las autoridades de la provincia de Alberta tienen planes para implementar nuevas restricciones a las granjas de energ\u00eda e\u00f3lica y solar. Seg\u00fan los defensores del medio ambiente, estas medidas est\u00e1n dirigidas a desalentar el avance de las energ\u00edas renovables en lugar de salvaguardar el entorno natural.<\/strong><\/em><\/li>\n<\/ul>\n<p>&nbsp;<\/p>\n<p>El gobierno provincial estableci\u00f3 una pausa de siete meses en nuevos proyectos de energ\u00edas limpias el a\u00f1o pasado. Danielle Smith, la primera ministra de la provincia, afirm\u00f3 que la conservaci\u00f3n de las tierras de cultivo ser\u00eda clave en la regulaci\u00f3n de dichas iniciativas.<\/p>\n<p>Los cambios propuestos incluyen prohibir que las instalaciones de energ\u00edas limpias se sit\u00faen a menos de 35 kil\u00f3metros de parques, zonas seguras y regiones con tierra de cultivo de alto rendimiento. Smith sostuvo que el potencial agropecuario y est\u00e9tico de estas zonas debe ser protegido contra el acelerado desarrollo de las energ\u00edas renovables.<\/p>\n<p>Contrariamente a estas medidas, Ruiping Luo de la Asociaci\u00f3n de Vida Silvestre de Alberta y otros cr\u00edticos mostraron su desacuerdo, afirmando que las nuevas regulaciones no tienen como objetivo proteger la fauna. Luo argument\u00f3 que las restricciones propuestas podr\u00edan impactar cerca del 40% de la tierra en Alberta, limitando las oportunidades para el desarrollo de energ\u00edas limpias en la provincia. Solo la zona protegida del paisaje podr\u00eda excluir alrededor del 23% del territorio de Alberta.<\/p>\n<p>Luo defiende la protecci\u00f3n de las pasturas y las tierras de cultivo, pero sugiere que las regulaciones deber\u00edan aplicarse a toda la industria energ\u00e9tica, no solo a las energ\u00edas limpias. Hizo hincapi\u00e9 en que la miner\u00eda, y en particular, la industria del petr\u00f3leo y gas, tiene un impacto mucho m\u00e1s da\u00f1ino en estos lugares que las granjas de energ\u00eda solar o e\u00f3lica.<\/p>\n<p>Jason Wang, del Instituto Pembina, coincidi\u00f3 en que si Alberta pretende proteger sus granjas y pastizales, las restricciones deben aplicarse a todos los sectores energ\u00e9ticos. Wang se\u00f1al\u00f3 que las decisiones de suspender proyectos de energ\u00eda renovable resultaron en el cierre de 53 proyectos que podr\u00edan haber suministrado energ\u00eda a toda la provincia.<\/p>\n<p>En febrero, la primera ministra Smith anunci\u00f3 que el gobierno podr\u00eda imponer restricciones adicionales en los pastos y tierras de cultivo irrigadas. Las primeras noticias de posibles restricciones llegaron el pasado verano. El gobierno pidi\u00f3 consejos a las autoridades locales, a representantes de la industria y a los propietarios de tierras.<\/p>\n<p>Ashley Stevenson, representante del Ministro de Servicios P\u00fablicos Nathan Neudorf, asegur\u00f3 que el objetivo del gobierno es mantener el medio ambiente y los derechos de los ciudadanos de Alberta. Tambi\u00e9n confirm\u00f3 que se esperaba que las nuevas leyes est\u00e9n completas antes de finales de 2024. En resumen, se espera que las nuevas reglas de Alberta impongan restricciones importantes a los desarrollos de energ\u00edas limpias en la provincia.<\/p>\n","protected":false},"excerpt":{"rendered":"<p>&nbsp; Las autoridades de la provincia de Alberta tienen planes para implementar nuevas restricciones a las granjas de energ\u00eda e\u00f3lica y solar. Seg\u00fan los defensores&hellip;<\/p>\n","protected":false},"author":101,"featured_media":522806,"comment_status":"open","ping_status":"open","sticky":false,"template":"","format":"standard","meta":{"footnotes":""},"categories":[21],"tags":[],"class_list":["post-522803","post","type-post","status-publish","format-standard","has-post-thumbnail","hentry","category-canada"],"_links":{"self":[{"href":"https:\/\/diarioelpopular.com\/index.php\/wp-json\/wp\/v2\/posts\/522803","targetHints":{"allow":["GET"]}}],"collection":[{"href":"https:\/\/diarioelpopular.com\/index.php\/wp-json\/wp\/v2\/posts"}],"about":[{"href":"https:\/\/diarioelpopular.com\/index.php\/wp-json\/wp\/v2\/types\/post"}],"author":[{"embeddable":true,"href":"https:\/\/diarioelpopular.com\/index.php\/wp-json\/wp\/v2\/users\/101"}],"replies":[{"embeddable":true,"href":"https:\/\/diarioelpopular.com\/index.php\/wp-json\/wp\/v2\/comments?post=522803"}],"version-history":[{"count":1,"href":"https:\/\/diarioelpopular.com\/index.php\/wp-json\/wp\/v2\/posts\/522803\/revisions"}],"predecessor-version":[{"id":522813,"href":"https:\/\/diarioelpopular.com\/index.php\/wp-json\/wp\/v2\/posts\/522803\/revisions\/522813"}],"wp:featuredmedia":[{"embeddable":true,"href":"https:\/\/diarioelpopular.com\/index.php\/wp-json\/wp\/v2\/media\/522806"}],"wp:attachment":[{"href":"https:\/\/diarioelpopular.com\/index.php\/wp-json\/wp\/v2\/media?parent=522803"}],"wp:term":[{"taxonomy":"category","embeddable":true,"href":"https:\/\/diarioelpopular.com\/index.php\/wp-json\/wp\/v2\/categories?post=522803"},{"taxonomy":"post_tag","embeddable":true,"href":"https:\/\/diarioelpopular.com\/index.php\/wp-json\/wp\/v2\/tags?post=522803"}],"curies":[{"name":"wp","href":"https:\/\/api.w.org\/{rel}","templated":true}]}}