{"id":522831,"date":"2024-10-15T10:09:22","date_gmt":"2024-10-15T14:09:22","guid":{"rendered":"https:\/\/diarioelpopular.com\/?p=522831"},"modified":"2024-10-15T10:09:22","modified_gmt":"2024-10-15T14:09:22","slug":"cronicas-cop-16","status":"publish","type":"post","link":"https:\/\/diarioelpopular.com\/index.php\/2024\/10\/15\/cronicas-cop-16\/","title":{"rendered":"CR\u00d3NICAS. COP 16"},"content":{"rendered":"<p class=\"p1\"><em><strong>Por: Luc\u00eda P. de Garcia<\/strong><\/em><\/p>\n<p>&nbsp;<\/p>\n<p class=\"p1\"><em><strong>Toronto.-<\/strong> <\/em>Desde el 21 del presente mes hasta el 1 de noviembre, Cali ser\u00e1 la sede de la Conferencia de las Partes de la Convenci\u00f3n sobre la Diversidad Biol\u00f3gica de las Naciones Unidas, COP16. Este evento internacional con sentido ambientalista, es el m\u00e1s importante que efect\u00faa Colombia en los \u00faltimos 50 a\u00f1os, y se suma a esa espiral que crece a partir de la reuni\u00f3n de 150 pa\u00edses en la Cumbre de la Tierra R\u00edo de Janeiro 1992, cuando se firm\u00f3 el Convenio de Diversidad Biol\u00f3gica (CDV) que promueve el desarrollo sostenible de los pueblos mediante el cuidado de los ecosistemas y las personas.<\/p>\n<p class=\"p1\">La Cop16 debi\u00f3 realizarse en Turqu\u00eda, pero las autoridades declinaron ese honor a causa de los terremotos que ocurrieron en su territorio, lo que dio lugar a la b\u00fasqueda de otra sede. Cuando la Ministra de Medio Ambiente de Colombia, Susana Muhamad, se enter\u00f3 de tal detalle mientras asist\u00eda a la COP28 en Dubai, inmediatamente se comunic\u00f3 con su gobierno y tras ser autorizada present\u00f3 la postulaci\u00f3n de su pa\u00eds. <span class=\"Apple-converted-space\">\u00a0 \u00a0<\/span><\/p>\n<p class=\"p1\">Seg\u00fan el procedimiento de rigor, los delegados de Naciones Unidas viajaron a Colombia para evaluar las ciudades interesadas, encontrando que Cali y Bogot\u00e1 eran las que m\u00e1s se ajustaban a los requisitos. La decisi\u00f3n final la anunci\u00f3 el presidente Gustavo Petro en febrero 2024. Cali gan\u00f3 por su ubicaci\u00f3n geogr\u00e1fica, ya que integra la regi\u00f3n del Oc\u00e9ano Pac\u00edfico, tiene un clima agradable y es una de las m\u00e1s biodiversas del planeta. Como es l\u00f3gico, la poblaci\u00f3n festej\u00f3 la designaci\u00f3n, y con el entusiasmo liderado por su alcalde, Alejandro Eder, empez\u00f3 a preparar a su bella urbe para recibir a las delegaciones del mundo en el gran Centro de Eventos Valle del Pac\u00edfico.<\/p>\n<p class=\"p1\">El d\u00eda esperado se acerca, con su noble lema \u201cPaz con la Naturaleza\u201d, y su logotipo, la hermosa, ex\u00f3tica y colombian\u00edsima Flor de In\u00edrida.<\/p>\n<p class=\"p1\">Sobre el lema, nadie valora m\u00e1s la paz que quien ha sufrido la violencia, como es el caso del pueblo colombiano, que la sigue consolidando mediante su genuino patriotismo, la uni\u00f3n de sus habitantes, la decisi\u00f3n de avanzar hacia el desarrollo con firmeza, optimismo y de brazo con la Naturaleza.<span class=\"Apple-converted-space\">\u00a0<\/span><\/p>\n<p class=\"p1\">Sobre el logotipo, qu\u00e9 mejor inspiraci\u00f3n que la Flor de In\u00edrida, como se llama la capital del departamento de Guain\u00eda. La flor crece tanto en las selvas h\u00famedas de la Amazon\u00eda como en la sabana seca de la Orinoqu\u00eda. De entre las delgadas, largas y verdes hojas emerge en tallo firme para lucir sus p\u00e9talos en forma de trompeta de un color rojo intenso;<span class=\"Apple-converted-space\">\u00a0 <\/span>tambi\u00e9n las hay en rosado fuerte, con delicadas pinceladas de blanco y morado.<span class=\"Apple-converted-space\">\u00a0<\/span><\/p>\n<p class=\"p1\">En las selvas atrae a loros y tucanes que al alimentarse de su n\u00e9ctar la polinizan. En las sabanas sucede igual con p\u00e1jaros y mariposas. Su capacidad de florecer en esa dualidad de ambientes hace que se le considere ejemplo de sobrevivencia, adaptaci\u00f3n, resiliencia. Los pueblos originarios la usan para fines medicinales, como s\u00edmbolo de vida y fertilidad. \u00daltimamente se la emplea en productos cosm\u00e9ticos, aceites esenciales.<span class=\"Apple-converted-space\">\u00a0<\/span><\/p>\n<p class=\"p1\">A la Flor de Inh\u00edrida tambi\u00e9n se la conoce como Flor Eterna, pues al secarse se mantiene intacta a trav\u00e9s de los a\u00f1os, apenas pierde algo de color. Es tan fascinante que se realizan tours para contemplarla y escuchar su leyenda: la princesa Densikoira, mujer perfumada en lengua ind\u00edgena Puinave, consciente de que jam\u00e1s se casar\u00eda con el hombre que amaba porque no era de su clan, le prometi\u00f3 amor eterno y con su tristeza a cuestas subi\u00f3 a los Cerros de Mavicure, donde se encerr\u00f3 para siempre tras la puerta que en uno de ellos se ve a la distancia, dejando como rastro los luceros y las estrellas que hab\u00eda recogido durante su peregrinar. Hoy, cada uno de ellos se ha convertido en una Flor Eterna, joya bot\u00e1nica protegida, cuyo comercio est\u00e1 prohibido sin autorizaci\u00f3n.<\/p>\n<p class=\"p1\">Respecto a la COP16, Colombia ha propuesto canjear la deuda por acci\u00f3n clim\u00e1tica. Implementar un fondo de p\u00e9rdidas y da\u00f1os. Respetar el conocimiento de los pueblos ind\u00edgenas y su aporte a la conservaci\u00f3n de la biodiversidad. Presentar la Ley aprobada por la Corte Constitucional en agosto, la cual protege a l\u00edderes ambientalistas y personas en situaci\u00f3n de riesgo por precisamente defender la Naturaleza. Promover la cooperaci\u00f3n internacional para fortalecer y ampliar las pol\u00edticas ambientalistas.<\/p>\n<p class=\"p1\">La poblaci\u00f3n tambi\u00e9n tendr\u00e1 un espacio de intervenci\u00f3n. Se espera que se plantee la urgencia de frenar los incendios en la Amazon\u00eda, regi\u00f3n considerada uno de los pulmones del mundo y sobre la que los cient\u00edficos advierten: si la Amazon\u00eda se acaba morir\u00e1 nuestro planeta, ser\u00e1 el fin.<span class=\"Apple-converted-space\">\u00a0<\/span><\/p>\n<p class=\"p1\">Que Colombia devuelva al mundo la esperanza, que contagie a todos su pasi\u00f3n y dinamismo, que la caracter\u00edstica alegr\u00eda de su pueblo motive una danza conjunta de Paz con la Naturaleza, y que \u00e9sta se prolongue al infinito como la Flor Eterna, la m\u00e1gica Flor de Inh\u00edrida&#8230;<\/p>\n<p class=\"p2\"><span class=\"Apple-converted-space\">\u00a0<\/span><\/p>\n","protected":false},"excerpt":{"rendered":"<p>Por: Luc\u00eda P. de Garcia &nbsp; Toronto.- Desde el 21 del presente mes hasta el 1 de noviembre, Cali ser\u00e1 la sede de la Conferencia&hellip;<\/p>\n","protected":false},"author":99,"featured_media":0,"comment_status":"open","ping_status":"open","sticky":false,"template":"","format":"standard","meta":{"footnotes":""},"categories":[81,11362],"tags":[],"class_list":["post-522831","post","type-post","status-publish","format-standard","hentry","category-columnistas","category-cronicas"],"_links":{"self":[{"href":"https:\/\/diarioelpopular.com\/index.php\/wp-json\/wp\/v2\/posts\/522831","targetHints":{"allow":["GET"]}}],"collection":[{"href":"https:\/\/diarioelpopular.com\/index.php\/wp-json\/wp\/v2\/posts"}],"about":[{"href":"https:\/\/diarioelpopular.com\/index.php\/wp-json\/wp\/v2\/types\/post"}],"author":[{"embeddable":true,"href":"https:\/\/diarioelpopular.com\/index.php\/wp-json\/wp\/v2\/users\/99"}],"replies":[{"embeddable":true,"href":"https:\/\/diarioelpopular.com\/index.php\/wp-json\/wp\/v2\/comments?post=522831"}],"version-history":[{"count":1,"href":"https:\/\/diarioelpopular.com\/index.php\/wp-json\/wp\/v2\/posts\/522831\/revisions"}],"predecessor-version":[{"id":522832,"href":"https:\/\/diarioelpopular.com\/index.php\/wp-json\/wp\/v2\/posts\/522831\/revisions\/522832"}],"wp:attachment":[{"href":"https:\/\/diarioelpopular.com\/index.php\/wp-json\/wp\/v2\/media?parent=522831"}],"wp:term":[{"taxonomy":"category","embeddable":true,"href":"https:\/\/diarioelpopular.com\/index.php\/wp-json\/wp\/v2\/categories?post=522831"},{"taxonomy":"post_tag","embeddable":true,"href":"https:\/\/diarioelpopular.com\/index.php\/wp-json\/wp\/v2\/tags?post=522831"}],"curies":[{"name":"wp","href":"https:\/\/api.w.org\/{rel}","templated":true}]}}