{"id":522904,"date":"2024-10-16T09:45:49","date_gmt":"2024-10-16T13:45:49","guid":{"rendered":"https:\/\/diarioelpopular.com\/?p=522904"},"modified":"2024-10-16T09:45:49","modified_gmt":"2024-10-16T13:45:49","slug":"trump-invoca-la-ley-de-enemigos-extranjeros-para-los-inmigrantes-tenemos-que-vivir-con-estos-animales-pero-no-por-mucho-tiempo","status":"publish","type":"post","link":"https:\/\/diarioelpopular.com\/index.php\/2024\/10\/16\/trump-invoca-la-ley-de-enemigos-extranjeros-para-los-inmigrantes-tenemos-que-vivir-con-estos-animales-pero-no-por-mucho-tiempo\/","title":{"rendered":"Trump invoca la ley de enemigos extranjeros para los inmigrantes: \u201cTenemos que vivir con estos animales, pero no por mucho tiempo\u201d"},"content":{"rendered":"<div id=\"attachment_522905\" style=\"width: 1210px\" class=\"wp-caption alignnone\"><img loading=\"lazy\" decoding=\"async\" aria-describedby=\"caption-attachment-522905\" class=\"wp-image-522905 size-custom-big-size\" src=\"https:\/\/diarioelpopular.com\/wp-content\/uploads\/2024\/10\/Screen-Shot-2024-10-16-at-9.45.07-AM-1200x800.png\" alt=\"\" width=\"1200\" height=\"800\" srcset=\"https:\/\/diarioelpopular.com\/wp-content\/uploads\/2024\/10\/Screen-Shot-2024-10-16-at-9.45.07-AM-1200x800.png 1200w, https:\/\/diarioelpopular.com\/wp-content\/uploads\/2024\/10\/Screen-Shot-2024-10-16-at-9.45.07-AM-300x200.png 300w, https:\/\/diarioelpopular.com\/wp-content\/uploads\/2024\/10\/Screen-Shot-2024-10-16-at-9.45.07-AM-768x512.png 768w, https:\/\/diarioelpopular.com\/wp-content\/uploads\/2024\/10\/Screen-Shot-2024-10-16-at-9.45.07-AM-636x424.png 636w, https:\/\/diarioelpopular.com\/wp-content\/uploads\/2024\/10\/Screen-Shot-2024-10-16-at-9.45.07-AM-109x73.png 109w, https:\/\/diarioelpopular.com\/wp-content\/uploads\/2024\/10\/Screen-Shot-2024-10-16-at-9.45.07-AM.png 1024w\" sizes=\"auto, (max-width: 1200px) 100vw, 1200px\" \/><p id=\"caption-attachment-522905\" class=\"wp-caption-text\">Donald Trump habla en un mitin de campa\u00f1a en Calhoun Ranch, en octubre de 2024. Alex Brandon (AP)<\/p><\/div>\n<p>&nbsp;<\/p>\n<h4><\/h4>\n<h4 class=\"a_st\"><strong><em>&#8211; La legislaci\u00f3n ha sido aplicada en el pasado en el marco de conflictos b\u00e9licos, pero nunca como un instrumento para la deportaci\u00f3n<\/em><\/strong><\/h4>\n<p>&nbsp;<\/p>\n<p class=\"\">La narrativa xen\u00f3foba de\u00a0<a href=\"https:\/\/elpais.com\/us\/2024-09-26\/trump-amenaza-con-eliminar-el-parole-humanitario-y-cbp-one-si-gana-preparense-para-irse.html\" data-link-track-dtm=\"\" data-mrf-link=\"https:\/\/elpais.com\/us\/2024-09-26\/trump-amenaza-con-eliminar-el-parole-humanitario-y-cbp-one-si-gana-preparense-para-irse.html\">Donald Trump<\/a>\u00a0alcanz\u00f3 un nuevo nivel el pasado viernes durante un mitin en Aurora (Colorado). El candidato republicado sigue sin hablar de pol\u00edtica p\u00fablica y planes de gobierno para continuar desarrollando su narrativa antiinmigrante y hacerse eco de los exagerados reportes policiales que prueban la presencia de criminales extranjeros en ciudades estadounidenses (como los de la banda de origen venezolano,\u00a0<a href=\"https:\/\/elpais.com\/us\/2024-09-30\/el-esquivo-rastro-del-tren-de-aragua-enciende-las-alarmas-en-estados-unidos.html\" data-link-track-dtm=\"\" data-mrf-link=\"https:\/\/elpais.com\/us\/2024-09-30\/el-esquivo-rastro-del-tren-de-aragua-enciende-las-alarmas-en-estados-unidos.html\">Tren de Aragua<\/a>).<\/p>\n<p class=\"\">Ahora, invoca como soluci\u00f3n la normativa responsable de uno de los cap\u00edtulos m\u00e1s oscuros de la historia reciente de Estados Unidos: la ley de extranjeros enemigos (<i>Alien Enemies Act<\/i>), promulgada en 1798, y que el presidente dem\u00f3crata Franklin D. Roosevelt us\u00f3 para encarcelar a familias enteras de inmigrantes de origen italiano, alem\u00e1n y principalmente japon\u00e9s durante la Segunda Guerra Mundial.<\/p>\n<p class=\"\">\u201cEn Venezuela, los cr\u00edmenes se han reducido un 72%. \u00bfSaben por qu\u00e9? Sacaron a los criminales de Caracas y los pusieron a lo largo de su frontera, y les advirtieron de que, si volv\u00edan, los liquidar\u00edan. Ahora tenemos que vivir con estos animales, pero no por mucho tiempo\u201d,\u00a0<a href=\"https:\/\/x.com\/Acyn\/status\/1844837958127657069\" target=\"_blank\" rel=\"noopener\" data-link-track-dtm=\"\" data-mrf-link=\"https:\/\/x.com\/Acyn\/status\/1844837958127657069\">dijo<\/a>\u00a0Trump. Y agreg\u00f3: \u201c<a href=\"https:\/\/x.com\/Acyn\/status\/1844842554455621633\" target=\"_blank\" rel=\"noopener\" data-link-track-dtm=\"\" data-mrf-link=\"https:\/\/x.com\/Acyn\/status\/1844842554455621633\">Invocar\u00e9<\/a>\u00a0la ley de enemigos extranjeros de 1798 (&#8230;) para apuntar y desmantelar cada red criminal migrante operando en suelo estadounidense\u201d. El republicano tambi\u00e9n sostuvo que Colorado volver\u00e1 a ser un Estado seguro.<\/p>\n<p class=\"\">El alcalde de Aurora, Mike Coffmande, tambi\u00e9n republicano, refut\u00f3 tajantemente los comentarios del expresidente en\u00a0<a href=\"https:\/\/www.nytimes.com\/2024\/10\/11\/us\/politics\/trump-aurora-colorado.html\" target=\"_blank\" rel=\"noopener\" data-link-track-dtm=\"\" data-mrf-link=\"https:\/\/www.nytimes.com\/2024\/10\/11\/us\/politics\/trump-aurora-colorado.html\"><i>The New York Times<\/i><\/a>, y afirm\u00f3 que \u201ces una ciudad considerablemente segura, no una ciudad invadida por bandas venezolanas\u201d. Pese a ello, Trump decidi\u00f3 llamar a su plan de deportaci\u00f3n masiva\u00a0<i>Operaci\u00f3n Aurora<\/i>, y prometi\u00f3 que si gana en noviembre detendr\u00e1 la que considera una \u201cinvasi\u00f3n\u201d de inmigrantes a trav\u00e9s de la frontera sur. El 5 de noviembre, d\u00eda de las elecciones, figura en su discurso como el \u201cd\u00eda de la liberaci\u00f3n\u201d.<\/p>\n<p class=\"\">El mal uso de la palabra \u201cinvasi\u00f3n\u201d es clave porque la ley de enemigos extranjeros, nacida tras la guerra de independencia para luchar contra el espionaje y los sabotajes brit\u00e1nicos, y usada por primera vez en la guerra de 1812, solo es aplicable en casos de \u201cguerra declarada\u201d, invasi\u00f3n o \u201cincursi\u00f3n predatoria\u201d en territorio estadounidense.<\/p>\n<p class=\"\">En los \u00faltimos dos casos, los presidentes pueden echar mano de la legislaci\u00f3n sin la aprobaci\u00f3n del Congreso, pero nunca ha sido utilizada con el fin que Trump persigue: desmantelar toda red criminal de migrantes que opere en el pa\u00eds para luego justificar la expulsi\u00f3n de otros 11 millones de inmigrantes sin papeles que pagan impuestos y\u00a0<a href=\"https:\/\/elpais.com\/us\/economia\/2024-07-31\/los-inmigrantes-indocumentados-contribuyen-con-96700-millones-en-impuestos.html\" data-link-track-dtm=\"\" data-mrf-link=\"https:\/\/elpais.com\/us\/economia\/2024-07-31\/los-inmigrantes-indocumentados-contribuyen-con-96700-millones-en-impuestos.html\">contribuyen al crecimiento econ\u00f3mico<\/a>\u00a0del pa\u00eds.<\/p>\n<h3 class=\"\">\u00bfEs factible la aplicaci\u00f3n de la pol\u00e9mica ley?<\/h3>\n<p class=\"\">La ambici\u00f3n de Trump podr\u00eda enfrentarse con barreras jur\u00eddicas. La ley\u00a0<a href=\"https:\/\/www.law.cornell.edu\/uscode\/text\/50\/21\" target=\"_blank\" rel=\"noopener\" data-link-track-dtm=\"\" data-mrf-link=\"https:\/\/www.law.cornell.edu\/uscode\/text\/50\/21\">dice<\/a>\u00a0que \u201csiempre que haya una guerra declarada entre los Estados Unidos y cualquier naci\u00f3n o gobierno extranjero, o cualquier invasi\u00f3n o incursi\u00f3n depredadora sea perpetrada (&#8230;) y el presidente haga una proclamaci\u00f3n p\u00fablica del evento, todos los nativos, ciudadanos, habitantes o s\u00fabditos de la naci\u00f3n o gobierno hostil, mayores de catorce a\u00f1os, que se encuentren dentro de los Estados Unidos y no est\u00e9n naturalizados, podr\u00e1n ser aprehendidos, retenidos y expulsados como enemigos extranjeros\u201d.<\/p>\n<p class=\"\">En este sentido, la Operaci\u00f3n Aurora de Trump queda por fuera del texto de la ley porque la presencia de inmigrantes indocumentados, as\u00ed como de aquellos que han cometido alg\u00fan\u00a0<a href=\"https:\/\/elpais.com\/us\/2024-07-13\/crimen-e-inmigracion-un-mito-sin-fundamento-que-perdura.html\" data-link-track-dtm=\"\" data-mrf-link=\"https:\/\/elpais.com\/us\/2024-07-13\/crimen-e-inmigracion-un-mito-sin-fundamento-que-perdura.html\">crimen<\/a>\u00a0(cifras de la Oficina Federal de Prisiones revelan que el 90% de los reclusos del pa\u00eds son nativos y no inmigrantes) no est\u00e1 vinculada a una \u201cguerra declarada\u201d ni a una \u201cinvasi\u00f3n depredadora\u201d de otro pa\u00eds, aun cuando la ret\u00f3rica xen\u00f3foba as\u00ed lo catalogue err\u00f3neamente.<\/p>\n<p class=\"\">Sin embargo, el exfiscal del condado de Nueva York, Jordan Rubin, considera que la reciente invocaci\u00f3n de Trump de la ley del siglo XVIII no fue una reflexi\u00f3n al azar. \u201cNo podemos estar seguros de lo que suceder\u00eda si en un intento de aplicaci\u00f3n aterrizara en un Tribunal Supremo que ha adoptado una visi\u00f3n expansiva del poder presidencial, especialmente si Trump y los republicanos son capaces de moldear a\u00fan m\u00e1s al Supremo (&#8230;) Si gana en noviembre, pronto podr\u00edamos saber hasta d\u00f3nde le dejar\u00e1 llegar el alto tribunal en este frente\u201d, escribi\u00f3 en su blog de\u00a0<a href=\"https:\/\/www.msnbc.com\/deadline-white-house\/deadline-legal-blog\/trump-alien-enemies-act-1798-immigrants-supreme-court-rcna175269\" target=\"_blank\" rel=\"noopener\" data-link-track-dtm=\"\" data-mrf-link=\"https:\/\/www.msnbc.com\/deadline-white-house\/deadline-legal-blog\/trump-alien-enemies-act-1798-immigrants-supreme-court-rcna175269\">MSNBC<\/a>.<\/p>\n<p class=\"\">El expresidente ya tiene un antecedente en la materia. Durante su mandato y v\u00eda decreto, prohibi\u00f3 el ingreso a ciudadanos de pa\u00edses de origen musulm\u00e1n (Ir\u00e1n, Irak, Siria, Somalia, Yemen, Sud\u00e1n y Libia), aunque estos pidieran\u00a0<a href=\"https:\/\/elpais.com\/us\/2024-09-30\/biden-endurece-las-restricciones-al-asilo-a-pesar-de-la-disminucion-de-los-cruces-ilegales-en-la-frontera.html\" data-link-track-dtm=\"\" data-mrf-link=\"https:\/\/elpais.com\/us\/2024-09-30\/biden-endurece-las-restricciones-al-asilo-a-pesar-de-la-disminucion-de-los-cruces-ilegales-en-la-frontera.html\">asilo<\/a>, tuvieran estatus de refugiado o permiso de entrada. La medida fue ampliamente criticada porque represent\u00f3 una violaci\u00f3n de los derechos civiles.<\/p>\n","protected":false},"excerpt":{"rendered":"<p>&nbsp; &#8211; La legislaci\u00f3n ha sido aplicada en el pasado en el marco de conflictos b\u00e9licos, pero nunca como un instrumento para la deportaci\u00f3n &nbsp;&hellip;<\/p>\n","protected":false},"author":99,"featured_media":522905,"comment_status":"open","ping_status":"open","sticky":false,"template":"","format":"standard","meta":{"footnotes":""},"categories":[24],"tags":[],"class_list":["post-522904","post","type-post","status-publish","format-standard","has-post-thumbnail","hentry","category-mundo"],"_links":{"self":[{"href":"https:\/\/diarioelpopular.com\/index.php\/wp-json\/wp\/v2\/posts\/522904","targetHints":{"allow":["GET"]}}],"collection":[{"href":"https:\/\/diarioelpopular.com\/index.php\/wp-json\/wp\/v2\/posts"}],"about":[{"href":"https:\/\/diarioelpopular.com\/index.php\/wp-json\/wp\/v2\/types\/post"}],"author":[{"embeddable":true,"href":"https:\/\/diarioelpopular.com\/index.php\/wp-json\/wp\/v2\/users\/99"}],"replies":[{"embeddable":true,"href":"https:\/\/diarioelpopular.com\/index.php\/wp-json\/wp\/v2\/comments?post=522904"}],"version-history":[{"count":1,"href":"https:\/\/diarioelpopular.com\/index.php\/wp-json\/wp\/v2\/posts\/522904\/revisions"}],"predecessor-version":[{"id":522906,"href":"https:\/\/diarioelpopular.com\/index.php\/wp-json\/wp\/v2\/posts\/522904\/revisions\/522906"}],"wp:featuredmedia":[{"embeddable":true,"href":"https:\/\/diarioelpopular.com\/index.php\/wp-json\/wp\/v2\/media\/522905"}],"wp:attachment":[{"href":"https:\/\/diarioelpopular.com\/index.php\/wp-json\/wp\/v2\/media?parent=522904"}],"wp:term":[{"taxonomy":"category","embeddable":true,"href":"https:\/\/diarioelpopular.com\/index.php\/wp-json\/wp\/v2\/categories?post=522904"},{"taxonomy":"post_tag","embeddable":true,"href":"https:\/\/diarioelpopular.com\/index.php\/wp-json\/wp\/v2\/tags?post=522904"}],"curies":[{"name":"wp","href":"https:\/\/api.w.org\/{rel}","templated":true}]}}