{"id":522936,"date":"2024-10-16T10:43:50","date_gmt":"2024-10-16T14:43:50","guid":{"rendered":"https:\/\/diarioelpopular.com\/?p=522936"},"modified":"2024-10-16T10:43:50","modified_gmt":"2024-10-16T14:43:50","slug":"america-latina-y-el-caribe-mucha-agua-pero-mal-aprovechada","status":"publish","type":"post","link":"https:\/\/diarioelpopular.com\/index.php\/2024\/10\/16\/america-latina-y-el-caribe-mucha-agua-pero-mal-aprovechada\/","title":{"rendered":"Am\u00e9rica Latina y el Caribe: mucha agua, pero mal aprovechada"},"content":{"rendered":"<div id=\"attachment_522937\" style=\"width: 646px\" class=\"wp-caption alignnone\"><img loading=\"lazy\" decoding=\"async\" aria-describedby=\"caption-attachment-522937\" class=\"wp-image-522937 size-custom-full-size\" src=\"https:\/\/diarioelpopular.com\/wp-content\/uploads\/2024\/10\/Screen-Shot-2024-10-16-at-10.43.10-AM-636x427.png\" alt=\"\" width=\"636\" height=\"427\" srcset=\"https:\/\/diarioelpopular.com\/wp-content\/uploads\/2024\/10\/Screen-Shot-2024-10-16-at-10.43.10-AM-636x427.png 636w, https:\/\/diarioelpopular.com\/wp-content\/uploads\/2024\/10\/Screen-Shot-2024-10-16-at-10.43.10-AM-300x201.png 300w, https:\/\/diarioelpopular.com\/wp-content\/uploads\/2024\/10\/Screen-Shot-2024-10-16-at-10.43.10-AM-768x515.png 768w, https:\/\/diarioelpopular.com\/wp-content\/uploads\/2024\/10\/Screen-Shot-2024-10-16-at-10.43.10-AM-80x55.png 80w, https:\/\/diarioelpopular.com\/wp-content\/uploads\/2024\/10\/Screen-Shot-2024-10-16-at-10.43.10-AM-109x73.png 109w, https:\/\/diarioelpopular.com\/wp-content\/uploads\/2024\/10\/Screen-Shot-2024-10-16-at-10.43.10-AM.png 1024w\" sizes=\"auto, (max-width: 636px) 100vw, 636px\" \/><p id=\"caption-attachment-522937\" class=\"wp-caption-text\">Residentes recorren el \u00e1rea inundada despu\u00e9s de fuertes lluvias en Canoas, estado de Rio Grande do Sul, Brasil, en mayo de 2024. Andre Penner (AP)<\/p><\/div>\n<p>&nbsp;<\/p>\n<p>&nbsp;<\/p>\n<h4 class=\"a_st\"><em>&#8211; La regi\u00f3n necesita reforzar la infraestructura verde y promover nuevas soluciones basadas en naturaleza. A este desaf\u00edo se suma la necesidad de gestionar mejor los recursos naturales y los eventos extremos, como las cada vez m\u00e1s frecuentes inundaciones y las sequ\u00edas<\/em><\/h4>\n<p>&nbsp;<\/p>\n<p class=\"\">Desde hace a\u00f1os, el principal recurso para la vida se ha convertido en un bien escaso.\u00a0<a href=\"https:\/\/elpais.com\/america-futura\/2022-11-08\/las-mil-y-una-vidas-del-agua-como-la-economia-circular-puede-ayudar-a-enfrentar-la-escasez.html\" target=\"_blank\" rel=\"noopener\" data-link-track-dtm=\"\" data-mrf-link=\"https:\/\/elpais.com\/america-futura\/2022-11-08\/las-mil-y-una-vidas-del-agua-como-la-economia-circular-puede-ayudar-a-enfrentar-la-escasez.html\">El agua<\/a>, que cubre el 70% de la superficie del planeta, escasea en cada vez m\u00e1s en hogares, y su gesti\u00f3n compromete a la agricultura irrigada, la industria, la miner\u00eda, la producci\u00f3n hidroel\u00e9ctrica, e incluso ocasiona conflictos entre sectores debido a la competencia por el recurso. Y esta situaci\u00f3n ser\u00e1 todav\u00eda m\u00e1s extrema como consecuencia del cambio clim\u00e1tico.<\/p>\n<p class=\"\"><a href=\"https:\/\/elpais.com\/america-futura\/2024-06-16\/las-guerras-del-agua-cinco-frentes-que-el-cambio-climatico-abre-en-america-latina.html\" target=\"_blank\" rel=\"noopener\" data-link-track-dtm=\"\" data-mrf-link=\"https:\/\/elpais.com\/america-futura\/2024-06-16\/las-guerras-del-agua-cinco-frentes-que-el-cambio-climatico-abre-en-america-latina.html\">No estamos hablando de amenazas futuras\u00a0<\/a>ni de escenas de ciencia ficci\u00f3n. En\u00a0<a href=\"https:\/\/elpais.com\/america-colombia\/2024-04-08\/division-por-zonas-y-periodos-de-24-horas-asi-funcionara-el-racionamiento-de-agua-en-bogota.html\" target=\"_blank\" rel=\"noopener\" data-link-track-dtm=\"\" data-mrf-link=\"https:\/\/elpais.com\/america-colombia\/2024-04-08\/division-por-zonas-y-periodos-de-24-horas-asi-funcionara-el-racionamiento-de-agua-en-bogota.html\">Colombia<\/a>, por ejemplo, las condiciones hidrometeorol\u00f3gicas de este a\u00f1o han generado un desabastecimiento de agua en varias ciudades del pa\u00eds, incluyendo su capital, Bogot\u00e1, cuyos embalses operan a una capacidad de menos del 50% como consecuencia de las sequ\u00edas. Recientemente, tambi\u00e9n se registraron\u00a0<a href=\"https:\/\/elpais.com\/america\/2024-05-12\/el-sur-de-brasil-escaparate-de-la-devastacion-que-trae-el-cambio-climatico.html\" target=\"_blank\" rel=\"noopener\" data-link-track-dtm=\"\" data-mrf-link=\"https:\/\/elpais.com\/america\/2024-05-12\/el-sur-de-brasil-escaparate-de-la-devastacion-que-trae-el-cambio-climatico.html\">grandes inundaciones en R\u00edo Grande do Sul<\/a>, en Brasil, prolongadas sequ\u00edas en Montevideo o lluvias torrenciales y sequ\u00edas en Ecuador, entre otros.<\/p>\n<p class=\"\">En una situaci\u00f3n parecida han estado, est\u00e1n o estar\u00e1n otros pa\u00edses de la regi\u00f3n como Argentina, Bolivia, M\u00e9xico, Uruguay o Chile\u2026 pero tambi\u00e9n Europa. De hecho, se calcula que el 17% de la poblaci\u00f3n europea corre un alto riesgo de escasez h\u00eddrica para 2050, y que tres cuartas partes de la poblaci\u00f3n de Espa\u00f1a enfrenta un riesgo alto por la falta de agua si no se toman medidas. Ciudades como Sevilla, Granada, C\u00f3rdoba y Murcia sufrir\u00e1n el mayor riesgo de escasez de Europa.<\/p>\n<p class=\"\">Am\u00e9rica Latina y el Caribe cuenta con m\u00e1s de un tercio de los recursos de agua dulce de la tierra, lo que nos sit\u00faa en una situaci\u00f3n a priori ventajosa y como una regi\u00f3n que puede aportar soluciones globales al problema. Pero nuestro problema no est\u00e1 tanto en la disposici\u00f3n, sino en el acceso: tenemos mucha agua, pero est\u00e1 mal distribuida, o distribuida de manera heterog\u00e9nea, lo que provoca escasez en algunos lugares y durante determinados periodos. Esto, a su vez, est\u00e1 limitando el desarrollo integral de la regi\u00f3n.<\/p>\n<p class=\"\">Para cerrar las brechas de acceso y seguridad h\u00eddricas ser\u00e1 imprescindible abordar el problema de manera integral y poner el foco en las \u00e1reas urbanas, que concentran el 70% del PIB regional y son hogar del 82% de los latinoamericanos y caribe\u00f1os. Las ciudades juegan un papel dinamizador de la econom\u00eda y, por eso, deben constituirse en polos del desarrollo social inclusivo y ambientalmente sustentable. Seg\u00fan un an\u00e1lisis reciente del Monitor Ciudadano de Desarrollo Sostenible (MCDS) de CAF y Citibeats, basado en 2,9 millones de publicaciones en redes sociales y blogs, la seguridad h\u00eddrica emerge como la principal preocupaci\u00f3n en la regi\u00f3n.<\/p>\n<p class=\"\">Una l\u00ednea de atenci\u00f3n prioritaria debe centrarse en mitigar los efectos adversos de la mala gesti\u00f3n del agua, es decir en abordar el d\u00e9ficit de infraestructura, capital humano, institucional, financiero y de gobernabilidad. Es imprescindible que las ciudades aumenten su capacidad de resiliencia h\u00eddrica, tanto para planificar, prevenir, como para dar respuesta y poder recuperarse ante amenazas de origen h\u00eddrico, lo que conlleva retos econ\u00f3micos, sociales y ambientales.<\/p>\n<p class=\"\">Como parte de esta problem\u00e1tica, la regi\u00f3n no alcanza a cerrar la brecha de acceso seguro al agua para m\u00e1s de 160 millones de personas; en saneamiento, el reto es todav\u00eda mayor, ya que pr\u00e1cticamente el doble de dicha cifra no cuenta con acceso seguro, y la falta de ambos servicios tiene efectos severos en la salud, pero, adem\u00e1s, condiciona la educaci\u00f3n, la equidad de g\u00e9nero, las oportunidades de empleo y el desarrollo ulterior de las poblaciones. Por ello, no contar con agua y saneamiento, es tambi\u00e9n un indicador de exclusi\u00f3n y desigualdad.<\/p>\n<p class=\"\">La regi\u00f3n necesita reforzar la infraestructura verde y promover nuevas soluciones basadas en naturaleza. A este desaf\u00edo se suma la necesidad de\u00a0<a href=\"https:\/\/elpais.com\/america-futura\/2024-10-09\/tras-el-mortal-helene-llega-milton-si-el-cambio-climatico-esta-cambiando-la-dinamica-de-los-huracanes.html\" target=\"_blank\" rel=\"noopener\" data-link-track-dtm=\"\" data-mrf-link=\"https:\/\/elpais.com\/america-futura\/2024-10-09\/tras-el-mortal-helene-llega-milton-si-el-cambio-climatico-esta-cambiando-la-dinamica-de-los-huracanes.html\">gestionar mejor los recursos naturales y los eventos extremos<\/a>, en especial los asociados al agua, como las cada vez m\u00e1s frecuentes inundaciones (en la regi\u00f3n se produce en promedio una inundaci\u00f3n cada quince d\u00edas) y las sequ\u00edas<b>\u00a0<\/b>de 2020 a 2022 han sido cuatro veces m\u00e1s da\u00f1inas que las ocurridas de los veinte a\u00f1os previos.<\/p>\n<p class=\"\">La resiliencia h\u00eddrica requiere una aproximaci\u00f3n sist\u00e9mica e integrada que atienda los riesgos referidos. Las ciudades no pueden verse como espacios aislados, sino que la gesti\u00f3n del agua debe concebirse desde el enfoque de cuenca: las acciones que se realicen en la parte alta de la cuenca pueden afectar a la cuenca media y baja, y viceversa. A manera de ejemplo, una represa de grandes proporciones que se construya en la parte baja de una cuenca puede generar remansos indeseables hacia aguas arriba.<\/p>\n<p class=\"\">Para acelerar las soluciones de seguridad h\u00eddrica en la regi\u00f3n, CAF y el Ministerio para la Transici\u00f3n Ecol\u00f3gica de Espa\u00f1a celebrar\u00e1n en Madrid los d\u00e9cimos\u00a0<i>Di\u00e1logos del Agua<\/i>, que abordar\u00e1n la resiliencia h\u00eddrica en las ciudades y analizar\u00e1n enfoques e iniciativas que plantean la gesti\u00f3n del agua m\u00e1s eficiente y ambientalmente sustentable, en la que se integran la econom\u00eda circular del agua, las soluciones basadas en la naturaleza, el uso de aguas no convencionales, as\u00ed como la innovaci\u00f3n tecnol\u00f3gica, la mano con la digitalizaci\u00f3n y la inteligencia artificial, entre otros.<\/p>\n","protected":false},"excerpt":{"rendered":"<p>&nbsp; &nbsp; &#8211; La regi\u00f3n necesita reforzar la infraestructura verde y promover nuevas soluciones basadas en naturaleza. A este desaf\u00edo se suma la necesidad de&hellip;<\/p>\n","protected":false},"author":99,"featured_media":522937,"comment_status":"open","ping_status":"open","sticky":false,"template":"","format":"standard","meta":{"footnotes":""},"categories":[23],"tags":[],"class_list":["post-522936","post","type-post","status-publish","format-standard","has-post-thumbnail","hentry","category-latinoamerica"],"_links":{"self":[{"href":"https:\/\/diarioelpopular.com\/index.php\/wp-json\/wp\/v2\/posts\/522936","targetHints":{"allow":["GET"]}}],"collection":[{"href":"https:\/\/diarioelpopular.com\/index.php\/wp-json\/wp\/v2\/posts"}],"about":[{"href":"https:\/\/diarioelpopular.com\/index.php\/wp-json\/wp\/v2\/types\/post"}],"author":[{"embeddable":true,"href":"https:\/\/diarioelpopular.com\/index.php\/wp-json\/wp\/v2\/users\/99"}],"replies":[{"embeddable":true,"href":"https:\/\/diarioelpopular.com\/index.php\/wp-json\/wp\/v2\/comments?post=522936"}],"version-history":[{"count":1,"href":"https:\/\/diarioelpopular.com\/index.php\/wp-json\/wp\/v2\/posts\/522936\/revisions"}],"predecessor-version":[{"id":522938,"href":"https:\/\/diarioelpopular.com\/index.php\/wp-json\/wp\/v2\/posts\/522936\/revisions\/522938"}],"wp:featuredmedia":[{"embeddable":true,"href":"https:\/\/diarioelpopular.com\/index.php\/wp-json\/wp\/v2\/media\/522937"}],"wp:attachment":[{"href":"https:\/\/diarioelpopular.com\/index.php\/wp-json\/wp\/v2\/media?parent=522936"}],"wp:term":[{"taxonomy":"category","embeddable":true,"href":"https:\/\/diarioelpopular.com\/index.php\/wp-json\/wp\/v2\/categories?post=522936"},{"taxonomy":"post_tag","embeddable":true,"href":"https:\/\/diarioelpopular.com\/index.php\/wp-json\/wp\/v2\/tags?post=522936"}],"curies":[{"name":"wp","href":"https:\/\/api.w.org\/{rel}","templated":true}]}}