{"id":522993,"date":"2024-10-17T09:36:33","date_gmt":"2024-10-17T13:36:33","guid":{"rendered":"https:\/\/diarioelpopular.com\/?p=522993"},"modified":"2024-10-17T09:36:33","modified_gmt":"2024-10-17T13:36:33","slug":"la-agencia-tributaria-de-canada-despide-a-330-empleados-por-recibir-la-pcu-durante-la-pandemia","status":"publish","type":"post","link":"https:\/\/diarioelpopular.com\/index.php\/2024\/10\/17\/la-agencia-tributaria-de-canada-despide-a-330-empleados-por-recibir-la-pcu-durante-la-pandemia\/","title":{"rendered":"La Agencia Tributaria de Canad\u00e1 despide a 330 empleados por recibir la PCU durante la pandemia"},"content":{"rendered":"<p><img loading=\"lazy\" decoding=\"async\" class=\"alignnone size-custom-full-size wp-image-522994\" src=\"https:\/\/diarioelpopular.com\/wp-content\/uploads\/2024\/10\/Screen-Shot-2024-10-17-at-9.36.04-AM-636x406.png\" alt=\"\" width=\"636\" height=\"406\" srcset=\"https:\/\/diarioelpopular.com\/wp-content\/uploads\/2024\/10\/Screen-Shot-2024-10-17-at-9.36.04-AM-636x406.png 636w, https:\/\/diarioelpopular.com\/wp-content\/uploads\/2024\/10\/Screen-Shot-2024-10-17-at-9.36.04-AM-300x191.png 300w, https:\/\/diarioelpopular.com\/wp-content\/uploads\/2024\/10\/Screen-Shot-2024-10-17-at-9.36.04-AM-768x490.png 768w, https:\/\/diarioelpopular.com\/wp-content\/uploads\/2024\/10\/Screen-Shot-2024-10-17-at-9.36.04-AM-85x55.png 85w, https:\/\/diarioelpopular.com\/wp-content\/uploads\/2024\/10\/Screen-Shot-2024-10-17-at-9.36.04-AM-1200x765.png 1200w, https:\/\/diarioelpopular.com\/wp-content\/uploads\/2024\/10\/Screen-Shot-2024-10-17-at-9.36.04-AM-114x73.png 114w, https:\/\/diarioelpopular.com\/wp-content\/uploads\/2024\/10\/Screen-Shot-2024-10-17-at-9.36.04-AM.png 1024w\" sizes=\"auto, (max-width: 636px) 100vw, 636px\" \/><\/p>\n<p>&nbsp;<\/p>\n<p>&nbsp;<\/p>\n<ul>\n<li><em><strong>La Agencia Tributaria de Canad\u00e1 confirm\u00f3 que ha despedido a 330 empleados por recibir indebidamente la Prestaci\u00f3n de Respuesta de Emergencia de Canad\u00e1 durante la pandemia, dando su actualizaci\u00f3n final sobre una revisi\u00f3n interna.<\/strong><\/em><\/li>\n<\/ul>\n<p>&nbsp;<\/p>\n<p><em><strong>OTTAWA.-<\/strong><\/em> La CRA inici\u00f3 una revisi\u00f3n interna en junio de 2023 sobre los empleados que recibieron la PCU a pesar de no ser elegibles para la prestaci\u00f3n, que identific\u00f3 a 600 empleados para una mayor investigaci\u00f3n.<\/p>\n<p>La prestaci\u00f3n, conocida como PCU para abreviar, proporcion\u00f3 $2,000 por mes a los canadienses cuyos trabajos se perdieron como resultado de las restricciones de salud p\u00fablica durante la pandemia.<\/p>\n<p>La agencia dice que 185 personas no fueron despedidas por recibir la PCU, pero 40 de ellas enfrentaron medidas disciplinarias, como la suspensi\u00f3n.<\/p>\n<p>Mientras tanto, se encontr\u00f3 que 135 empleados eran elegibles para la PCU y, por lo tanto, no enfrentaron ninguna consecuencia.<\/p>\n<p>Algunos empleados habr\u00edan sido elegibles porque eran estudiantes o empleados a t\u00e9rmino.<\/p>\n<p>La CRA dice que los empleados que recibieron la PCU de manera inapropiada deben devolver los beneficios que recibieron.<\/p>\n<p>La agencia dice que una peque\u00f1a cantidad de casos en curso, incluidos los empleados con licencia m\u00e9dica o licencia prolongada sin goce de sueldo, tardar\u00e1n m\u00e1s tiempo en completarse.<\/p>\n","protected":false},"excerpt":{"rendered":"<p>&nbsp; &nbsp; La Agencia Tributaria de Canad\u00e1 confirm\u00f3 que ha despedido a 330 empleados por recibir indebidamente la Prestaci\u00f3n de Respuesta de Emergencia de Canad\u00e1&hellip;<\/p>\n","protected":false},"author":99,"featured_media":522994,"comment_status":"open","ping_status":"open","sticky":false,"template":"","format":"standard","meta":{"footnotes":""},"categories":[21],"tags":[],"class_list":["post-522993","post","type-post","status-publish","format-standard","has-post-thumbnail","hentry","category-canada"],"_links":{"self":[{"href":"https:\/\/diarioelpopular.com\/index.php\/wp-json\/wp\/v2\/posts\/522993","targetHints":{"allow":["GET"]}}],"collection":[{"href":"https:\/\/diarioelpopular.com\/index.php\/wp-json\/wp\/v2\/posts"}],"about":[{"href":"https:\/\/diarioelpopular.com\/index.php\/wp-json\/wp\/v2\/types\/post"}],"author":[{"embeddable":true,"href":"https:\/\/diarioelpopular.com\/index.php\/wp-json\/wp\/v2\/users\/99"}],"replies":[{"embeddable":true,"href":"https:\/\/diarioelpopular.com\/index.php\/wp-json\/wp\/v2\/comments?post=522993"}],"version-history":[{"count":1,"href":"https:\/\/diarioelpopular.com\/index.php\/wp-json\/wp\/v2\/posts\/522993\/revisions"}],"predecessor-version":[{"id":522995,"href":"https:\/\/diarioelpopular.com\/index.php\/wp-json\/wp\/v2\/posts\/522993\/revisions\/522995"}],"wp:featuredmedia":[{"embeddable":true,"href":"https:\/\/diarioelpopular.com\/index.php\/wp-json\/wp\/v2\/media\/522994"}],"wp:attachment":[{"href":"https:\/\/diarioelpopular.com\/index.php\/wp-json\/wp\/v2\/media?parent=522993"}],"wp:term":[{"taxonomy":"category","embeddable":true,"href":"https:\/\/diarioelpopular.com\/index.php\/wp-json\/wp\/v2\/categories?post=522993"},{"taxonomy":"post_tag","embeddable":true,"href":"https:\/\/diarioelpopular.com\/index.php\/wp-json\/wp\/v2\/tags?post=522993"}],"curies":[{"name":"wp","href":"https:\/\/api.w.org\/{rel}","templated":true}]}}