{"id":523004,"date":"2024-10-17T10:03:36","date_gmt":"2024-10-17T14:03:36","guid":{"rendered":"https:\/\/diarioelpopular.com\/?p=523004"},"modified":"2024-10-17T10:03:36","modified_gmt":"2024-10-17T14:03:36","slug":"condenan-a-38-anos-de-prision-en-ee-uu-a-genaro-garcia-luna-el-exjefe-de-seguridad-de-mexico-por-sus-vinculos-con-el-narcotrafico","status":"publish","type":"post","link":"https:\/\/diarioelpopular.com\/index.php\/2024\/10\/17\/condenan-a-38-anos-de-prision-en-ee-uu-a-genaro-garcia-luna-el-exjefe-de-seguridad-de-mexico-por-sus-vinculos-con-el-narcotrafico\/","title":{"rendered":"Condenan a 38 a\u00f1os de prisi\u00f3n en EE.UU. a Genaro Garc\u00eda Luna, el exjefe de seguridad de M\u00e9xico, por sus v\u00ednculos con el narcotr\u00e1fico"},"content":{"rendered":"<div id=\"attachment_523005\" style=\"width: 646px\" class=\"wp-caption alignnone\"><img loading=\"lazy\" decoding=\"async\" aria-describedby=\"caption-attachment-523005\" class=\"wp-image-523005 size-custom-full-size\" src=\"https:\/\/diarioelpopular.com\/wp-content\/uploads\/2024\/10\/Screen-Shot-2024-10-17-at-10.03.02-AM-636x357.png\" alt=\"\" width=\"636\" height=\"357\" srcset=\"https:\/\/diarioelpopular.com\/wp-content\/uploads\/2024\/10\/Screen-Shot-2024-10-17-at-10.03.02-AM-636x357.png 636w, https:\/\/diarioelpopular.com\/wp-content\/uploads\/2024\/10\/Screen-Shot-2024-10-17-at-10.03.02-AM-300x169.png 300w, https:\/\/diarioelpopular.com\/wp-content\/uploads\/2024\/10\/Screen-Shot-2024-10-17-at-10.03.02-AM-768x432.png 768w, https:\/\/diarioelpopular.com\/wp-content\/uploads\/2024\/10\/Screen-Shot-2024-10-17-at-10.03.02-AM-130x73.png 130w, https:\/\/diarioelpopular.com\/wp-content\/uploads\/2024\/10\/Screen-Shot-2024-10-17-at-10.03.02-AM.png 1024w\" sizes=\"auto, (max-width: 636px) 100vw, 636px\" \/><p id=\"caption-attachment-523005\" class=\"wp-caption-text\">Garc\u00eda Luna fue declarado culpable de cargos de narcotr\u00e1fico en 2023.<\/p><\/div>\n<p>&nbsp;<\/p>\n<p>&nbsp;<\/p>\n<div class=\"bbc-19j92fr ebmt73l0\" dir=\"ltr\">\n<ul>\n<li class=\"bbc-hhl7in e17g058b0\" dir=\"ltr\"><em><strong>Genaro Garc\u00eda Luna, el exjefe de Seguridad P\u00fablica de M\u00e9xico, fue condenado este mi\u00e9rcoles a 38 a\u00f1os y 8 meses de prisi\u00f3n en EE.UU. por sus v\u00ednculos con el narcotr\u00e1fico.<\/strong><\/em><\/li>\n<\/ul>\n<\/div>\n<div class=\"bbc-19j92fr ebmt73l0\" dir=\"ltr\">\n<p dir=\"ltr\">\n<p dir=\"ltr\">\n<p class=\"bbc-hhl7in e17g058b0\" dir=\"ltr\">En una audiencia en el tribunal del Distrito Este de Nueva York, el juez Brian Cogan emiti\u00f3 la pena que pone fin a un proceso iniciado en 2019 contra el exfuncionario, que caus\u00f3 gran esc\u00e1ndalo en M\u00e9xico.<\/p>\n<\/div>\n<div class=\"bbc-19j92fr ebmt73l0\" dir=\"ltr\">\n<p class=\"bbc-hhl7in e17g058b0\" dir=\"ltr\">Y es que Garc\u00eda Luna, hoy de 56 a\u00f1os, fue durante la d\u00e9cada de los 2000 una pieza clave en las estrategias de seguridad de M\u00e9xico en la lucha contra la criminalidad.<\/p>\n<\/div>\n<div class=\"bbc-19j92fr ebmt73l0\" dir=\"ltr\">\n<p class=\"bbc-hhl7in e17g058b0\" dir=\"ltr\">Como secretario de Seguridad P\u00fablica durante el gobierno de Felipe Calder\u00f3n (2006-2012), fue uno de los m\u00e1ximos responsables de la estrategia contra el narcotr\u00e1fico, en un periodo conocido como de la &#8220;guerra contra el narco&#8221; que dej\u00f3 m\u00e1s de 250.000 muertos en seis a\u00f1os.<\/p>\n<\/div>\n<section class=\"bbc-geybui\" role=\"region\" aria-label=\"Publicidad 2\" aria-hidden=\"true\" data-e2e=\"advertisement\"><\/section>\n<div class=\"bbc-19j92fr ebmt73l0\" dir=\"ltr\">\n<p class=\"bbc-hhl7in e17g058b0\" dir=\"ltr\">Luego de m\u00e1s de seis a\u00f1os alejado de la funci\u00f3n p\u00fablica, fue detenido en 2019 en EE.UU., donde resid\u00eda, y acusado de cinco cargos relacionados con el tr\u00e1fico de drogas.<\/p>\n<\/div>\n<div class=\"bbc-1n4f7vm ebmt73l0\" dir=\"ltr\"><\/div>\n<div class=\"bbc-19j92fr ebmt73l0\" dir=\"ltr\">\n<p class=\"bbc-hhl7in e17g058b0\" dir=\"ltr\">Tras ser llevado a un juicio que dur\u00f3 cinco semanas, fue declarado culpable de todos los cargos en enero de 2023.<\/p>\n<\/div>\n<div class=\"bbc-19j92fr ebmt73l0\" dir=\"ltr\">\n<p class=\"bbc-hhl7in e17g058b0\" dir=\"ltr\">Adem\u00e1s de la condena a pasar por lo menos 460 meses en la c\u00e1rcel, el juez Cogan tambi\u00e9n emiti\u00f3 una multa de US$2 millones contra el exfuncionario &#8220;por ayudar durante una d\u00e9cada al cartel de Sinaloa a cambio de millones de d\u00f3lares en sobornos&#8221;.<\/p>\n<p dir=\"ltr\">\n<\/div>\n<figure class=\"bbc-1qn0xuy\">\n<div class=\"bbc-18ywsw9\">\n<div style=\"width: 1034px\" class=\"wp-caption alignnone\"><img loading=\"lazy\" decoding=\"async\" class=\"bbc-139onq\" src=\"https:\/\/ichef.bbci.co.uk\/ace\/ws\/640\/cpsprodpb\/8add\/live\/e2770660-8bfe-11ef-81f8-1f28bcc5be15.jpg.webp\" alt=\"Genaro Garc\u00eda Luna\" width=\"1024\" height=\"683\" \/><p class=\"wp-caption-text\">Fuente de la imagen,Getty Images.\u00a0Genaro Garc\u00eda Luna es el exfuncionario de m\u00e1s alto rango en ser enjuiciado en EE.UU.<\/p><\/div>\n<\/div>\n<\/figure>\n<div class=\"bbc-19j92fr ebmt73l0\" dir=\"ltr\">\n<h2 tabindex=\"-1\"><\/h2>\n<h2 id=\"De-qu\u00e9-fue-acusado\" class=\"bbc-1f03ibc eglt09e0\" tabindex=\"-1\">\u00bfDe qu\u00e9 fue acusado?<\/h2>\n<\/div>\n<div class=\"bbc-19j92fr ebmt73l0\" dir=\"ltr\">\n<p class=\"bbc-hhl7in e17g058b0\" dir=\"ltr\">El juicio a Garc\u00eda Luna fue precedido por otro en el mismo tribunal, ante el mismo juez Cogan, contra Joaqu\u00edn &#8220;el Chapo&#8221; Guzm\u00e1n, exl\u00edder del cartel de Sinaloa condenado a cadena perpetua en 2019.<\/p>\n<\/div>\n<div class=\"bbc-19j92fr ebmt73l0\" dir=\"ltr\">\n<p class=\"bbc-hhl7in e17g058b0\" dir=\"ltr\">De ese proceso salieron algunos de los testimonios que\u00a0vincularon a Garc\u00eda Luna con las actividades de ese cartel\u00a0cuando era secretario de Seguridad P\u00fablica.<\/p>\n<\/div>\n<div class=\"bbc-19j92fr ebmt73l0\" dir=\"ltr\">\n<p class=\"bbc-hhl7in e17g058b0\" dir=\"ltr\">Un exmiembro del cartel de Sinaloa declar\u00f3 que se hab\u00eda encargado de\u00a0entregar maletas a Garc\u00eda Luna con al menos US$6 millones en efectivo en 2005, 2006 y 2007.<\/p>\n<\/div>\n<div class=\"bbc-19j92fr ebmt73l0\" dir=\"ltr\">\n<p class=\"bbc-hhl7in e17g058b0\" dir=\"ltr\">Los fiscales alegaron que acept\u00f3 el dinero para\u00a0facilitar la entrada de toneladas de coca\u00edna\u00a0que el cartel de Guzm\u00e1n introdujo en EE.UU. entre 2001 y 2012.<\/p>\n<\/div>\n<div class=\"bbc-19j92fr ebmt73l0\" dir=\"ltr\">\n<p class=\"bbc-hhl7in e17g058b0\" dir=\"ltr\">Seg\u00fan la Fiscal\u00eda, Garc\u00eda Luna acord\u00f3\u00a0no interferir en los env\u00edos de droga, revelar informaci\u00f3n a los traficantes sobre operaciones de control, eliminar a miembros de carteles rivales y colocar a otros funcionarios corruptos en posiciones de poder.<\/p>\n<\/div>\n<div class=\"bbc-19j92fr ebmt73l0\" dir=\"ltr\">\n<p class=\"bbc-hhl7in e17g058b0\" dir=\"ltr\">Seg\u00fan la acusaci\u00f3n, Garc\u00eda Luna se convirti\u00f3 en miembro de la organizaci\u00f3n desde enero 2001.<\/p>\n<\/div>\n<div class=\"bbc-19j92fr ebmt73l0\" dir=\"ltr\">\n<p class=\"bbc-hhl7in e17g058b0\" dir=\"ltr\">En total, enfrentaba cinco cargos: tres por conspiraci\u00f3n de narcotr\u00e1fico, uno por pertenencia continuada a organizaci\u00f3n criminal y otro por emitir declaraciones falsas a las autoridades estadounidenses cuando solicit\u00f3 la ciudadan\u00eda de ese pa\u00eds en 2018.<\/p>\n<p dir=\"ltr\">\n<\/div>\n<figure class=\"bbc-1qn0xuy\">\n<div class=\"bbc-18ywsw9\">\n<div style=\"width: 680px\" class=\"wp-caption alignnone\"><img loading=\"lazy\" decoding=\"async\" class=\"bbc-139onq\" src=\"https:\/\/ichef.bbci.co.uk\/ace\/ws\/640\/cpsprodpb\/c00e\/live\/c7b5deb0-8bf8-11ef-93ff-f7ebb0faaff2.jpg.webp\" alt=\"Genaro Garc\u00eda Luna y Felipe Calder\u00f3n\" width=\"670\" height=\"377\" \/><p class=\"wp-caption-text\">Fuente de la imagen,Getty Images.\u00a0Garc\u00eda Luna fue el brazo derecho del presidente Calder\u00f3n en su estrategia contra el narco.<\/p><\/div>\n<\/div>\n<\/figure>\n<div class=\"bbc-19j92fr ebmt73l0\" dir=\"ltr\">\n<p dir=\"ltr\">\n<p dir=\"ltr\">\n<p class=\"bbc-hhl7in e17g058b0\" dir=\"ltr\">Garc\u00eda Luna tuvo un r\u00e1pido ascenso en los organismos de seguridad p\u00fablica e inteligencia de M\u00e9xico.<\/p>\n<\/div>\n<div class=\"bbc-19j92fr ebmt73l0\" dir=\"ltr\">\n<p class=\"bbc-hhl7in e17g058b0\" dir=\"ltr\">Ingeniero de formaci\u00f3n, Garc\u00eda Luna fue reclutado en 1989 como investigador del desaparecido Centro de Investigaci\u00f3n y Seguridad Nacional (Cisen), el \u00e1rea de Inteligencia de la Secretar\u00eda de Gobernaci\u00f3n mexicana.<\/p>\n<\/div>\n<div class=\"bbc-19j92fr ebmt73l0\" dir=\"ltr\">\n<p class=\"bbc-hhl7in e17g058b0\" dir=\"ltr\">En sus primeros a\u00f1os en el Cisen se encarg\u00f3 de\u00a0monitorear la actividad de los grupos guerrilleros activos\u00a0en M\u00e9xico, especializ\u00e1ndose posteriormente en el combate a bandas de secuestradores.<\/p>\n<\/div>\n<div class=\"bbc-19j92fr ebmt73l0\" dir=\"ltr\">\n<p class=\"bbc-hhl7in e17g058b0\" dir=\"ltr\">Sus conocidos de la \u00e9poca cuentan que Garc\u00eda Luna logr\u00f3 el rescate de varios personajes importantes, sobre todo empresarios que a\u00f1os despu\u00e9s lo ayudaron en su carrera en el gobierno.<\/p>\n<\/div>\n<div class=\"bbc-19j92fr ebmt73l0\" dir=\"ltr\">\n<p class=\"bbc-hhl7in e17g058b0\" dir=\"ltr\">Del Cisen pas\u00f3 a la Polic\u00eda Federal Preventiva y de all\u00ed a la Agencia Federal de Investigaci\u00f3n, dos corporaciones que desaparecieron cuando Garc\u00eda Luna se encarg\u00f3 de la\u00a0Secretar\u00eda de Seguridad P\u00fablica a partir de 2006.<\/p>\n<\/div>\n<div class=\"bbc-19j92fr ebmt73l0\" dir=\"ltr\">\n<p class=\"bbc-hhl7in e17g058b0\" dir=\"ltr\">Fue desde ese puesto que Garc\u00eda Luna impuls\u00f3 la &#8220;guerra contra el narco&#8221; que inclu\u00eda la participaci\u00f3n del ej\u00e9rcito y que, seg\u00fan algunas estimaciones,\u00a0dej\u00f3 m\u00e1s de 250.000 muertos en M\u00e9xico.<\/p>\n<\/div>\n<div class=\"bbc-19j92fr ebmt73l0\" dir=\"ltr\">\n<p class=\"bbc-hhl7in e17g058b0\" dir=\"ltr\">Al t\u00e9rmino de la administraci\u00f3n de Calder\u00f3n en 2012, Garc\u00eda Luna se mud\u00f3 al estado de Florida, en EE.UU. All\u00ed residi\u00f3 hasta su detenci\u00f3n en Texas en diciembre de 2019.<\/p>\n<\/div>\n","protected":false},"excerpt":{"rendered":"<p>&nbsp; &nbsp; Genaro Garc\u00eda Luna, el exjefe de Seguridad P\u00fablica de M\u00e9xico, fue condenado este mi\u00e9rcoles a 38 a\u00f1os y 8 meses de prisi\u00f3n en&hellip;<\/p>\n","protected":false},"author":99,"featured_media":523005,"comment_status":"open","ping_status":"open","sticky":false,"template":"","format":"standard","meta":{"footnotes":""},"categories":[23],"tags":[],"class_list":["post-523004","post","type-post","status-publish","format-standard","has-post-thumbnail","hentry","category-latinoamerica"],"_links":{"self":[{"href":"https:\/\/diarioelpopular.com\/index.php\/wp-json\/wp\/v2\/posts\/523004","targetHints":{"allow":["GET"]}}],"collection":[{"href":"https:\/\/diarioelpopular.com\/index.php\/wp-json\/wp\/v2\/posts"}],"about":[{"href":"https:\/\/diarioelpopular.com\/index.php\/wp-json\/wp\/v2\/types\/post"}],"author":[{"embeddable":true,"href":"https:\/\/diarioelpopular.com\/index.php\/wp-json\/wp\/v2\/users\/99"}],"replies":[{"embeddable":true,"href":"https:\/\/diarioelpopular.com\/index.php\/wp-json\/wp\/v2\/comments?post=523004"}],"version-history":[{"count":1,"href":"https:\/\/diarioelpopular.com\/index.php\/wp-json\/wp\/v2\/posts\/523004\/revisions"}],"predecessor-version":[{"id":523006,"href":"https:\/\/diarioelpopular.com\/index.php\/wp-json\/wp\/v2\/posts\/523004\/revisions\/523006"}],"wp:featuredmedia":[{"embeddable":true,"href":"https:\/\/diarioelpopular.com\/index.php\/wp-json\/wp\/v2\/media\/523005"}],"wp:attachment":[{"href":"https:\/\/diarioelpopular.com\/index.php\/wp-json\/wp\/v2\/media?parent=523004"}],"wp:term":[{"taxonomy":"category","embeddable":true,"href":"https:\/\/diarioelpopular.com\/index.php\/wp-json\/wp\/v2\/categories?post=523004"},{"taxonomy":"post_tag","embeddable":true,"href":"https:\/\/diarioelpopular.com\/index.php\/wp-json\/wp\/v2\/tags?post=523004"}],"curies":[{"name":"wp","href":"https:\/\/api.w.org\/{rel}","templated":true}]}}