{"id":523008,"date":"2024-10-17T10:08:23","date_gmt":"2024-10-17T14:08:23","guid":{"rendered":"https:\/\/diarioelpopular.com\/?p=523008"},"modified":"2024-10-17T10:08:23","modified_gmt":"2024-10-17T14:08:23","slug":"el-consejo-de-seguridad-de-la-onu-el-fmi-y-el-banco-mundial-que-nos-sirvieron-durante-decadas-estan-resultando-ser-anacronicos-en-esta-epoca-de-turbulencias-y-amenazas-existenciales","status":"publish","type":"post","link":"https:\/\/diarioelpopular.com\/index.php\/2024\/10\/17\/el-consejo-de-seguridad-de-la-onu-el-fmi-y-el-banco-mundial-que-nos-sirvieron-durante-decadas-estan-resultando-ser-anacronicos-en-esta-epoca-de-turbulencias-y-amenazas-existenciales\/","title":{"rendered":"&#8220;El Consejo de Seguridad de la ONU, el FMI y el Banco Mundial, que nos sirvieron durante d\u00e9cadas, est\u00e1n resultando ser anacr\u00f3nicos en esta \u00e9poca de turbulencias y amenazas existenciales&#8221;"},"content":{"rendered":"<div id=\"attachment_523009\" style=\"width: 646px\" class=\"wp-caption alignnone\"><img loading=\"lazy\" decoding=\"async\" aria-describedby=\"caption-attachment-523009\" class=\"wp-image-523009 size-custom-full-size\" src=\"https:\/\/diarioelpopular.com\/wp-content\/uploads\/2024\/10\/Screen-Shot-2024-10-17-at-10.07.45-AM-636x360.png\" alt=\"\" width=\"636\" height=\"360\" srcset=\"https:\/\/diarioelpopular.com\/wp-content\/uploads\/2024\/10\/Screen-Shot-2024-10-17-at-10.07.45-AM-636x360.png 636w, https:\/\/diarioelpopular.com\/wp-content\/uploads\/2024\/10\/Screen-Shot-2024-10-17-at-10.07.45-AM-300x170.png 300w, https:\/\/diarioelpopular.com\/wp-content\/uploads\/2024\/10\/Screen-Shot-2024-10-17-at-10.07.45-AM-768x434.png 768w, https:\/\/diarioelpopular.com\/wp-content\/uploads\/2024\/10\/Screen-Shot-2024-10-17-at-10.07.45-AM-129x73.png 129w, https:\/\/diarioelpopular.com\/wp-content\/uploads\/2024\/10\/Screen-Shot-2024-10-17-at-10.07.45-AM.png 1024w\" sizes=\"auto, (max-width: 636px) 100vw, 636px\" \/><p id=\"caption-attachment-523009\" class=\"wp-caption-text\">Stephen Heintz es el autor de &#8220;Una l\u00f3gica para el futuro&#8221;, un reciente ensayo donde plantea la necesidad de adaptar el sistema internacional al mundo del siglo XXI.<\/p><\/div>\n<p>&nbsp;<\/p>\n<p>&nbsp;<\/p>\n<div class=\"bbc-19j92fr ebmt73l0\" dir=\"ltr\">\n<ul>\n<li class=\"bbc-hhl7in e17g058b0\" dir=\"ltr\"><em><b>\u00bfTienen algo en com\u00fan las guerras en Ucrania y Medio Oriente con la creciente competencia entre Estados Unidos y China, la crisis clim\u00e1tica y los retos de nuevas tecnolog\u00edas como la inteligencia artificial?<\/b><\/em><\/li>\n<\/ul>\n<\/div>\n<div class=\"bbc-19j92fr ebmt73l0\" dir=\"ltr\">\n<p dir=\"ltr\">\n<p dir=\"ltr\">\n<p class=\"bbc-hhl7in e17g058b0\" dir=\"ltr\">Stephen Heintz, presidente de la organizaci\u00f3n filantr\u00f3pica Rockefeller Brothers Fund, cree que s\u00ed: a su juicio, todos esos problemas desnudan la ineficacia en el mundo actual del sistema internacional creado tras la Segunda Guerra Mundial.<\/p>\n<\/div>\n<div class=\"bbc-19j92fr ebmt73l0\" dir=\"ltr\">\n<p class=\"bbc-hhl7in e17g058b0\" dir=\"ltr\">Instituciones que ayudaron a resolver desaf\u00edos globales durante d\u00e9cadas, como el Consejo de Seguridad de las Naciones Unidas, el Banco Mundial o el Fondo Monetario Internacional, \u201cest\u00e1n resultando ser fr\u00e1giles, burocr\u00e1ticas, anacr\u00f3nicas y, en algunos casos, hasta obsoletas\u201d, se\u00f1ala Heintz en una entrevista con la BBC.<\/p>\n<\/div>\n<div class=\"bbc-19j92fr ebmt73l0\" dir=\"ltr\">\n<p class=\"bbc-hhl7in e17g058b0\" dir=\"ltr\">Tambi\u00e9n miembro del Council on Foreign Relations, un centro de an\u00e1lisis independiente de pol\u00edtica exterior en Nueva York, Heintz plantea adaptar el sistema internacional con EE.UU. tomando la iniciativa (aunque sus pr\u00f3ximas elecciones sean cruciales) y dando m\u00e1s peso a regiones como Am\u00e9rica Latina o Asia.<\/p>\n<\/div>\n<section class=\"bbc-geybui\" role=\"region\" aria-label=\"Publicidad 2\" aria-hidden=\"true\" data-e2e=\"advertisement\"><\/section>\n<div class=\"bbc-19j92fr ebmt73l0\" dir=\"ltr\">\n<p class=\"bbc-hhl7in e17g058b0\" dir=\"ltr\">Lo que sigue es una s\u00edntesis del di\u00e1logo telef\u00f3nico con este estadounidense que encabeza una fundaci\u00f3n familiar privada creada en 1940 y dotada de unos US$1.200 millones con el objetivo establecido de \u201cpromover el cambio social para un mundo m\u00e1s justo, sostenible y pac\u00edfico\u201d:<\/p>\n<\/div>\n<div class=\"bbc-1n4f7vm ebmt73l0\" dir=\"ltr\"><\/div>\n<figure class=\"bbc-1qn0xuy\">\n<div class=\"bbc-18ywsw9\"><img loading=\"lazy\" decoding=\"async\" class=\"bbc-139onq\" src=\"https:\/\/ichef.bbci.co.uk\/ace\/ws\/640\/cpsprodpb\/6fcc\/live\/da5ef8d0-8b26-11ef-b6b0-c9af5f7f16e4.png.webp\" sizes=\"auto, (min-width: 1008px) 760px, 100vw\" srcset=\"https:\/\/ichef.bbci.co.uk\/ace\/ws\/240\/cpsprodpb\/6fcc\/live\/da5ef8d0-8b26-11ef-b6b0-c9af5f7f16e4.png.webp 240w, https:\/\/ichef.bbci.co.uk\/ace\/ws\/320\/cpsprodpb\/6fcc\/live\/da5ef8d0-8b26-11ef-b6b0-c9af5f7f16e4.png.webp 320w, https:\/\/ichef.bbci.co.uk\/ace\/ws\/480\/cpsprodpb\/6fcc\/live\/da5ef8d0-8b26-11ef-b6b0-c9af5f7f16e4.png.webp 480w, https:\/\/ichef.bbci.co.uk\/ace\/ws\/624\/cpsprodpb\/6fcc\/live\/da5ef8d0-8b26-11ef-b6b0-c9af5f7f16e4.png.webp 624w, https:\/\/ichef.bbci.co.uk\/ace\/ws\/800\/cpsprodpb\/6fcc\/live\/da5ef8d0-8b26-11ef-b6b0-c9af5f7f16e4.png.webp 800w\" alt=\"L\u00ednea gris\" width=\"800\" height=\"100\" \/><\/div>\n<\/figure>\n<div class=\"bbc-19j92fr ebmt73l0\" dir=\"ltr\">\n<p class=\"bbc-hhl7in e17g058b0\" dir=\"ltr\"><b>En un ensayo que public\u00f3 recientemente, titulado \u201cUna l\u00f3gica para el futuro\u201d, sostiene que el mundo pasa por \u201cuna \u00e9poca de excepcional complejidad y turbulencia\u201d. Pero lo mismo podr\u00eda decirse de otros per\u00edodos de la historia. Entonces, \u00bfcu\u00e1n excepcional este momento?<\/b><\/p>\n<\/div>\n<div class=\"bbc-19j92fr ebmt73l0\" dir=\"ltr\">\n<p class=\"bbc-hhl7in e17g058b0\" dir=\"ltr\">Es cierto, la historia de la humanidad se cuenta a menudo como periodos de turbulencias: la peste, la guerra, etc\u00e9tera. Pero creo que lo que distingue a esta turbulencia es que enfrentamos en simult\u00e1neo la posibilidad de tres amenazas potencialmente existenciales.<\/p>\n<\/div>\n<div class=\"bbc-19j92fr ebmt73l0\" dir=\"ltr\">\n<p class=\"bbc-hhl7in e17g058b0\" dir=\"ltr\">La primera es la aceleraci\u00f3n de la crisis clim\u00e1tica. La segunda es una nueva carrera armament\u00edstica nuclear entre EE.UU., China y Rusia. Y la tercera es la llegada de tecnolog\u00edas potencialmente hiperdisruptivas como la inteligencia artificial, as\u00ed como las biotecnolog\u00edas y las nanotecnolog\u00edas.<\/p>\n<\/div>\n<div class=\"bbc-19j92fr ebmt73l0\" dir=\"ltr\">\n<p class=\"bbc-hhl7in e17g058b0\" dir=\"ltr\">Al superponer esos fen\u00f3menos con un mundo que ya experimenta grandes turbulencias, creo que tenemos una serie de circunstancias diferentes a las de antes en nuestras vidas, y probablemente en la era moderna.<\/p>\n<\/div>\n<div class=\"bbc-19j92fr ebmt73l0\" dir=\"ltr\">\n<p class=\"bbc-hhl7in e17g058b0\" dir=\"ltr\"><b>\u00bfY c\u00f3mo se relacionan estos problemas con las instituciones internacionales?<\/b><\/p>\n<\/div>\n<div class=\"bbc-19j92fr ebmt73l0\" dir=\"ltr\">\n<p class=\"bbc-hhl7in e17g058b0\" dir=\"ltr\">Creo que demuestran que las instituciones internacionales creadas esencialmente al final de la Segunda Guerra Mundial, que nos sirvieron bastante bien durante muchas d\u00e9cadas, ya no son tan eficaces como necesitamos que sean: est\u00e1n resultando ser fr\u00e1giles, burocr\u00e1ticas, anacr\u00f3nicas y, en algunos casos, hasta obsoletas.<\/p>\n<\/div>\n<div class=\"bbc-19j92fr ebmt73l0\" dir=\"ltr\">\n<p class=\"bbc-hhl7in e17g058b0\" dir=\"ltr\">Esta \u00e9poca de turbulencias y amenazas existenciales nos exige que volvamos a examinar esas instituciones internacionales y crear el sistema que necesitamos.<\/p>\n<\/div>\n<div class=\"bbc-19j92fr ebmt73l0\" dir=\"ltr\">\n<p class=\"bbc-hhl7in e17g058b0\" dir=\"ltr\"><b>\u00bfLas guerras en Ucrania y Oriente Medio tambi\u00e9n ejemplifican ese &#8220;anacronismo&#8221; de instituciones internacionales?<\/b><\/p>\n<\/div>\n<div class=\"bbc-19j92fr ebmt73l0\" dir=\"ltr\">\n<p class=\"bbc-hhl7in e17g058b0\" dir=\"ltr\">Me temo que s\u00ed. Creo que han demostrado que algunas de las instituciones fundamentales del sistema internacional son, por su construcci\u00f3n, defectuosas a la hora de gestionar el tipo de riesgos y amenazas para la seguridad que representan estas dos guerras.<\/p>\n<p dir=\"ltr\">\n<\/div>\n<figure class=\"bbc-1qn0xuy\">\n<div class=\"bbc-18ywsw9\">\n<div style=\"width: 3510px\" class=\"wp-caption alignnone\"><img loading=\"lazy\" decoding=\"async\" class=\"bbc-139onq\" src=\"https:\/\/ichef.bbci.co.uk\/ace\/ws\/640\/cpsprodpb\/9f83\/live\/efa736b0-8b37-11ef-8936-1185f9e7d044.jpg.webp\" alt=\"Un soldado ucraniano ondea la bancera de su pa\u00eds sobre un veh\u00edculo blindado.\" width=\"3500\" height=\"2336\" \/><p class=\"wp-caption-text\">Fuente de la imagen,Getty Images.\u00a0&#8220;Tenemos esta guerra en Ucrania y no podemos contar con que el Consejo de Seguridad de la ONU intervenga&#8221;, advierte Heintz.<\/p><\/div>\n<\/div>\n<\/figure>\n<div class=\"bbc-19j92fr ebmt73l0\" dir=\"ltr\">\n<p dir=\"ltr\">\n<p dir=\"ltr\">\n<p class=\"bbc-hhl7in e17g058b0\" dir=\"ltr\">El derecho internacional, que es la base del sistema internacional, proh\u00edbe la agresi\u00f3n de un Estado contra otro. Pero tenemos esta guerra en Ucrania y no podemos contar con que el Consejo de Seguridad de la ONU intervenga, porque la forma en que se construy\u00f3 en 1945 da un privilegio de veto a uno de los combatientes en esta guerra: el Estado de Rusia.<\/p>\n<\/div>\n<div class=\"bbc-19j92fr ebmt73l0\" dir=\"ltr\">\n<p class=\"bbc-hhl7in e17g058b0\" dir=\"ltr\">Ese es un claro ejemplo de que el sistema actual no responde al tipo de amenazas que enfrentamos hoy.<\/p>\n<\/div>\n<div class=\"bbc-19j92fr ebmt73l0\" dir=\"ltr\">\n<p class=\"bbc-hhl7in e17g058b0\" dir=\"ltr\">Lo mismo puede decirse de la Corte Internacional de Justicia, que es una de las principales instituciones de la ONU: aunque ha emitido dict\u00e1menes sobre la guerra de Gaza, no ha cambiado el desarrollo de esa guerra.<\/p>\n<\/div>\n<div class=\"bbc-19j92fr ebmt73l0\" dir=\"ltr\">\n<p class=\"bbc-hhl7in e17g058b0\" dir=\"ltr\">En ambos casos se sacrifican vidas humanas a cada hora, sigue la destrucci\u00f3n y la devastaci\u00f3n sin que se vislumbre un final. Y las instituciones internacionales creadas para preservar la paz o crear paz en tiempos de conflicto parecen impotentes para tener impacto.<\/p>\n<\/div>\n<div class=\"bbc-19j92fr ebmt73l0\" dir=\"ltr\">\n<p class=\"bbc-hhl7in e17g058b0\" dir=\"ltr\"><b>Alguien podr\u00eda argumentar que las instituciones internacionales del siglo XX que critica han ayudado hasta ahora a evitar una nueva guerra mundial y a identificar varios retos para el futuro. \u00bfQu\u00e9 responder\u00eda?<\/b><\/p>\n<\/div>\n<div class=\"bbc-19j92fr ebmt73l0\" dir=\"ltr\">\n<p class=\"bbc-hhl7in e17g058b0\" dir=\"ltr\">Es cierto, las instituciones han funcionado bien durante bastante tiempo y en determinadas condiciones. Pero creo que las condiciones de este nuevo periodo que considero una era de turbulencias est\u00e1n demostrando que ya no son tan eficaces como antes.<\/p>\n<\/div>\n<div class=\"bbc-19j92fr ebmt73l0\" dir=\"ltr\">\n<p class=\"bbc-hhl7in e17g058b0\" dir=\"ltr\">Por cierto, creo que todav\u00eda nos enfrentamos de una forma muy preocupante a la perspectiva de una nueva guerra mundial, con los desaf\u00edos existenciales que mencion\u00e9 y la posibilidad del uso de armas nucleares, algo de lo que se habla en el caso de la guerra de Ucrania.<\/p>\n<\/div>\n<div class=\"bbc-19j92fr ebmt73l0\" dir=\"ltr\">\n<p class=\"bbc-hhl7in e17g058b0\" dir=\"ltr\">As\u00ed que s\u00ed, las instituciones han ayudado a evitar una tercera guerra mundial hasta ahora. Pero, \u00bfson capaces de evitar una tercera guerra mundial en las pr\u00f3ximas d\u00e9cadas? No estoy convencido de que lo sean.<\/p>\n<\/div>\n<div class=\"bbc-19j92fr ebmt73l0\" dir=\"ltr\">\n<p class=\"bbc-hhl7in e17g058b0\" dir=\"ltr\"><b>Ha criticado las \u201cgrandes burocracias\u201d del sistema internacional, en particular en el seno de la ONU. \u00bfQu\u00e9 importancia tienen estas burocracias para entender la ineficacia de las instituciones multilaterales?<\/b><\/p>\n<\/div>\n<div class=\"bbc-19j92fr ebmt73l0\" dir=\"ltr\">\n<p class=\"bbc-hhl7in e17g058b0\" dir=\"ltr\">Son importantes. Creo en las instituciones y entiendo que, por su propia naturaleza, las instituciones tendr\u00e1n burocracia. Pero digo que, en este mundo acelerado en que vivimos, necesitamos instrumentos de toma de decisiones y de ejecuci\u00f3n m\u00e1s flexibles, m\u00e1s \u00e1giles y capaces de responder r\u00e1pido a circunstancias cambiantes.<\/p>\n<\/div>\n<div class=\"bbc-19j92fr ebmt73l0\" dir=\"ltr\">\n<p class=\"bbc-hhl7in e17g058b0\" dir=\"ltr\">Tenemos que crear un ecosistema que complemente las instituciones y burocracias existentes con estas otras formas de intervenci\u00f3n que, coordinadas, puedan ayudarnos a gestionar con \u00e9xito todos estos desaf\u00edos.<\/p>\n<\/div>\n<div class=\"bbc-19j92fr ebmt73l0\" dir=\"ltr\">\n<p class=\"bbc-hhl7in e17g058b0\" dir=\"ltr\"><b>\u00bfSe refiere a adaptar las instituciones multilaterales existentes o a crear un sistema totalmente nuevo de organizaciones internacionales?<\/b><\/p>\n<\/div>\n<div class=\"bbc-19j92fr ebmt73l0\" dir=\"ltr\">\n<p class=\"bbc-hhl7in e17g058b0\" dir=\"ltr\">Se trata de adaptar las instituciones multilaterales existentes y tambi\u00e9n de crear algunas instituciones y redes nuevas que puedan complementarlas.<\/p>\n<\/div>\n<div class=\"bbc-19j92fr ebmt73l0\" dir=\"ltr\">\n<p class=\"bbc-hhl7in e17g058b0\" dir=\"ltr\">No planteo un cambio radical en el que abandonemos las instituciones de las Naciones Unidas y las instituciones financieras internacionales de Bretton Woods posteriores a la Segunda Guerra Mundial.<\/p>\n<p dir=\"ltr\">\n<\/div>\n<figure class=\"bbc-1qn0xuy\">\n<div class=\"bbc-18ywsw9\">\n<div style=\"width: 3010px\" class=\"wp-caption alignnone\"><img loading=\"lazy\" decoding=\"async\" class=\"bbc-139onq\" src=\"https:\/\/ichef.bbci.co.uk\/ace\/ws\/640\/cpsprodpb\/d9dd\/live\/1c270250-8b39-11ef-b6b0-c9af5f7f16e4.jpg.webp\" alt=\"Vista de la sede de la Asamblea General de la ONU\" width=\"3000\" height=\"1828\" \/><p class=\"wp-caption-text\">Fuente de la imagen,Getty Images.\u00a0Heintz propone realizar &#8220;reformas profundas&#8221; dentro de la ONU y de instituciones financieras internacionales como el Banco Mundial y el FMI.<\/p><\/div>\n<\/div>\n<\/figure>\n<div class=\"bbc-19j92fr ebmt73l0\" dir=\"ltr\">\n<p dir=\"ltr\">\n<p dir=\"ltr\">\n<p class=\"bbc-hhl7in e17g058b0\" dir=\"ltr\">Digo que necesitan algunas reformas profundas y que precisamos otros mecanismos que, en combinaci\u00f3n, hagan un sistema internacional para este siglo que pueda ayudarnos a crear paz, un planeta sostenible y una prosperidad compartida de forma m\u00e1s amplia.<\/p>\n<\/div>\n<div class=\"bbc-19j92fr ebmt73l0\" dir=\"ltr\">\n<p class=\"bbc-hhl7in e17g058b0\" dir=\"ltr\"><b>En su ensayo, sugiere rehacer las Naciones Unidas, pero tambi\u00e9n admite que reformar instituciones como su Consejo de Seguridad es improbable dadas las propias limitaciones establecidas por la Carta de la ONU. \u00bfCu\u00e1l ser\u00eda entonces el camino a seguir?<\/b><\/p>\n<\/div>\n<div class=\"bbc-19j92fr ebmt73l0\" dir=\"ltr\">\n<p class=\"bbc-hhl7in e17g058b0\" dir=\"ltr\">Hay dos formas de avanzar. Me alienta la Cumbre del Futuro realizada junto a la Asamblea General de la ONU hace unas semanas. El pacto que adoptaron los Estados miembro tras un arduo proceso de negociaci\u00f3n es un hito. No es tan ambicioso como muchos prefer\u00edamos, pero es un documento con mucha visi\u00f3n de futuro, que incluye un compromiso de los Estados miembro con cambios en la composici\u00f3n del Consejo de Seguridad. Es un buen punto de partida.<\/p>\n<\/div>\n<div class=\"bbc-19j92fr ebmt73l0\" dir=\"ltr\">\n<p class=\"bbc-hhl7in e17g058b0\" dir=\"ltr\">Desde Am\u00e9rica Latina, el presidente brasile\u00f1o Lula se\u00f1al\u00f3 ante la Asamblea General la necesidad de considerar la reforma de la Carta de la ONU. Y que el presidente de un pa\u00eds importante de Am\u00e9rica plantee este argumento es un hito en s\u00ed mismo. Creo que tiene raz\u00f3n. Ser\u00e1 un proceso de negociaci\u00f3n a lo largo de a\u00f1os, pero debe comenzar.<\/p>\n<\/div>\n<div class=\"bbc-19j92fr ebmt73l0\" dir=\"ltr\">\n<p class=\"bbc-hhl7in e17g058b0\" dir=\"ltr\"><b>Tambi\u00e9n aboga por un \u201creparto m\u00e1s equitativo del poder\u201d en el sistema internacional, adaptando la gobernanza de instituciones como el Banco Mundial o el Fondo Monetario Internacional. Son cosas que varios pa\u00edses en desarrollo reclaman desde hace tiempo. \u00bfD\u00f3nde est\u00e1 la clave para lograrlo<\/b><\/p>\n<\/div>\n<div class=\"bbc-19j92fr ebmt73l0\" dir=\"ltr\">\n<p class=\"bbc-hhl7in e17g058b0\" dir=\"ltr\">La clave est\u00e1 en convencer a las grandes potencias de que lleg\u00f3 la hora de compartir el poder.<\/p>\n<\/div>\n<div class=\"bbc-19j92fr ebmt73l0\" dir=\"ltr\">\n<p class=\"bbc-hhl7in e17g058b0\" dir=\"ltr\">Como estadounidense, dir\u00eda que el cambio m\u00e1s importante tiene que producirse en la pol\u00edtica de EE.UU. En el gobierno de Biden hemos visto algunas se\u00f1ales de movimiento en esta direcci\u00f3n, pero no tan dr\u00e1sticas como quisiera.<\/p>\n<\/div>\n<div class=\"bbc-19j92fr ebmt73l0\" dir=\"ltr\">\n<p class=\"bbc-hhl7in e17g058b0\" dir=\"ltr\">Sin un liderazgo de EE.UU. se\u00f1alando que vivimos en una realidad multipolar a la cual tenemos que adaptar nuestras instituciones internacionales, tomando la iniciativa y ajustando su propia participaci\u00f3n en esos sistemas, no llegaremos tan r\u00e1pido como precisamos.<\/p>\n<\/div>\n<div class=\"bbc-19j92fr ebmt73l0\" dir=\"ltr\">\n<p class=\"bbc-hhl7in e17g058b0\" dir=\"ltr\"><b>\u00bfQu\u00e9 papel deber\u00edan desempe\u00f1ar regiones como Am\u00e9rica Latina en el nuevo orden internacional?<\/b><\/p>\n<\/div>\n<div class=\"bbc-19j92fr ebmt73l0\" dir=\"ltr\">\n<p class=\"bbc-hhl7in e17g058b0\" dir=\"ltr\">Mucha gente llama \u201csur global\u201d a Am\u00e9rica Latina, \u00c1frica y Asia. Yo prefiero llamarles \u201cmayor\u00eda global\u201d, porque tienen 6.500 millones de seres humanos, la mayor\u00eda del planeta.<\/p>\n<\/div>\n<div class=\"bbc-19j92fr ebmt73l0\" dir=\"ltr\">\n<p class=\"bbc-hhl7in e17g058b0\" dir=\"ltr\">Tenemos que dar a los pa\u00edses de esa mayor\u00eda global m\u00e1s voz en los asuntos internacionales y m\u00e1s beneficios en el resultado gestionar los retos globales.<\/p>\n<p dir=\"ltr\">\n<\/div>\n<figure class=\"bbc-1qn0xuy\">\n<div class=\"bbc-18ywsw9\">\n<div style=\"width: 6010px\" class=\"wp-caption alignnone\"><img loading=\"lazy\" decoding=\"async\" class=\"bbc-139onq\" src=\"https:\/\/ichef.bbci.co.uk\/ace\/ws\/640\/cpsprodpb\/684b\/live\/1b8e9d70-8b3a-11ef-8936-1185f9e7d044.jpg.webp\" alt=\"Lula habla ante la Asamblea General de la ONU\" width=\"6000\" height=\"3999\" \/><p class=\"wp-caption-text\">Fuente de la imagen,Getty Images.\u00a0Que el presidente brasile\u00f1o Lula da Silva planteara en la \u00faltima Asamblea General de la ONU revisar la Carta de la organizaci\u00f3n &#8220;es un hito en s\u00ed mismo&#8221;, dice Heintz.<\/p><\/div>\n<\/div>\n<\/figure>\n<div class=\"bbc-19j92fr ebmt73l0\" dir=\"ltr\">\n<p dir=\"ltr\">\n<p dir=\"ltr\">\n<p class=\"bbc-hhl7in e17g058b0\" dir=\"ltr\">Si no est\u00e1n adecuadamente representados en las instituciones y no tienen una voz poderosa en la mesa, es menos probable que se beneficien de la toma de decisiones.<\/p>\n<\/div>\n<div class=\"bbc-19j92fr ebmt73l0\" dir=\"ltr\">\n<p class=\"bbc-hhl7in e17g058b0\" dir=\"ltr\"><b>Se\u00f1ala que nuevas tecnolog\u00edas como la inteligencia artificial son parte de las amenazas potencialmente existenciales que existen. \u00bfDeber\u00edamos enfrentarlas a nivel mundial con nueva legislaci\u00f3n o nuevas instituciones?<\/b><\/p>\n<\/div>\n<div class=\"bbc-19j92fr ebmt73l0\" dir=\"ltr\">\n<p class=\"bbc-hhl7in e17g058b0\" dir=\"ltr\">Puede requerir ambas cosas. En cierto modo, la civilizaci\u00f3n humana ha tenido una historia de adaptaci\u00f3n a nuevas tecnolog\u00edas sin restricciones, con una excepci\u00f3n: la energ\u00eda nuclear.<\/p>\n<\/div>\n<div class=\"bbc-19j92fr ebmt73l0\" dir=\"ltr\">\n<p class=\"bbc-hhl7in e17g058b0\" dir=\"ltr\">La comunidad mundial se dio cuenta de que ese poder era tan extraordinario y tan potencialmente peligroso que exig\u00eda ser regulado a escala mundial. De hecho, la primera resoluci\u00f3n adoptada por la Asamblea General la ONU fue la creaci\u00f3n del Organismo Internacional de Energ\u00eda At\u00f3mica para ayudar a gobernar y regular el uso de esta poderosa tecnolog\u00eda nuclear, lo que ha hecho desde entonces.<\/p>\n<\/div>\n<div class=\"bbc-19j92fr ebmt73l0\" dir=\"ltr\">\n<p class=\"bbc-hhl7in e17g058b0\" dir=\"ltr\">Las nuevas tecnolog\u00edas como la inteligencia artificial o las biotecnolog\u00edas y las nanotecnolog\u00edas, que tambi\u00e9n tienen el potencial de aportar grandes beneficios o causar grandes da\u00f1os a la vida humana si se utilizan mal, merecen el mismo tipo de normas, regulaciones y quiz\u00e1 marcos institucionales para que aporten beneficios y se minimicen sus riesgos.<\/p>\n<\/div>\n<div class=\"bbc-19j92fr ebmt73l0\" dir=\"ltr\">\n<p class=\"bbc-hhl7in e17g058b0\" dir=\"ltr\"><b>En su ensayo dice que el viejo orden mundial \u201cest\u00e1 muriendo y un nuevo orden exige nacer\u201d. Pero, \u00bfes posible moldearlo antes del desenlace de conflictos en marcha que podr\u00edan involucrar a m\u00e1s pa\u00edses, como las guerras en Ucrania y Medio Oriente?<\/b><\/p>\n<\/div>\n<div class=\"bbc-19j92fr ebmt73l0\" dir=\"ltr\">\n<p class=\"bbc-hhl7in e17g058b0\" dir=\"ltr\">La respuesta directa es que ya vamos tarde en el desarrollo del nuevo orden. Creo que perdimos una oportunidad muy importante al final de la Guerra Fr\u00eda, que deber\u00eda haber se\u00f1alado que est\u00e1bamos entrando en una era muy diferente de grandes posibilidades pero tambi\u00e9n impredecible en muchos aspectos.<\/p>\n<\/div>\n<div class=\"bbc-19j92fr ebmt73l0\" dir=\"ltr\">\n<p class=\"bbc-hhl7in e17g058b0\" dir=\"ltr\">Una diferencia era que EE.UU. ya no iba a poder ser la hegemon\u00eda que fue al final de la Segunda Guerra Mundial.<\/p>\n<\/div>\n<div class=\"bbc-19j92fr ebmt73l0\" dir=\"ltr\">\n<p class=\"bbc-hhl7in e17g058b0\" dir=\"ltr\">Pero seguimos con la vieja l\u00f3gica y las instituciones que se construyeron a partir de ella. Esa l\u00f3gica se encuentra ahora bajo un desaf\u00edo muy dram\u00e1tico, con las guerras que mencionas, la crisis clim\u00e1tica, la migraci\u00f3n masiva de personas que huyen de conflictos y de los efectos devastadores del clima.<\/p>\n<\/div>\n<div class=\"bbc-19j92fr ebmt73l0\" dir=\"ltr\">\n<p class=\"bbc-hhl7in e17g058b0\" dir=\"ltr\">Nos encontramos en una situaci\u00f3n muy urgente, pero el cambio es un proceso lento. Y eso me preocupa profundamente.<\/p>\n<\/div>\n<div class=\"bbc-19j92fr ebmt73l0\" dir=\"ltr\">\n<p class=\"bbc-hhl7in e17g058b0\" dir=\"ltr\"><b>Sostiene que \u201cEE.UU. debe desempe\u00f1ar un papel de liderazgo\u201d en la construcci\u00f3n de un nuevo sistema internacional. Pero, \u00bfdepende esto del resultado de sus pr\u00f3ximas elecciones? Porque muchos gobiernos y analistas consideran que las pol\u00edticas de \u201cAm\u00e9rica primero\u201d de Donald Trump son contrarias al internacionalismo que apoyas\u2026<\/b><\/p>\n<\/div>\n<div class=\"bbc-19j92fr ebmt73l0\" dir=\"ltr\">\n<p class=\"bbc-hhl7in e17g058b0\" dir=\"ltr\">Es una muy buena pregunta. El papel de EE.UU. es absolutamente central en todas estas cuestiones. Y el resultado de esta elecci\u00f3n tendr\u00e1 enormes consecuencias sobre el tipo de papel de EE.UU. desempe\u00f1ar\u00e1 en el mundo.<\/p>\n<\/div>\n<div class=\"bbc-19j92fr ebmt73l0\" dir=\"ltr\">\n<p class=\"bbc-hhl7in e17g058b0\" dir=\"ltr\">Pero no es tan simple como una elecci\u00f3n binaria entre un candidato u otro. Incluso en esta elecci\u00f3n no vemos el debate necesario sobre el papel de EE.UU. en el mundo. As\u00ed que habr\u00e1 trabajo para hacer tanto si resulta electo Donald Trump o la vicepresidenta Kamala Harris.<\/p>\n<p dir=\"ltr\">\n<\/div>\n<figure class=\"bbc-1qn0xuy\">\n<div class=\"bbc-18ywsw9\">\n<div style=\"width: 6864px\" class=\"wp-caption alignnone\"><img loading=\"lazy\" decoding=\"async\" class=\"bbc-139onq\" src=\"https:\/\/ichef.bbci.co.uk\/ace\/ws\/640\/cpsprodpb\/b054\/live\/314743a0-8b3b-11ef-b6b0-c9af5f7f16e4.jpg.webp\" alt=\"Donald Trump y Kamala Harris se saludan con un apret\u00f3n de manos mir\u00e1ndose a los ojos durante su debate de septiembre.\" width=\"6854\" height=\"4569\" \/><p class=\"wp-caption-text\">Fuente de la imagen,AFP.\u00a0El resultado de la elecci\u00f3n entre Trump y Harris &#8220;tendr\u00e1 enormes consecuencias sobre el tipo de papel que EE.UU. desempe\u00f1ar\u00e1 en el mundo&#8221;, dice Heintz.<\/p><\/div>\n<\/div>\n<\/figure>\n<div class=\"bbc-19j92fr ebmt73l0\" dir=\"ltr\">\n<p dir=\"ltr\">\n<p dir=\"ltr\">\n<p class=\"bbc-hhl7in e17g058b0\" dir=\"ltr\">El trabajo puede ser m\u00e1s dif\u00edcil en un escenario que en otro, pero no va a ser f\u00e1cil en ning\u00fan caso. Porque cambiar la forma en que EE.UU. ve su rol en el mundo es un problema que requiere imaginaci\u00f3n y voluntad pol\u00edtica, y eso ser\u00e1 dif\u00edcil sea cual sea el resultado de estas elecciones.<\/p>\n<\/div>\n<div class=\"bbc-19j92fr ebmt73l0\" dir=\"ltr\">\n<p class=\"bbc-hhl7in e17g058b0\" dir=\"ltr\"><b>Todo lo que propone requerir\u00eda como primer paso un clima b\u00e1sico de confianza y cooperaci\u00f3n internacional. Pero el mundo parece ir en otra direcci\u00f3n, con la creciente rivalidad entre grandes potencias econ\u00f3micas como EE.UU y China, el pulso militar de Rusia con Occidente y movimientos nacionalistas que crecen en Europa. \u00bfEs realista o ut\u00f3pico pensar en construir un sistema internacional mejor en estas circunstancias<\/b><\/p>\n<\/div>\n<div class=\"bbc-19j92fr ebmt73l0\" dir=\"ltr\">\n<p class=\"bbc-hhl7in e17g058b0\" dir=\"ltr\">Desde luego hace falta imaginaci\u00f3n y reconozco que algunas de las ideas que he publicado parecer\u00e1n poco realistas, incluso ut\u00f3picas.<\/p>\n<\/div>\n<div class=\"bbc-19j92fr ebmt73l0\" dir=\"ltr\">\n<p class=\"bbc-hhl7in e17g058b0\" dir=\"ltr\">Pero en la historia hay muchos ejemplos en los que era improbable que las cosas cambiaran y las visiones audaces prevalecieran.<\/p>\n<\/div>\n<div class=\"bbc-19j92fr ebmt73l0\" dir=\"ltr\">\n<p class=\"bbc-hhl7in e17g058b0\" dir=\"ltr\">En 1941, cuando Hitler se hab\u00eda apoderado de gran parte de Europa, amenazaba con invadir Reino Unido y EE.UU. a\u00fan no estaba en la guerra, Churchill y Roosevelt se reunieron y emitieron una visi\u00f3n del mundo de posguerra, pese a que no ten\u00edan necesariamente motivos para creer que prevalecer\u00edan. Fue un acto de imaginaci\u00f3n.<\/p>\n<\/div>\n<div class=\"bbc-19j92fr ebmt73l0\" dir=\"ltr\">\n<p class=\"bbc-hhl7in e17g058b0\" dir=\"ltr\">Al final, los Aliados se impusieron y la visi\u00f3n que expusieron en aquella hora oscura de la Segunda Guerra Mundial fue la que luego se desarroll\u00f3 en la Carta y las instituciones de las Naciones Unidas.<\/p>\n<\/div>\n<div class=\"bbc-19j92fr ebmt73l0\" dir=\"ltr\">\n<p class=\"bbc-hhl7in e17g058b0\" dir=\"ltr\">Para m\u00ed, este es un buen ejemplo de c\u00f3mo, incluso en circunstancias muy dif\u00edciles, cuando hay muchas razones para no ser optimista, ideas que quiz\u00e1s parecen ut\u00f3picas pueden crear nuevas circunstancias.<\/p>\n<\/div>\n<div class=\"bbc-19j92fr ebmt73l0\" dir=\"ltr\">\n<p class=\"bbc-hhl7in e17g058b0\" dir=\"ltr\">Parte de lo que quer\u00eda hacer en este ensayo era abrir un espacio para el debate y el compromiso. Me inspir\u00e9 en los escritos de la famosa fil\u00f3sofa germano-estadounidense Hannah Arendt, que dijo: \u201cSomos libres para cambiar el mundo y empezar algo nuevo en \u00e9l\u201d.<\/p>\n<\/div>\n<div class=\"bbc-19j92fr ebmt73l0\" dir=\"ltr\">\n<p class=\"bbc-hhl7in e17g058b0\" dir=\"ltr\">Creo que ten\u00eda raz\u00f3n. Los seres humanos tenemos la oportunidad de pensar en lo que podr\u00eda ser, no s\u00f3lo en lo que en este momento pensamos que puede ser.<\/p>\n<\/div>\n","protected":false},"excerpt":{"rendered":"<p>&nbsp; &nbsp; \u00bfTienen algo en com\u00fan las guerras en Ucrania y Medio Oriente con la creciente competencia entre Estados Unidos y China, la crisis clim\u00e1tica&hellip;<\/p>\n","protected":false},"author":99,"featured_media":523009,"comment_status":"open","ping_status":"open","sticky":false,"template":"","format":"standard","meta":{"footnotes":""},"categories":[24],"tags":[],"class_list":["post-523008","post","type-post","status-publish","format-standard","has-post-thumbnail","hentry","category-mundo"],"_links":{"self":[{"href":"https:\/\/diarioelpopular.com\/index.php\/wp-json\/wp\/v2\/posts\/523008","targetHints":{"allow":["GET"]}}],"collection":[{"href":"https:\/\/diarioelpopular.com\/index.php\/wp-json\/wp\/v2\/posts"}],"about":[{"href":"https:\/\/diarioelpopular.com\/index.php\/wp-json\/wp\/v2\/types\/post"}],"author":[{"embeddable":true,"href":"https:\/\/diarioelpopular.com\/index.php\/wp-json\/wp\/v2\/users\/99"}],"replies":[{"embeddable":true,"href":"https:\/\/diarioelpopular.com\/index.php\/wp-json\/wp\/v2\/comments?post=523008"}],"version-history":[{"count":1,"href":"https:\/\/diarioelpopular.com\/index.php\/wp-json\/wp\/v2\/posts\/523008\/revisions"}],"predecessor-version":[{"id":523010,"href":"https:\/\/diarioelpopular.com\/index.php\/wp-json\/wp\/v2\/posts\/523008\/revisions\/523010"}],"wp:featuredmedia":[{"embeddable":true,"href":"https:\/\/diarioelpopular.com\/index.php\/wp-json\/wp\/v2\/media\/523009"}],"wp:attachment":[{"href":"https:\/\/diarioelpopular.com\/index.php\/wp-json\/wp\/v2\/media?parent=523008"}],"wp:term":[{"taxonomy":"category","embeddable":true,"href":"https:\/\/diarioelpopular.com\/index.php\/wp-json\/wp\/v2\/categories?post=523008"},{"taxonomy":"post_tag","embeddable":true,"href":"https:\/\/diarioelpopular.com\/index.php\/wp-json\/wp\/v2\/tags?post=523008"}],"curies":[{"name":"wp","href":"https:\/\/api.w.org\/{rel}","templated":true}]}}