{"id":523011,"date":"2024-10-17T10:21:21","date_gmt":"2024-10-17T14:21:21","guid":{"rendered":"https:\/\/diarioelpopular.com\/?p=523011"},"modified":"2024-10-17T10:21:21","modified_gmt":"2024-10-17T14:21:21","slug":"nobel-de-economia-contradijo-a-petro-sobre-supuesta-afinidad-politica-el-no-tiene-ni-idea-de-como-cumplir-con-ese-mandato","status":"publish","type":"post","link":"https:\/\/diarioelpopular.com\/index.php\/2024\/10\/17\/nobel-de-economia-contradijo-a-petro-sobre-supuesta-afinidad-politica-el-no-tiene-ni-idea-de-como-cumplir-con-ese-mandato\/","title":{"rendered":"Nobel de Econom\u00eda contradijo a Petro sobre supuesta afinidad pol\u00edtica: \u201c\u00c9l no tiene ni idea de c\u00f3mo cumplir con ese mandato\u201d"},"content":{"rendered":"<p><img loading=\"lazy\" decoding=\"async\" class=\"alignnone size-custom-big-size wp-image-523012\" src=\"https:\/\/diarioelpopular.com\/wp-content\/uploads\/2024\/10\/Screen-Shot-2024-10-17-at-10.13.13-AM-1200x870.png\" alt=\"\" width=\"1200\" height=\"870\" srcset=\"https:\/\/diarioelpopular.com\/wp-content\/uploads\/2024\/10\/Screen-Shot-2024-10-17-at-10.13.13-AM-1200x870.png 1200w, https:\/\/diarioelpopular.com\/wp-content\/uploads\/2024\/10\/Screen-Shot-2024-10-17-at-10.13.13-AM-300x218.png 300w, https:\/\/diarioelpopular.com\/wp-content\/uploads\/2024\/10\/Screen-Shot-2024-10-17-at-10.13.13-AM-768x557.png 768w, https:\/\/diarioelpopular.com\/wp-content\/uploads\/2024\/10\/Screen-Shot-2024-10-17-at-10.13.13-AM-636x461.png 636w, https:\/\/diarioelpopular.com\/wp-content\/uploads\/2024\/10\/Screen-Shot-2024-10-17-at-10.13.13-AM-101x73.png 101w, https:\/\/diarioelpopular.com\/wp-content\/uploads\/2024\/10\/Screen-Shot-2024-10-17-at-10.13.13-AM.png 1024w\" sizes=\"auto, (max-width: 1200px) 100vw, 1200px\" \/><\/p>\n<p>&nbsp;<\/p>\n<p>&nbsp;<\/p>\n<ul>\n<li><em><strong>El presidente , en sus alardes de grandeza, se hab\u00eda congraciado con el nuevo Nobel de Econom\u00eda al asegurar que este ten\u00eda afinidad con su proyecto pol\u00edtico, pero James A. Robinson lo contradijo al asegurar que el mandatario no tiene una estrategia clara para gobernar<\/strong><\/em><\/li>\n<\/ul>\n<p>&nbsp;<\/p>\n<p>Con un profundo conocimiento de\u00a0<a href=\"https:\/\/www.elcolombiano.com\/cronologia\/noticias\/meta\/colombia\" target=\"_blank\" rel=\"noopener noreferrer\">Colombia<\/a>, eso es lo que se infiere al escuchar a\u00a0James A. Robinson,\u00a0uno de los tres docentes e investigadores que el pasado lunes fueron\u00a0laureados por la Real Academia Sueca de Ciencias\u00a0con\u00a0el\u00a0<a href=\"https:\/\/www.elcolombiano.com\/internacional\/nobel-de-economia-premio-tres-investigadores-estudio-desigualdades-entre-naciones-KA25615942\" target=\"_blank\" rel=\"noopener noreferrer\">Nobel de Econom\u00eda<\/a>\u00a0por su trabajo sobre \u201cla formaci\u00f3n de instituciones y su impacto en la prosperidad\u201d.<\/p>\n<p>Robinson, profesor de la Universidad de Chicago, comparte el premio con Daron Acemoglu y Simon Johnson, del MIT, por el trabajo que busca rastrear\u00a0las ra\u00edces hist\u00f3ricas de por qu\u00e9 algunos pa\u00edses son m\u00e1s pobres y otros m\u00e1s pr\u00f3speros y por qu\u00e9 persisten estas desigualdades.<\/p>\n<p>Dentro de estos an\u00e1lisis, Robinson se ha referido a la forma como ha sido gobernada Colombia, especialmente, en los gobiernos de\u00a0<a href=\"https:\/\/www.elcolombiano.com\/cronologia\/noticias\/meta\/alvaro-uribe-velez\" target=\"_blank\" rel=\"noopener noreferrer\">\u00c1lvaro Uribe<\/a>\u00a0y\u00a0<a href=\"https:\/\/www.elcolombiano.com\/cronologia\/noticias\/meta\/juan-manuel-santos\" target=\"_blank\" rel=\"noopener noreferrer\">Juan Manuel Santos<\/a>,\u00a0pero tambi\u00e9n ha analizado lo que hizo el gobierno de\u00a0<a href=\"https:\/\/www.elcolombiano.com\/cronologia\/noticias\/meta\/ivan-duque\" target=\"_blank\" rel=\"noopener noreferrer\">Iv\u00e1n Duque<\/a>\u00a0y lo que viene adelantando el presidente\u00a0<a href=\"https:\/\/www.elcolombiano.com\/cronologia\/noticias\/meta\/gustavo-petro\" target=\"_blank\" rel=\"noopener noreferrer\">Gustavo Petro<\/a>\u00a0desde que lleg\u00f3 a la\u00a0<a href=\"https:\/\/www.elcolombiano.com\/cronologia\/noticias\/meta\/presidencia\" target=\"_blank\" rel=\"noopener noreferrer\">Presidencia<\/a>.<\/p>\n<p>El actual mandatario se refiri\u00f3 al premio obtenido por Robinson el pasado lunes y, como ya lo ha hecho varias veces,\u00a0intent\u00f3 sacarle r\u00e9dito al reconocimiento asegurando que el nuevo Nobel de Econom\u00eda est\u00e1 a favor de su proyecto progresista.<\/p>\n<p>\u201cLea usted aqu\u00ed como\u00a0el actual premio nobel de econom\u00eda se expresa sobre mi gobierno, y como ve el principal problema de nuestros pa\u00edses, que explica su fracaso en el desarrollo, en la gran desigualdad social y el car\u00e1cter discriminador de las \u00e9lites dominantes contra la base popular. Porque las instituciones tienen que ser mucho m\u00e1s democr\u00e1ticas en el sentido de darle el poder al pueblo (sic)\u201d, fue el mensaje que Petro comparti\u00f3 en su cuenta de X el pasado lunes, 14 de octubre, luego de anunciarse el Nobel para James A. Robinson.<\/p>\n<div id=\"Mid-Article-Reco-Reel-1\" class=\" trc_related_container trc_spotlight_widget trc_elastic trc_elastic_alternating-thumbnails-mid-article-rr \" data-placement-name=\"Mid Article Reco Reel\">\n<div class=\"trc_rbox_container tbl-reco-reel story-widget tbl-reco-reel-text-under-slide-in story-widget-text-under-slide-in tbl-reco-reel-desktop tbl-story-desktop\">\n<div id=\"trc_wrapper_2137\" class=\"trc_rbox alternating-thumbnails-mid-article-rr trc-content-hybrid \">\n<div id=\"trc_header_2137\" class=\"trc_rbox_header trc_rbox_border_elm\">\n<div class=\"trc_header_ext\"><em><strong>En Nobel de Econom\u00eda contradijo a Petro<\/strong><\/em><\/div>\n<\/div>\n<div id=\"outer_2137\" class=\"trc_rbox_outer\">\n<div id=\"rbox-t2m\" class=\"trc_rbox_div trc_rbox_border_elm\">\n<div id=\"internal_trc_2137\" class=\" tbl-recommendation-reel  tbl-rr-initiated \">\n<div class=\"videoCube trc_spotlight_item origin-default thumbnail_top textItem videoCube_1_child trc-first-recommendation trc-spotlight-first-recommendation trc_excludable tbl-show-item tbl-zoom-in-item\" data-item-id=\"~~V1~~-5841179126113471550~~CtMjjUD1wKMfAFL5TwIcVw\" data-item-title=\"\u201cEs una burla miserable del presidente\u201d: venezolanos reaccionan a bienvenida de Maduro a la Navidad desde el 1\u00b0 de octubre\" data-item-thumb=\"https:\/\/estaticos.elcolombiano.com\/binrepository\/768x551\/0c0\/1200d627\/none\/11101\/VVWX\/maduro-46177675-20240930153014_46194941_20241002103659.jpg\" data-item-syndicated=\"false\">\n<div class=\"paragraph\">\n<p>Aunque Petro trat\u00f3 de congraciarse con el nuevo Nobel de Econom\u00eda, este no tard\u00f3 en responder a lo escrito por el mandatario\u00a0contradiciendo tajantemente su supuesta afinidad\u00a0con \u00e9l, por el contrario,\u00a0critic\u00f3 duramente al presidente al asegurar, entre otras que, \u201cno tiene una estrategia clara sobre c\u00f3mo hacer las cosas\u201d.<\/p>\n<div class=\"paragraph\">\n<p>\u201cEl problema es que\u00a0\u00e9l no tiene ni idea de c\u00f3mo cumplir con ese mandato, c\u00f3mo lograr cosas o c\u00f3mo formular pol\u00edticas que realmente transformen al pa\u00eds.\u00a0Yo creo que \u00e9l tiene una agenda progresista y\u00a0hay muchos, pero muchos problemas en Colombia que tienen que ser resueltos, pero creo que \u00e9l no entiende c\u00f3mo hacer eso\u201d, asegur\u00f3 el Nobel de Econom\u00eda en entrevista con\u00a0<i>Noticias Caracol.<\/i><\/p>\n<\/div>\n<div class=\"Article_Text 25619161 46298368\">\n<div class=\"template-ec-14\" data-mrf-recirculation=\"Article - inline\">\n<div class=\"left\">\n<p>El economista agreg\u00f3 que\u00a0Petro \u201ces como cualquier otro pol\u00edtico colombiano que no entiende la implementaci\u00f3n y yo creo que esa es la tragedia del actual gobierno: no tienen una estrategia sobre c\u00f3mo hacer las cosas\u201d.<\/p>\n<p>En ese sentido, el acad\u00e9mico\u00a0expuso los ejemplos de otros exmandatarios que, a su juicio, tuvieron un entendimiento un poco m\u00e1s amplio que el de Petro. \u201cHay algunos presidentes colombianos que lo entendieron. Creo que\u00a0Carlos Lleras Restrepo lo entendi\u00f3 en los a\u00f1os 60.\u00a0El presidente Uribe lo entendi\u00f3. Si leen su autobiograf\u00eda, ver\u00e1n que pens\u00f3 de manera muy estrat\u00e9gica en la lucha contra la guerrilla y en c\u00f3mo lograrlo, pero el problema con el presidente Uribe es que no le importaba nada m\u00e1s. Estaba feliz de socavar las instituciones para tratar de mantenerse en el poder. No entend\u00eda los problemas de los colombianos\u201d, dijo al noticiero.<\/p>\n<p>La incapacidad del presidente, seg\u00fan Robinson, tiene que ver con su pol\u00edtica de paz total y, en ese punto, critic\u00f3 por igual a Iv\u00e1n Duque y a Gustavo Petro, pues considera que ambos socavaron el\u00a0<a href=\"https:\/\/www.elcolombiano.com\/cronologia\/noticias\/meta\/acuerdo-de-paz\" target=\"_blank\" rel=\"noopener noreferrer\">Acuerdo de Paz<\/a>\u00a0con las\u00a0<a href=\"https:\/\/www.elcolombiano.com\/cronologia\/noticias\/meta\/farc\" target=\"_blank\" rel=\"noopener noreferrer\">Farc<\/a>\u00a0que se firm\u00f3 en 2016.<\/p>\n<p>\u201cEl presidente Duque era un incompetente y no estaba interesado en implementarlo, y\u00a0el presidente Petro est\u00e1 m\u00e1s interesado en hacer teatro y hablar sobre la paz total de lo que realmente est\u00e1 en cumplir cosas\u00a0y eso es una tragedia\u201d, asegur\u00f3 el economista.<\/p>\n<p>Pese a sus duras cr\u00edticas, el nuevo Nobel de Econom\u00eda destac\u00f3 que\u00a0la elecci\u00f3n de Petro \u201cfue una de las elecciones m\u00e1s democr\u00e1ticas en la historia de Colombia.\u00a0El presidente Petro gan\u00f3 genuinamente un mandato popular\u201d.<\/p>\n<p>James A. Robinson tiene un fuerte v\u00ednculo con Colombia, pues imparti\u00f3 clases por varios a\u00f1os en el pa\u00eds y, actualmente, es uno de los invitados recurrentes a los cursos de verano de la Universidad de los Andes. Adem\u00e1s,\u00a0est\u00e1 casado con la colombiana Mar\u00eda Ang\u00e9lica Bautista, economista,\u00a0doctora en Ciencias Pol\u00edticas\u00a0de Brown University, quien le dio la noticia el pasado lunes sobre su premio.<\/p>\n<p>\u201cUno de mis colaboradores en Noruega escuch\u00f3 la noticia y llam\u00f3 a mi esposa para dec\u00edrselo.\u00a0Ella respondi\u00f3 que yo estaba durmiendo, entonces vino y me despert\u00f3. Empez\u00f3 a sacudirme y me dijo: \u2018lev\u00e1ntate, tienes que levantarte, te ganaste el premio Nobel\u2019.\u00a0Mi primera reacci\u00f3n fue pensar que estaba bromeando\u201d, revel\u00f3.<\/p>\n<p>&nbsp;<\/p>\n<\/div>\n<\/div>\n<\/div>\n<\/div>\n<\/div>\n<\/div>\n<\/div>\n<\/div>\n<\/div>\n<\/div>\n<\/div>\n","protected":false},"excerpt":{"rendered":"<p>&nbsp; &nbsp; El presidente , en sus alardes de grandeza, se hab\u00eda congraciado con el nuevo Nobel de Econom\u00eda al asegurar que este ten\u00eda afinidad&hellip;<\/p>\n","protected":false},"author":99,"featured_media":523012,"comment_status":"open","ping_status":"open","sticky":false,"template":"","format":"standard","meta":{"footnotes":""},"categories":[23],"tags":[],"class_list":["post-523011","post","type-post","status-publish","format-standard","has-post-thumbnail","hentry","category-latinoamerica"],"_links":{"self":[{"href":"https:\/\/diarioelpopular.com\/index.php\/wp-json\/wp\/v2\/posts\/523011","targetHints":{"allow":["GET"]}}],"collection":[{"href":"https:\/\/diarioelpopular.com\/index.php\/wp-json\/wp\/v2\/posts"}],"about":[{"href":"https:\/\/diarioelpopular.com\/index.php\/wp-json\/wp\/v2\/types\/post"}],"author":[{"embeddable":true,"href":"https:\/\/diarioelpopular.com\/index.php\/wp-json\/wp\/v2\/users\/99"}],"replies":[{"embeddable":true,"href":"https:\/\/diarioelpopular.com\/index.php\/wp-json\/wp\/v2\/comments?post=523011"}],"version-history":[{"count":1,"href":"https:\/\/diarioelpopular.com\/index.php\/wp-json\/wp\/v2\/posts\/523011\/revisions"}],"predecessor-version":[{"id":523013,"href":"https:\/\/diarioelpopular.com\/index.php\/wp-json\/wp\/v2\/posts\/523011\/revisions\/523013"}],"wp:featuredmedia":[{"embeddable":true,"href":"https:\/\/diarioelpopular.com\/index.php\/wp-json\/wp\/v2\/media\/523012"}],"wp:attachment":[{"href":"https:\/\/diarioelpopular.com\/index.php\/wp-json\/wp\/v2\/media?parent=523011"}],"wp:term":[{"taxonomy":"category","embeddable":true,"href":"https:\/\/diarioelpopular.com\/index.php\/wp-json\/wp\/v2\/categories?post=523011"},{"taxonomy":"post_tag","embeddable":true,"href":"https:\/\/diarioelpopular.com\/index.php\/wp-json\/wp\/v2\/tags?post=523011"}],"curies":[{"name":"wp","href":"https:\/\/api.w.org\/{rel}","templated":true}]}}