{"id":523029,"date":"2024-10-17T17:17:45","date_gmt":"2024-10-17T21:17:45","guid":{"rendered":"https:\/\/diarioelpopular.com\/?p=523029"},"modified":"2024-10-17T17:17:45","modified_gmt":"2024-10-17T21:17:45","slug":"canada-no-esta-preparado-para-otra-pandemia","status":"publish","type":"post","link":"https:\/\/diarioelpopular.com\/index.php\/2024\/10\/17\/canada-no-esta-preparado-para-otra-pandemia\/","title":{"rendered":"Canad\u00e1 no est\u00e1 preparado para otra pandemia"},"content":{"rendered":"<p><img loading=\"lazy\" decoding=\"async\" class=\"alignnone size-custom-full-size wp-image-523031\" src=\"https:\/\/diarioelpopular.com\/wp-content\/uploads\/2024\/10\/wp_featured_image-55-636x358.png\" alt=\"\" width=\"636\" height=\"358\" srcset=\"https:\/\/diarioelpopular.com\/wp-content\/uploads\/2024\/10\/wp_featured_image-55-636x358.png 636w, https:\/\/diarioelpopular.com\/wp-content\/uploads\/2024\/10\/wp_featured_image-55-300x169.png 300w, https:\/\/diarioelpopular.com\/wp-content\/uploads\/2024\/10\/wp_featured_image-55-768x432.png 768w, https:\/\/diarioelpopular.com\/wp-content\/uploads\/2024\/10\/wp_featured_image-55-130x73.png 130w, https:\/\/diarioelpopular.com\/wp-content\/uploads\/2024\/10\/wp_featured_image-55.png 780w\" sizes=\"auto, (max-width: 636px) 100vw, 636px\" \/><\/p>\n<p>&nbsp;<\/p>\n<ul>\n<li><em><strong>Una pandemia futura similar a la de COVID-19 es inevitable seg\u00fan los cient\u00edficos. Con este entendimiento, un equipo de expertos m\u00e9dicos y profesionales de la salud en Canad\u00e1 emiti\u00f3 un informe independiente consultando al pa\u00eds que se prepare para tales eventualidades.<\/strong><\/em><\/li>\n<\/ul>\n<p>&nbsp;<\/p>\n<p>&nbsp;<\/p>\n<p>Dr. Fahad Razak, uno de los seis colaboradores del informe, sugiere que la forma en que respondamos a una pandemia a escala mundial es un claro manifiesto de cu\u00e1n preparados estamos. El informe titulado &#8220;El momento de actuar es ahora&#8221; reconoce que hay una necesidad de compartir m\u00e1s eficazmente informaci\u00f3n sobre enfermedades, datos de hospitalizaci\u00f3n y resultados de pruebas entre las diversas provincias, territorios y el gobierno federal de Canad\u00e1.<\/p>\n<p>El informe se\u00f1ala que el gobierno federal y las estructuras de gobierno provinciales y territoriales, que operan de manera independiente, han afectado la forma en que Canad\u00e1 ha manejado la pandemia. Asegura que el pa\u00eds necesita establecer un consejo asesor cient\u00edfico unificado y permanente, similar a lo que ha hecho el Reino Unido.<\/p>\n<p>Entretanto, aleg\u00f3 que la falta de protocolos de emergencia para la asesor\u00eda cient\u00edfica en Canad\u00e1 provoc\u00f3 retrasos significativos y existe la necesidad de una mejor coordinaci\u00f3n entre todos los niveles de gobierno. La comunicaci\u00f3n confusa de los consejos asesores cient\u00edficos a nivel federal y provincial fue considerada la causa de advertencias conflictivas.<\/p>\n<p>Se recomend\u00f3 una r\u00e1pida y consistente difusi\u00f3n de la informaci\u00f3n sanitaria para evitar la propagaci\u00f3n de desinformaci\u00f3n y desconfianza entre el p\u00fablico. Las recomendaciones hechas al gobierno por el grupo asesor cient\u00edfico deber\u00edan ser accesibles al p\u00fablico poco despu\u00e9s de ser emitidas, propuso el informe.<\/p>\n<p>El informe tambi\u00e9n sugiri\u00f3 tener m\u00e1s en cuenta las respuestas a las situaciones de emergencia en la poblaci\u00f3n m\u00e1s perjudicada, que incluye personas racializadas, pueblos ind\u00edgenas, personas que viven en la pobreza, personas sin hogar y los residentes en hogares de cuidado a largo plazo.<\/p>\n<p>Abordar la salud y el bienestar de estos grupos requerir\u00e1 un enfoque de investigaci\u00f3n interdisciplinario, con un apoyo variado para diferentes tipos de investigaci\u00f3n liderada por ind\u00edgenas, remarc\u00f3 la Dr. Shannon McDonald, miembro del panel de expertos. Un intercambio eficaz de datos entre los gobiernos y las comunidades de las Primeras Naciones, M\u00e9tis y los Inuit tambi\u00e9n es necesario, agreg\u00f3.<\/p>\n<p>Independientemente de las deficiencias se\u00f1aladas, el Dr. Razak coment\u00f3 que Canad\u00e1 tiene mucho que celebrar en t\u00e9rminos de su manejo de la pandemia de COVID-19. Sin embargo, advirti\u00f3 sobre los cortes en los programas de vigilancia de las aguas residuales en algunas provincias, privando a estas comunidades la posibilidad de acceder a datos esenciales.<\/p>\n","protected":false},"excerpt":{"rendered":"<p>&nbsp; Una pandemia futura similar a la de COVID-19 es inevitable seg\u00fan los cient\u00edficos. Con este entendimiento, un equipo de expertos m\u00e9dicos y profesionales de&hellip;<\/p>\n","protected":false},"author":101,"featured_media":523031,"comment_status":"open","ping_status":"open","sticky":false,"template":"","format":"standard","meta":{"footnotes":""},"categories":[21],"tags":[],"class_list":["post-523029","post","type-post","status-publish","format-standard","has-post-thumbnail","hentry","category-canada"],"_links":{"self":[{"href":"https:\/\/diarioelpopular.com\/index.php\/wp-json\/wp\/v2\/posts\/523029","targetHints":{"allow":["GET"]}}],"collection":[{"href":"https:\/\/diarioelpopular.com\/index.php\/wp-json\/wp\/v2\/posts"}],"about":[{"href":"https:\/\/diarioelpopular.com\/index.php\/wp-json\/wp\/v2\/types\/post"}],"author":[{"embeddable":true,"href":"https:\/\/diarioelpopular.com\/index.php\/wp-json\/wp\/v2\/users\/101"}],"replies":[{"embeddable":true,"href":"https:\/\/diarioelpopular.com\/index.php\/wp-json\/wp\/v2\/comments?post=523029"}],"version-history":[{"count":2,"href":"https:\/\/diarioelpopular.com\/index.php\/wp-json\/wp\/v2\/posts\/523029\/revisions"}],"predecessor-version":[{"id":523033,"href":"https:\/\/diarioelpopular.com\/index.php\/wp-json\/wp\/v2\/posts\/523029\/revisions\/523033"}],"wp:featuredmedia":[{"embeddable":true,"href":"https:\/\/diarioelpopular.com\/index.php\/wp-json\/wp\/v2\/media\/523031"}],"wp:attachment":[{"href":"https:\/\/diarioelpopular.com\/index.php\/wp-json\/wp\/v2\/media?parent=523029"}],"wp:term":[{"taxonomy":"category","embeddable":true,"href":"https:\/\/diarioelpopular.com\/index.php\/wp-json\/wp\/v2\/categories?post=523029"},{"taxonomy":"post_tag","embeddable":true,"href":"https:\/\/diarioelpopular.com\/index.php\/wp-json\/wp\/v2\/tags?post=523029"}],"curies":[{"name":"wp","href":"https:\/\/api.w.org\/{rel}","templated":true}]}}