{"id":523065,"date":"2024-10-18T09:12:20","date_gmt":"2024-10-18T13:12:20","guid":{"rendered":"https:\/\/diarioelpopular.com\/?p=523065"},"modified":"2024-10-18T09:12:20","modified_gmt":"2024-10-18T13:12:20","slug":"canada-tiene-la-oportunidad-de-estar-del-lado-correcto-de-la-historia-tras-la-muerte-de-sinwar-arquitecto-de-la-masacre-del-7-de-octubre","status":"publish","type":"post","link":"https:\/\/diarioelpopular.com\/index.php\/2024\/10\/18\/canada-tiene-la-oportunidad-de-estar-del-lado-correcto-de-la-historia-tras-la-muerte-de-sinwar-arquitecto-de-la-masacre-del-7-de-octubre\/","title":{"rendered":"Canad\u00e1 tiene la oportunidad de &#8220;estar del lado correcto de la historia&#8221; tras la muerte de Sinwar, arquitecto de la masacre del 7 de octubre"},"content":{"rendered":"<div id=\"attachment_523067\" style=\"width: 646px\" class=\"wp-caption alignnone\"><img loading=\"lazy\" decoding=\"async\" aria-describedby=\"caption-attachment-523067\" class=\"wp-image-523067 size-custom-full-size\" src=\"https:\/\/diarioelpopular.com\/wp-content\/uploads\/2024\/10\/Screen-Shot-2024-10-18-at-9.10.58-AM-636x476.png\" alt=\"\" width=\"636\" height=\"476\" srcset=\"https:\/\/diarioelpopular.com\/wp-content\/uploads\/2024\/10\/Screen-Shot-2024-10-18-at-9.10.58-AM-636x476.png 636w, https:\/\/diarioelpopular.com\/wp-content\/uploads\/2024\/10\/Screen-Shot-2024-10-18-at-9.10.58-AM-300x225.png 300w, https:\/\/diarioelpopular.com\/wp-content\/uploads\/2024\/10\/Screen-Shot-2024-10-18-at-9.10.58-AM-768x575.png 768w, https:\/\/diarioelpopular.com\/wp-content\/uploads\/2024\/10\/Screen-Shot-2024-10-18-at-9.10.58-AM-97x73.png 97w, https:\/\/diarioelpopular.com\/wp-content\/uploads\/2024\/10\/Screen-Shot-2024-10-18-at-9.10.58-AM.png 844w\" sizes=\"auto, (max-width: 636px) 100vw, 636px\" \/><p id=\"caption-attachment-523067\" class=\"wp-caption-text\">Yahya Sinwar, l\u00edder terrorista del ala pol\u00edtica de Ham\u00e1s, asiste a una manifestaci\u00f3n en apoyo de la mezquita Al-Aqsa de Jerusal\u00e9n, en la ciudad de Gaza, el 1 de octubre de 2022.\u00a0 \u00a0 \u00a0 \u00a0 \u00a0 \u00a0 \u00a0 \u00a0 \u00a0 \u00a0 \u00a0 \u00a0 \u00a0 \u00a0 \u00a0 \u00a0 \u00a0 \u00a0 \u00a0 \u00a0 Foto de MAHMUD HAMS \/ AFP<\/p><\/div>\n<p>&nbsp;<\/p>\n<p>&nbsp;<\/p>\n<p>&nbsp;<\/p>\n<p>&nbsp;<\/p>\n<ul>\n<li><em><strong>&#8220;Me preocupa lo manchadas y desafortunadas que han sido las acciones pol\u00edticas canadienses en Israel&#8230;&#8221;, dijo un destacado analista militar israel\u00ed al National Post<\/strong><\/em><\/li>\n<\/ul>\n<p>&nbsp;<\/p>\n<p><em>Por Courtney Greenberg<\/em><\/p>\n<p>Un destacado analista militar israel\u00ed expres\u00f3 que Canad\u00e1 deber\u00eda utilizar la muerte de Yahya Sinwar, que ayud\u00f3 a orquestar la masacre del 7 de octubre, como una oportunidad para apoyar a Israel, pero, a\u00f1ade, es m\u00e1s probable que algunas personas salgan a las calles a llorar al l\u00edder terrorista de Ham\u00e1s.<\/p>\n<p>&#8220;Ver\u00e1n en las calles canadienses a partidarios de Ham\u00e1s, multitudes de alquiler, multitudes pagadas por Ir\u00e1n y multitudes pagadas por Samidoun&#8230; expresando su insatisfacci\u00f3n con la eliminaci\u00f3n de Sinwar&#8221;, dijo el teniente coronel (retirado) Jonathan Conricus al diario National Post el jueves desde Tel Aviv. Conricus es miembro senior de la Fundaci\u00f3n para la Defensa de las Democracias y ex portavoz de las Fuerzas de Defensa de Israel.<\/p>\n<p>\u201cVer\u00e1n manifestaciones espont\u00e1neas de dolor\u2026 y puede haber violencia. Creo que definitivamente existe la posibilidad de que sean violentos porque esto es una gran p\u00e9rdida para ellos. Es una gran p\u00e9rdida para Ham\u00e1s. Es una gran p\u00e9rdida para los iran\u00edes. Es un rev\u00e9s para ellos\u201d.<\/p>\n<p>Este momento podr\u00eda ser una oportunidad para Canad\u00e1, agreg\u00f3 Conricus.<\/p>\n<p>\u201cAhora que Israel ha vuelto a tener \u00e9xito contra esos enemigos, es una buena oportunidad para unirse a Israel, apoyar a Israel y, quiz\u00e1s lo m\u00e1s importante, cuando miramos hacia el futuro, ser parte de un cambio positivo y sostenible en el sur de Israel y Gaza y la eliminaci\u00f3n de Ham\u00e1s\u201d, dijo.<\/p>\n<p>\u201cEl tren de la oportunidad todav\u00eda est\u00e1 en la estaci\u00f3n para Canad\u00e1, para que los l\u00edderes electos canadienses est\u00e9n realmente del lado correcto de la historia\u201d.<\/p>\n<p>La muerte de Sinwar podr\u00eda marcar el comienzo del fin de la guerra y tambi\u00e9n podr\u00eda conducir a la liberaci\u00f3n de los rehenes, dijo Conricus. Los pa\u00edses occidentales como Canad\u00e1 podr\u00edan ayudar en la transici\u00f3n. Y aunque espera ese apoyo, lo que ha visto hasta ahora en Canad\u00e1 es \u201cindulgencia y falta de aplicaci\u00f3n de la ley\u201d.<\/p>\n<p>\u201cMe preocupa lo contaminadas y desafortunadas que han sido las acciones pol\u00edticas canadienses en Israel durante los \u00faltimos al menos ocho meses, casi un a\u00f1o. Es muy lamentable ver que Canad\u00e1 en muchos casos se pone del lado de Ham\u00e1s en lugar del lado de Israel, y del lado de Ir\u00e1n en lugar del lado de Israel. Pero, no obstante, Israel sigue luchando y hoy se cosecha otro \u00e9xito\u201d.<\/p>\n<p>Una forma en que Canad\u00e1 puede combatir la ideolog\u00eda de Ham\u00e1s y la ideolog\u00eda del terrorismo, que se est\u00e1 extendiendo por el pa\u00eds, es a trav\u00e9s de la educaci\u00f3n y la aplicaci\u00f3n de la ley, dos cosas que parecen faltar, seg\u00fan los canadienses jud\u00edos con los que ha hablado Conricus, entre ellos gente de Toronto, Montreal, Winnipeg y Edmonton.<\/p>\n<p>\u201cTienen mucho miedo porque no se sienten protegidos. Sienten que los extremistas\u2026 tienen v\u00eda libre por parte de la aplicaci\u00f3n de la ley canadiense. Se les permite entrar en los barrios jud\u00edos y se les permite disparar a las sinagogas con armas de fuego\u201d.<\/p>\n<p>Durante el fin de semana, por segunda vez este a\u00f1o se produjeron disparos en una escuela primaria jud\u00eda en la ma\u00f1ana de Yom Kippur, el d\u00eda m\u00e1s sagrado del juda\u00edsmo. Recientemente, Samidoun, conocida por sus protestas contra Israel, fue incluida en la lista de organizaciones terroristas de Canad\u00e1.<\/p>\n<p>El jueves por la ma\u00f1ana, las FDI dijeron que era probable que Sinwar hubiera muerto en una operaci\u00f3n de las FDI en Gaza.<\/p>\n<p>\u201cEn el edificio donde fueron eliminados los terroristas, no hab\u00eda se\u00f1ales de la presencia de rehenes en la zona. Las fuerzas que est\u00e1n operando en la zona siguen actuando con la debida precauci\u00f3n\u201d, dijo la FDI en X.<\/p>\n","protected":false},"excerpt":{"rendered":"<p>&nbsp; &nbsp; &nbsp; &nbsp; &#8220;Me preocupa lo manchadas y desafortunadas que han sido las acciones pol\u00edticas canadienses en Israel&#8230;&#8221;, dijo un destacado analista militar israel\u00ed&hellip;<\/p>\n","protected":false},"author":99,"featured_media":523067,"comment_status":"open","ping_status":"open","sticky":false,"template":"","format":"standard","meta":{"footnotes":""},"categories":[21],"tags":[],"class_list":["post-523065","post","type-post","status-publish","format-standard","has-post-thumbnail","hentry","category-canada"],"_links":{"self":[{"href":"https:\/\/diarioelpopular.com\/index.php\/wp-json\/wp\/v2\/posts\/523065","targetHints":{"allow":["GET"]}}],"collection":[{"href":"https:\/\/diarioelpopular.com\/index.php\/wp-json\/wp\/v2\/posts"}],"about":[{"href":"https:\/\/diarioelpopular.com\/index.php\/wp-json\/wp\/v2\/types\/post"}],"author":[{"embeddable":true,"href":"https:\/\/diarioelpopular.com\/index.php\/wp-json\/wp\/v2\/users\/99"}],"replies":[{"embeddable":true,"href":"https:\/\/diarioelpopular.com\/index.php\/wp-json\/wp\/v2\/comments?post=523065"}],"version-history":[{"count":1,"href":"https:\/\/diarioelpopular.com\/index.php\/wp-json\/wp\/v2\/posts\/523065\/revisions"}],"predecessor-version":[{"id":523068,"href":"https:\/\/diarioelpopular.com\/index.php\/wp-json\/wp\/v2\/posts\/523065\/revisions\/523068"}],"wp:featuredmedia":[{"embeddable":true,"href":"https:\/\/diarioelpopular.com\/index.php\/wp-json\/wp\/v2\/media\/523067"}],"wp:attachment":[{"href":"https:\/\/diarioelpopular.com\/index.php\/wp-json\/wp\/v2\/media?parent=523065"}],"wp:term":[{"taxonomy":"category","embeddable":true,"href":"https:\/\/diarioelpopular.com\/index.php\/wp-json\/wp\/v2\/categories?post=523065"},{"taxonomy":"post_tag","embeddable":true,"href":"https:\/\/diarioelpopular.com\/index.php\/wp-json\/wp\/v2\/tags?post=523065"}],"curies":[{"name":"wp","href":"https:\/\/api.w.org\/{rel}","templated":true}]}}