{"id":523070,"date":"2024-10-18T09:18:21","date_gmt":"2024-10-18T13:18:21","guid":{"rendered":"https:\/\/diarioelpopular.com\/?p=523070"},"modified":"2024-10-18T09:18:21","modified_gmt":"2024-10-18T13:18:21","slug":"las-organizaciones-hispanas-en-alerta-ante-la-operacion-aurora-trump-ha-declarado-la-guerra-a-la-comunidad","status":"publish","type":"post","link":"https:\/\/diarioelpopular.com\/index.php\/2024\/10\/18\/las-organizaciones-hispanas-en-alerta-ante-la-operacion-aurora-trump-ha-declarado-la-guerra-a-la-comunidad\/","title":{"rendered":"Las organizaciones hispanas, en alerta ante la Operaci\u00f3n Aurora: \u201cTrump ha declarado la guerra a la comunidad&#8221;"},"content":{"rendered":"<h2><\/h2>\n<div id=\"attachment_523075\" style=\"width: 646px\" class=\"wp-caption alignnone\"><img loading=\"lazy\" decoding=\"async\" aria-describedby=\"caption-attachment-523075\" class=\"wp-image-523075 size-custom-full-size\" src=\"https:\/\/diarioelpopular.com\/wp-content\/uploads\/2024\/10\/Screen-Shot-2024-10-18-at-9.17.06-AM-636x416.png\" alt=\"\" width=\"636\" height=\"416\" srcset=\"https:\/\/diarioelpopular.com\/wp-content\/uploads\/2024\/10\/Screen-Shot-2024-10-18-at-9.17.06-AM-636x416.png 636w, https:\/\/diarioelpopular.com\/wp-content\/uploads\/2024\/10\/Screen-Shot-2024-10-18-at-9.17.06-AM-300x196.png 300w, https:\/\/diarioelpopular.com\/wp-content\/uploads\/2024\/10\/Screen-Shot-2024-10-18-at-9.17.06-AM-768x503.png 768w, https:\/\/diarioelpopular.com\/wp-content\/uploads\/2024\/10\/Screen-Shot-2024-10-18-at-9.17.06-AM-85x55.png 85w, https:\/\/diarioelpopular.com\/wp-content\/uploads\/2024\/10\/Screen-Shot-2024-10-18-at-9.17.06-AM-1200x786.png 1200w, https:\/\/diarioelpopular.com\/wp-content\/uploads\/2024\/10\/Screen-Shot-2024-10-18-at-9.17.06-AM-112x73.png 112w, https:\/\/diarioelpopular.com\/wp-content\/uploads\/2024\/10\/Screen-Shot-2024-10-18-at-9.17.06-AM.png 1024w\" sizes=\"auto, (max-width: 636px) 100vw, 636px\" \/><p id=\"caption-attachment-523075\" class=\"wp-caption-text\">Ni\u00f1os juegan en una fiesta organizada en Aurora, Colorado (EE UU) en apoyo a la comunidad inmigrante difamada por los discursos de Donald Trump, el 11 de octubre de 2024.\u00a0 \u00a0 \u00a0 \u00a0 \u00a0 \u00a0 \u00a0 \u00a0 \u00a0 \u00a0 \u00a0 \u00a0 \u00a0 \u00a0 Isaiah J. Downing (Reuters)<\/p><\/div>\n<h2><\/h2>\n<h4 class=\"a_st\"><em>&#8211; La comunidad teme que la masiva deportaci\u00f3n que promete el candidato republicano, justificada con una ley del siglo XVIII, expulse a los hispanos que tienen permiso de residencia y a los que son ciudadanos americanos<\/em><\/h4>\n<p>&nbsp;<\/p>\n<p class=\"\">Las principales organizaciones que abogan por los derechos de los latinos han unido sus voces para enfrentar la nueva embestida de<a href=\"https:\/\/elpais.com\/internacional\/elecciones-usa\/2024-10-09\/trump-se-instala-en-la-xenofobia-como-eje-de-su-campana.html\" data-link-track-dtm=\"\" data-mrf-link=\"https:\/\/elpais.com\/internacional\/elecciones-usa\/2024-10-09\/trump-se-instala-en-la-xenofobia-como-eje-de-su-campana.html\">\u00a0Donald Trump contra los migrantes,<\/a>\u00a0la llamada Operaci\u00f3n Aurora, que eleva a otro nivel su batalla contra la inmigraci\u00f3n. \u201cSimplemente, ha declarado la guerra a la comunidad latina\u201d, afirm\u00f3 Mar\u00eda Teresa Kumar, presidenta de Voto Latino. \u201cEs una amenaza para todos aquellos que Trump considera indeseables. Es una promesa de utilizar al ej\u00e9rcito para destrozar a las familias estadounidenses y detener o deportar a quien quiera\u201d, advirti\u00f3.<\/p>\n<p class=\"\">Los dirigentes de cinco de las m\u00e1s destacadas organizaciones latinas coincidieron en elevar al m\u00e1ximo las alertas ante la \u00faltima promesa electoral del candidato republicano a la presidencia que, aseguran, implicar\u00eda la deportaci\u00f3n no solo de los inmigrantes indocumentados, sino de muchos ciudadanos estadounidenses.<\/p>\n<p class=\"\">\u201cTrump ha adoptado una agenda extremista, y eso no es nada nuevo, pero ahora nos lleva a un nivel sin precedentes al invocar una ley de hace m\u00e1s de 200 a\u00f1os, la Ley de Enemigos Extranjeros de 1798. El plan de Trump no es solo revertir el progreso, sino erosionar los derechos y protecciones fundamentales de los inmigrantes, residentes legales e incluso ciudadanos naturalizados\u201d, advierte Sindy Benavides, presidenta de Latino Victory Project.<\/p>\n<p class=\"\">La ley mencionada es a la que pretende aferrarse el republicano para llevar a cabo<a href=\"https:\/\/elpais.com\/us\/migracion\/2024-09-19\/el-54-de-los-votantes-respalda-la-mayor-deportacion-de-la-historia-que-promete-trump.html\" data-link-track-dtm=\"\" data-mrf-link=\"https:\/\/elpais.com\/us\/migracion\/2024-09-19\/el-54-de-los-votantes-respalda-la-mayor-deportacion-de-la-historia-que-promete-trump.html\">\u00a0la mayor deportaci\u00f3n de la historia,<\/a>\u00a0epicentro de su discurso en cada mitin electoral. La norma, utilizada en tiempos de guerra, contempla la expulsi\u00f3n de los enemigos que invaden Estados Unidos, bajo la perspectiva de Trump, los inmigrantes. Desde que fue promulgada, a finales del siglo XVIII, esta norma solo se ha aplicado en tres ocasiones: la guerra de 1812, la Primera Guerra Mundial y la Segunda Guerra Mundial.<\/p>\n<p>&nbsp;<\/p>\n<figure class=\"a_m a_m-h \">\n<p><div style=\"width: 424px\" class=\"wp-caption alignnone\"><img loading=\"lazy\" decoding=\"async\" class=\"_re lazyload a_m-h\" src=\"https:\/\/imagenes.elpais.com\/resizer\/v2\/SIOLGLGCDZDQXO6GKH32HIDYCQ.jpg?auth=13bbf00c9233b6e425ca9611457dd7f3f455cb353d52cab1fe3f02886dd18167&amp;width=414\" sizes=\"auto, (min-width:1199px) 1155px,(min-width:1001px) calc(100vw - 44px),(min-width:768px) 767px, 100vw\" srcset=\"https:\/\/imagenes.elpais.com\/resizer\/v2\/SIOLGLGCDZDQXO6GKH32HIDYCQ.jpg?auth=13bbf00c9233b6e425ca9611457dd7f3f455cb353d52cab1fe3f02886dd18167&amp;width=414 414w,https:\/\/imagenes.elpais.com\/resizer\/v2\/SIOLGLGCDZDQXO6GKH32HIDYCQ.jpg?auth=13bbf00c9233b6e425ca9611457dd7f3f455cb353d52cab1fe3f02886dd18167&amp;width=828 640w,https:\/\/imagenes.elpais.com\/resizer\/v2\/SIOLGLGCDZDQXO6GKH32HIDYCQ.jpg?auth=13bbf00c9233b6e425ca9611457dd7f3f455cb353d52cab1fe3f02886dd18167&amp;width=980 1000w,https:\/\/imagenes.elpais.com\/resizer\/v2\/SIOLGLGCDZDQXO6GKH32HIDYCQ.jpg?auth=13bbf00c9233b6e425ca9611457dd7f3f455cb353d52cab1fe3f02886dd18167&amp;width=1960 1960w\" alt=\"Donald Trump\" width=\"414\" height=\"276\" \/><p class=\"wp-caption-text\">Donald Trump saluda a miembros de la Guardia Nacional en la frontera con M\u00e9xico, en Eagle Pass, Texas, en febrero pasado.\u00a0 \u00a0Eric Gay (AP)<\/p><\/div><figcaption class=\"a_m_p\"><\/figcaption><\/figure>\n<p>&nbsp;<\/p>\n<p class=\"\">El 11 de octubre, Trump prometi\u00f3 aplicar la ley para llevar a cabo la deportaci\u00f3n de inmigrantes, que bautiz\u00f3 como\u00a0<i>Operaci\u00f3n Aurora,<\/i>\u00a0en referencia a la ciudad hom\u00f3nima de Colorado. En agosto, Aurora salt\u00f3 a los titulares porque el republicano asegur\u00f3 que estaba ocupada por miembros de la banda criminal venezolana Tren de Aragua, algo que hasta el alcalde republicano de la ciudad, Mike Coffman, desminti\u00f3.<\/p>\n<p class=\"\">Trump nunca ha especificado cu\u00e1l ser\u00eda el mecanismo para realizar la deportaci\u00f3n masiva. En el foro realizado con votantes latinos indecisos\u00a0<a href=\"https:\/\/elpais.com\/us\/2024-10-17\/trump-evita-hablar-de-la-mayor-deportacion-de-la-historia-en-su-foro-con-votantes-latinos.html\" data-link-track-dtm=\"\" data-mrf-link=\"https:\/\/elpais.com\/us\/2024-10-17\/trump-evita-hablar-de-la-mayor-deportacion-de-la-historia-en-su-foro-con-votantes-latinos.html\">en la cadena de televisi\u00f3n Univisi\u00f3n<\/a>\u00a0el mi\u00e9rcoles por la noche, el aspirante a la Casa Blanca evit\u00f3 el asunto y no respondi\u00f3 a la pregunta sobre ello. A cambio, volvi\u00f3 a demonizar a los inmigrantes, a quienes culpa de todos los males del pa\u00eds.<\/p>\n<p class=\"\">A pesar de esta indefinici\u00f3n, los defensores de los derechos de los latinos temen que las detenciones se produzcan bas\u00e1ndose en la apariencia f\u00edsica y en el color de la piel, lo que incluso pondr\u00eda en peligro de deportaci\u00f3n a millones de latinos que son ciudadanos.<\/p>\n<p class=\"\">\u201cHabla de deportaci\u00f3n masiva, pero no da detalles espec\u00edficos. Dice que empoderar\u00e1 a los funcionarios locales. Y sabemos lo que pasa cuando la gente no ha sido capacitada para ello. Ser\u00e1 un caos. Anteriormente ya ha separado familias\u201d, prev\u00e9 Janet Murgu\u00eda, presidenta de UnidosUS Action Fund.<\/p>\n<p class=\"\">La aplicaci\u00f3n de la pol\u00e9mica ley permitir\u00eda la expulsi\u00f3n de personas sin necesidad de un proceso y migrantes beneficiarios de permisos de residencia, como\u00a0<a href=\"https:\/\/elpais.com\/us\/2024-08-14\/miles-de-dreamers-se-juegan-el-seguro-medico-por-una-demanda-republicana.html\" data-link-track-dtm=\"\" data-mrf-link=\"https:\/\/elpais.com\/us\/2024-08-14\/miles-de-dreamers-se-juegan-el-seguro-medico-por-una-demanda-republicana.html\">los\u00a0<i>dreamers\u00a0<\/i><\/a><i>\u2013\u00a0<\/i>migrantes que llegaron de ni\u00f1os \u2013, temen ser objeto de la expulsi\u00f3n.<\/p>\n<p class=\"\">\u201cNo se refiere s\u00f3lo a los inmigrantes recientes. Tambi\u00e9n quiere quitarles el estatus legal a quienes lo tienen, como\u00a0<a href=\"https:\/\/elpais.com\/internacional\/2023-09-14\/un-juez-declara-de-nuevo-ilegal-el-programa-daca-para-los-inmigrantes-irregulares-llegados-de-ninos-a-ee-uu.html\" data-link-track-dtm=\"\" data-mrf-link=\"https:\/\/elpais.com\/internacional\/2023-09-14\/un-juez-declara-de-nuevo-ilegal-el-programa-daca-para-los-inmigrantes-irregulares-llegados-de-ninos-a-ee-uu.html\">los beneficiarios de DACA\u00a0<\/a>\u2013 el programa para los\u00a0<i>dreamers<\/i>\u00a0\u2013 y TPS \u2013 estatus de protecci\u00f3n temporal \u2013, que viven en el pa\u00eds desde hace d\u00e9cadas. Cuando fue presidente ya intent\u00f3 cancelar estos programas y quiere hacerlo nuevamente si llega a la Casa Blanca\u201d, advirti\u00f3 Vanessa C\u00e1rdenas, directora de America\u2019s Voice.<\/p>\n<p class=\"\">Esta organizaci\u00f3n anunci\u00f3 ayer una campa\u00f1a en los Estados clave de Nevada y\u00a0<a href=\"https:\/\/elpais.com\/us\/2024-09-04\/el-caucus-hispano-del-congreso-hace-su-mayor-inversion-publicitaria-a-favor-de-ruben-gallego-en-arizona.html\" data-link-track-dtm=\"\" data-mrf-link=\"https:\/\/elpais.com\/us\/2024-09-04\/el-caucus-hispano-del-congreso-hace-su-mayor-inversion-publicitaria-a-favor-de-ruben-gallego-en-arizona.html\">Arizona\u00a0<\/a>en la que quieren contar historias reales \u201cy alentaremos a los inmigrantes y a todos los estadounidenses a ingresar a las redes sociales y compartir su historia de inmigraci\u00f3n, porque nuestras historias hicieron grande a este pa\u00eds y nuestras historias son poderosas\u201d, se\u00f1al\u00f3.<\/p>\n<p class=\"\">Las organizaciones latinas han respaldado en su mayor\u00eda a Kamala Harris y se han dedicado en los \u00faltimos meses a hacer campa\u00f1a para que los hispanos salgan a votar. En estas elecciones hay cuatro millones de latinos que tienen derecho al voto por primera vez. Con 36,2 millones de ciudadanos con derecho al voto, los latinos pueden tener en su mano el desenlace de las elecciones. Su decisi\u00f3n ser\u00e1 determinante en los Estados clave como Nevada, donde suponen el 20% del electorado, y Arizona, donde alcanzan el 25%.<\/p>\n<p>&nbsp;<\/p>\n<figure class=\"a_m a_m-h \">\n<p><div style=\"width: 424px\" class=\"wp-caption alignnone\"><img loading=\"lazy\" decoding=\"async\" class=\"_re lazyload a_m-h\" src=\"https:\/\/imagenes.elpais.com\/resizer\/v2\/KL5GEEQBL5CG7LI3B677L3JHUM.jpg?auth=c14c1be172d4044675f89b4074cb9b46d184ffa19a52af8d01a23bdaa74870e3&amp;width=414\" sizes=\"auto, (min-width:1199px) 1155px,(min-width:1001px) calc(100vw - 44px),(min-width:768px) 767px, 100vw\" srcset=\"https:\/\/imagenes.elpais.com\/resizer\/v2\/KL5GEEQBL5CG7LI3B677L3JHUM.jpg?auth=c14c1be172d4044675f89b4074cb9b46d184ffa19a52af8d01a23bdaa74870e3&amp;width=414 414w,https:\/\/imagenes.elpais.com\/resizer\/v2\/KL5GEEQBL5CG7LI3B677L3JHUM.jpg?auth=c14c1be172d4044675f89b4074cb9b46d184ffa19a52af8d01a23bdaa74870e3&amp;width=828 640w,https:\/\/imagenes.elpais.com\/resizer\/v2\/KL5GEEQBL5CG7LI3B677L3JHUM.jpg?auth=c14c1be172d4044675f89b4074cb9b46d184ffa19a52af8d01a23bdaa74870e3&amp;width=980 1000w,https:\/\/imagenes.elpais.com\/resizer\/v2\/KL5GEEQBL5CG7LI3B677L3JHUM.jpg?auth=c14c1be172d4044675f89b4074cb9b46d184ffa19a52af8d01a23bdaa74870e3&amp;width=1960 1960w\" alt=\"Milwaukee\" width=\"414\" height=\"276\" \/><p class=\"wp-caption-text\">Un miembro de la delegaci\u00f3n de Texas sostiene un cartel a favor de la deportaci\u00f3n masiva durante la Convenci\u00f3n Nacional Republicana en julio de 2024, en Milwaukee.Matt Rourke (AP)<\/p><\/div><figcaption class=\"a_m_p\"><\/figcaption><\/figure>\n<h3><\/h3>\n<h3 class=\"\">V\u00edctimas de acoso<\/h3>\n<p class=\"\">H\u00e9ctor S\u00e1nchez Barba, presidente de Mi Familia Vota, se queja de las consecuencias que est\u00e1 teniendo en la campa\u00f1a<a href=\"https:\/\/elpais.com\/us\/2024-10-17\/el-34-de-la-poblacion-comparte-la-opinion-de-trump-de-que-los-migrantes-han-contaminado-la-sangre-de-estados-unidos-segun-una-encuesta.html\" data-link-track-dtm=\"\" data-mrf-link=\"https:\/\/elpais.com\/us\/2024-10-17\/el-34-de-la-poblacion-comparte-la-opinion-de-trump-de-que-los-migrantes-han-contaminado-la-sangre-de-estados-unidos-segun-una-encuesta.html\">\u00a0la demonizaci\u00f3n de los inmigrantes<\/a>. \u201cHemos visto gente acosando a nuestros encuestadores de forma muy ofensiva. Hemos aumentado dr\u00e1sticamente la seguridad en nuestros propios espacios\u201d, dice de las cerca de 30 oficinas que tienen en todo el pa\u00eds. \u201cAcabamos de recibir un encuestador que fue golpeado. Fui testigo de ese tipo de comportamiento en Arizona. Estuve all\u00ed ayer, sondeando con mis equipos. Lo he visto en universidades de Nevada y est\u00e1 directamente relacionado con la ret\u00f3rica contra los inmigrantes de Trump y el Partido Republicano\u201d, sostiene.<\/p>\n<p class=\"\">C\u00e1rdenas, de America\u2019s Voice, estima que la campa\u00f1a de Trump ha gastado m\u00e1s de 500 millones en actos contra la inmigraci\u00f3n este a\u00f1o, que es 11 veces m\u00e1s de lo invertido en 2020. \u201cNo es de extra\u00f1ar que amenacen a las trabajadoras y a los trabajadores electorales, porque cuando escuchan los repetidos avisos de Trump de que estamos siendo invadidos, se lo toman en serio. Ahora Trump quiere convertir esa teor\u00eda de la conspiraci\u00f3n sobre la invasi\u00f3n en una pol\u00edtica real de deportaci\u00f3n masiva\u201d, afirma.<\/p>\n<p class=\"\">En los d\u00edas que faltan hasta el 5 de noviembre, estos grupos continuar\u00e1n la labor de informaci\u00f3n y de est\u00edmulo del voto latino. En el supuesto caso de que el republicano vuelva a ocupar la Casa Blanca, su intenci\u00f3n es empezar acciones legales contra las pol\u00edticas del republicano, con las que podr\u00edan ganar tiempo para evitar las deportaciones, aunque \u201cno est\u00e1 claro durante cu\u00e1nto tiempo podemos intervenir\u201d, reconoce Murgu\u00eda. Antes y despu\u00e9s de las elecciones su objetivo es informar a los latinos de sus derechos y prevenirles de lo que puede pasar.<\/p>\n<p class=\"\">\u201cHe o\u00eddo en algunos medios que hay votantes latinos que creen que Trump est\u00e1 bromeando cuando habla de deportaciones masivas. Eso es grave porque esto se debe tomar en serio. No es ninguna broma\u201d, avisa.<\/p>\n","protected":false},"excerpt":{"rendered":"<p>&#8211; La comunidad teme que la masiva deportaci\u00f3n que promete el candidato republicano, justificada con una ley del siglo XVIII, expulse a los hispanos que&hellip;<\/p>\n","protected":false},"author":99,"featured_media":523075,"comment_status":"open","ping_status":"open","sticky":false,"template":"","format":"standard","meta":{"footnotes":""},"categories":[24],"tags":[],"class_list":["post-523070","post","type-post","status-publish","format-standard","has-post-thumbnail","hentry","category-mundo"],"_links":{"self":[{"href":"https:\/\/diarioelpopular.com\/index.php\/wp-json\/wp\/v2\/posts\/523070","targetHints":{"allow":["GET"]}}],"collection":[{"href":"https:\/\/diarioelpopular.com\/index.php\/wp-json\/wp\/v2\/posts"}],"about":[{"href":"https:\/\/diarioelpopular.com\/index.php\/wp-json\/wp\/v2\/types\/post"}],"author":[{"embeddable":true,"href":"https:\/\/diarioelpopular.com\/index.php\/wp-json\/wp\/v2\/users\/99"}],"replies":[{"embeddable":true,"href":"https:\/\/diarioelpopular.com\/index.php\/wp-json\/wp\/v2\/comments?post=523070"}],"version-history":[{"count":1,"href":"https:\/\/diarioelpopular.com\/index.php\/wp-json\/wp\/v2\/posts\/523070\/revisions"}],"predecessor-version":[{"id":523076,"href":"https:\/\/diarioelpopular.com\/index.php\/wp-json\/wp\/v2\/posts\/523070\/revisions\/523076"}],"wp:featuredmedia":[{"embeddable":true,"href":"https:\/\/diarioelpopular.com\/index.php\/wp-json\/wp\/v2\/media\/523075"}],"wp:attachment":[{"href":"https:\/\/diarioelpopular.com\/index.php\/wp-json\/wp\/v2\/media?parent=523070"}],"wp:term":[{"taxonomy":"category","embeddable":true,"href":"https:\/\/diarioelpopular.com\/index.php\/wp-json\/wp\/v2\/categories?post=523070"},{"taxonomy":"post_tag","embeddable":true,"href":"https:\/\/diarioelpopular.com\/index.php\/wp-json\/wp\/v2\/tags?post=523070"}],"curies":[{"name":"wp","href":"https:\/\/api.w.org\/{rel}","templated":true}]}}