{"id":523086,"date":"2024-10-18T09:44:44","date_gmt":"2024-10-18T13:44:44","guid":{"rendered":"https:\/\/diarioelpopular.com\/?p=523086"},"modified":"2024-10-18T09:44:44","modified_gmt":"2024-10-18T13:44:44","slug":"corte-de-bolivia-rechaza-enjuiciar-a-expresidenta-anez-por-golpe-de-estado-contra-evo-morales","status":"publish","type":"post","link":"https:\/\/diarioelpopular.com\/index.php\/2024\/10\/18\/corte-de-bolivia-rechaza-enjuiciar-a-expresidenta-anez-por-golpe-de-estado-contra-evo-morales\/","title":{"rendered":"Corte de Bolivia rechaza enjuiciar a expresidenta \u00c1\u00f1ez por \u201cgolpe de Estado\u201d contra Evo Morales"},"content":{"rendered":"<p><img loading=\"lazy\" decoding=\"async\" class=\"alignnone size-custom-big-size wp-image-523087\" src=\"https:\/\/diarioelpopular.com\/wp-content\/uploads\/2024\/10\/Screen-Shot-2024-10-18-at-9.42.33-AM-1200x870.png\" alt=\"\" width=\"1200\" height=\"870\" srcset=\"https:\/\/diarioelpopular.com\/wp-content\/uploads\/2024\/10\/Screen-Shot-2024-10-18-at-9.42.33-AM-1200x870.png 1200w, https:\/\/diarioelpopular.com\/wp-content\/uploads\/2024\/10\/Screen-Shot-2024-10-18-at-9.42.33-AM-300x218.png 300w, https:\/\/diarioelpopular.com\/wp-content\/uploads\/2024\/10\/Screen-Shot-2024-10-18-at-9.42.33-AM-768x557.png 768w, https:\/\/diarioelpopular.com\/wp-content\/uploads\/2024\/10\/Screen-Shot-2024-10-18-at-9.42.33-AM-636x461.png 636w, https:\/\/diarioelpopular.com\/wp-content\/uploads\/2024\/10\/Screen-Shot-2024-10-18-at-9.42.33-AM-101x73.png 101w, https:\/\/diarioelpopular.com\/wp-content\/uploads\/2024\/10\/Screen-Shot-2024-10-18-at-9.42.33-AM.png 1024w\" sizes=\"auto, (max-width: 1200px) 100vw, 1200px\" \/><\/p>\n<p>&nbsp;<\/p>\n<p>&nbsp;<\/p>\n<ul>\n<li><em><strong>Los otros acusados continuar\u00e1n respondiendo en el juicio, dijeron sus abogados.<\/strong><\/em><\/li>\n<\/ul>\n<p>&nbsp;<\/p>\n<p>Un tribunal de La Paz rechaz\u00f3 este jueves enjuiciar a la expresidente boliviana\u00a0Jeanine \u00c1\u00f1ez\u00a0por presuntamente haber planificado un\u00a0\u201cgolpe de Estado\u201d\u00a0contra\u00a0Evo Morales\u00a0en 2019. En el primer d\u00eda de juicio, la corte tom\u00f3 la decisi\u00f3n de apartar a la exmandataria del proceso, seg\u00fan su abogado\u00a0Luis Guill\u00e9n.<\/p>\n<p>Sin embargo, \u00c1\u00f1ez seguir\u00e1 cumpliendo una condena de 10 a\u00f1os por hechos relacionados con la violenta crisis de 2019, cuando Morales fue forzado a renunciar tras ser acusado por la oposici\u00f3n de haber cometido un fraude en los comicios de ese a\u00f1o.<\/p>\n<p>\u201cNo se ha restituido la libertad\u201d\u00a0de la expresidenta, \u201cpor lo tanto no la podemos considerar una victoria, sino que lo consideramos como un respeto (&#8230;) a la prohibici\u00f3n de un doble procesamiento\u201d, agreg\u00f3 el abogado.<\/p>\n<p>En 2022, la justicia ya hab\u00eda condenado a la exgobernante de 57 a\u00f1os por asumir la presidencia de manera inconstitucional en reemplazo de Evo Morales.<\/p>\n<p>Esta vez, la fiscal\u00eda pretend\u00eda que recibiera una condena de hasta 20 a\u00f1os por\u00a0\u201cterrorismo, asociaci\u00f3n delictuosa y uso indebido de influencias\u201d. Su actuaci\u00f3n configur\u00f3 \u201cla ruptura del orden constitucional y la salida prematura del gobierno\u201d de Morales, aleg\u00f3 el ministerio p\u00fablico.<\/p>\n<p><em><strong>M\u00e1s procesos<\/strong><\/em><\/p>\n<p>En noviembre de 2019, \u00c1\u00f1ez, senadora de la oposici\u00f3n, asumi\u00f3 la presidencia de Bolivia, dos d\u00edas despu\u00e9s de que Morales y su entonces vicepresidente, \u00c1lvaro Garc\u00eda, renunciaran en medio de la convulsi\u00f3n social. Morales comenz\u00f3 a gobernar en 2006. Fue reelegido en 2009, 2014 y 2019, cuando busc\u00f3 un cuarto mandato hasta 2025.<\/p>\n<p>\u201cHemos ganado una batalla, pero no la guerra y vamos a seguir luchando por la libertad de mi madre\u201d,\u00a0dijo su hija Carolina Ribera, quien estuvo en la instalaci\u00f3n de la audiencia a la que no tuvo acceso la prensa.<\/p>\n<p>\u00c1\u00f1ez todav\u00eda enfrenta ocho investigaciones por hechos relacionados con la crisis de 2019 y por presuntos casos de corrupci\u00f3n durante su mandato de un a\u00f1o.<\/p>\n<div class=\"teads-inread sm-screen\">\n<div>\n<div class=\"teads-ui-components-adchoices\">\n<p>\u201cNo fue golpe, s\u00ed fue fraude\u201d, clam\u00f3 temprano \u00c1\u00f1ez cuando era trasladada con esposas y chaleco antibalas desde una c\u00e1rcel de La Paz hasta la corte donde se abri\u00f3 el juicio conocido como \u201cGolpe de Estado I\u201d.<\/p>\n<p>Junto con ella fueron presentados ante el tribunal el exgobernador de Santa Cruz Luis Fernando Camacho y seis personas m\u00e1s, incluidos exministros, exmandos militares y policiales y un l\u00edder social.<\/p>\n<p><em><strong>\u201cFantasioso\u201d<\/strong><\/em><\/p>\n<p>Anticip\u00e1ndose a la decisi\u00f3n de la corte, \u00c1\u00f1ez hab\u00eda calificado el segundo juicio como \u201cilegal\u201d, adem\u00e1s de \u201cfantasioso\u201d.<\/p>\n<p>Ahora su defensa se centrar\u00e1 en el proceso por matanza de civiles en Senkata (El Alto) y Sacaba (Cochabamba), con saldo de 20 muertos, en la represi\u00f3n militar que sigui\u00f3 al cambio de gobierno.<\/p>\n<p>El juicio contra \u00c1\u00f1ez recibi\u00f3 desde el inicio el apoyo decidido del gobierno del presidente Luis Arce y Morales.<\/p>\n<p>Sin embargo, la agria disputa entre ambos por la candidatura presidencial del oficialismo en las elecciones de 2025 podr\u00eda incidir en el curso judicial. Un juzgado de El Alto orden\u00f3 a Morales declarar como testigo por una supuesta manipulaci\u00f3n pol\u00edtica del proceso contra \u00c1\u00f1ez.<\/p>\n<p>El exmandatario permanece resguardado en la regi\u00f3n cocalera del Chapare, donde tiene su base pol\u00edtica, ante la posibilidad de que la fiscal\u00eda ordene su arresto.<\/p>\n<p>Morales es investigado por estupro, trata y tr\u00e1fico de personas, a ra\u00edz del supuesto abuso de una menor de 15 a\u00f1os con quien, seg\u00fan la fiscal\u00eda, tuvo una hija en 2016.<\/p>\n<p>El l\u00edder ind\u00edgena, que rechaza el proceso como\u00a0\u201cuna mentira m\u00e1s\u201d,\u00a0acusa a Arce de orquestar su posible detenci\u00f3n. Gustavo Flores-Mac\u00edas, investigador de la universidad de Cornell en Estados Unidos, dijo a la AFP que la justicia boliviana est\u00e1 presa en los vaivenes pol\u00edticos. El sistema de justicia se encuentra ahora\u00a0\u201ccon un mayor nivel de manipulaci\u00f3n pol\u00edtica\u201d\u00a0comparado con otros de la regi\u00f3n, remarc\u00f3.<\/p>\n<p>&nbsp;<\/p>\n<\/div>\n<\/div>\n<\/div>\n<div class=\"teads-inread sm-screen\">\n<div>\n<div class=\"teads-ui-components-adchoices\"><\/div>\n<\/div>\n<\/div>\n","protected":false},"excerpt":{"rendered":"<p>&nbsp; &nbsp; Los otros acusados continuar\u00e1n respondiendo en el juicio, dijeron sus abogados. &nbsp; Un tribunal de La Paz rechaz\u00f3 este jueves enjuiciar a la&hellip;<\/p>\n","protected":false},"author":99,"featured_media":523087,"comment_status":"open","ping_status":"open","sticky":false,"template":"","format":"standard","meta":{"footnotes":""},"categories":[23],"tags":[],"class_list":["post-523086","post","type-post","status-publish","format-standard","has-post-thumbnail","hentry","category-latinoamerica"],"_links":{"self":[{"href":"https:\/\/diarioelpopular.com\/index.php\/wp-json\/wp\/v2\/posts\/523086","targetHints":{"allow":["GET"]}}],"collection":[{"href":"https:\/\/diarioelpopular.com\/index.php\/wp-json\/wp\/v2\/posts"}],"about":[{"href":"https:\/\/diarioelpopular.com\/index.php\/wp-json\/wp\/v2\/types\/post"}],"author":[{"embeddable":true,"href":"https:\/\/diarioelpopular.com\/index.php\/wp-json\/wp\/v2\/users\/99"}],"replies":[{"embeddable":true,"href":"https:\/\/diarioelpopular.com\/index.php\/wp-json\/wp\/v2\/comments?post=523086"}],"version-history":[{"count":1,"href":"https:\/\/diarioelpopular.com\/index.php\/wp-json\/wp\/v2\/posts\/523086\/revisions"}],"predecessor-version":[{"id":523088,"href":"https:\/\/diarioelpopular.com\/index.php\/wp-json\/wp\/v2\/posts\/523086\/revisions\/523088"}],"wp:featuredmedia":[{"embeddable":true,"href":"https:\/\/diarioelpopular.com\/index.php\/wp-json\/wp\/v2\/media\/523087"}],"wp:attachment":[{"href":"https:\/\/diarioelpopular.com\/index.php\/wp-json\/wp\/v2\/media?parent=523086"}],"wp:term":[{"taxonomy":"category","embeddable":true,"href":"https:\/\/diarioelpopular.com\/index.php\/wp-json\/wp\/v2\/categories?post=523086"},{"taxonomy":"post_tag","embeddable":true,"href":"https:\/\/diarioelpopular.com\/index.php\/wp-json\/wp\/v2\/tags?post=523086"}],"curies":[{"name":"wp","href":"https:\/\/api.w.org\/{rel}","templated":true}]}}