{"id":523164,"date":"2024-10-19T11:48:09","date_gmt":"2024-10-19T15:48:09","guid":{"rendered":"https:\/\/diarioelpopular.com\/?p=523164"},"modified":"2024-10-19T11:48:09","modified_gmt":"2024-10-19T15:48:09","slug":"la-carcel-de-brooklyn-epicentro-mundial-del-crimen-y-nueva-casa-de-el-mayo-zambada","status":"publish","type":"post","link":"https:\/\/diarioelpopular.com\/index.php\/2024\/10\/19\/la-carcel-de-brooklyn-epicentro-mundial-del-crimen-y-nueva-casa-de-el-mayo-zambada\/","title":{"rendered":"La c\u00e1rcel de Brooklyn, epicentro mundial del crimen y nueva casa de \u2018El Mayo\u2019 Zambada"},"content":{"rendered":"<div id=\"attachment_523165\" style=\"width: 1210px\" class=\"wp-caption alignnone\"><img loading=\"lazy\" decoding=\"async\" aria-describedby=\"caption-attachment-523165\" class=\"wp-image-523165 size-custom-big-size\" src=\"https:\/\/diarioelpopular.com\/wp-content\/uploads\/2024\/10\/Screen-Shot-2024-10-19-at-11.47.31-AM-1200x678.png\" alt=\"\" width=\"1200\" height=\"678\" srcset=\"https:\/\/diarioelpopular.com\/wp-content\/uploads\/2024\/10\/Screen-Shot-2024-10-19-at-11.47.31-AM-1200x678.png 1200w, https:\/\/diarioelpopular.com\/wp-content\/uploads\/2024\/10\/Screen-Shot-2024-10-19-at-11.47.31-AM-300x169.png 300w, https:\/\/diarioelpopular.com\/wp-content\/uploads\/2024\/10\/Screen-Shot-2024-10-19-at-11.47.31-AM-768x434.png 768w, https:\/\/diarioelpopular.com\/wp-content\/uploads\/2024\/10\/Screen-Shot-2024-10-19-at-11.47.31-AM-636x359.png 636w, https:\/\/diarioelpopular.com\/wp-content\/uploads\/2024\/10\/Screen-Shot-2024-10-19-at-11.47.31-AM-129x73.png 129w, https:\/\/diarioelpopular.com\/wp-content\/uploads\/2024\/10\/Screen-Shot-2024-10-19-at-11.47.31-AM.png 1024w\" sizes=\"auto, (max-width: 1200px) 100vw, 1200px\" \/><p id=\"caption-attachment-523165\" class=\"wp-caption-text\">Joaqu\u00edn El Chapo Guzm\u00e1n, Genaro Garc\u00eda Luna e Ismael El Mayo Zambada.<\/p><\/div>\n<p>&nbsp;<\/p>\n<p>&nbsp;<\/p>\n<h4 class=\"a_st\"><em>&#8211; El centro de detenci\u00f3n, famoso por albergar desde expresidentes y l\u00edderes de sectas hasta algunos de los narcos m\u00e1s temidos, est\u00e1 en el ojo del hurac\u00e1n por las condiciones de sus instalaciones y el asesinato de dos presos<\/em><\/h4>\n<p>&nbsp;<\/p>\n<p class=\"\">Un enorme complejo de edificios de concreto pasa pr\u00e1cticamente desapercibido, rodeado de una inmensa zona industrial y portuaria frente al mar, a las orillas de Nueva York. El<a href=\"https:\/\/elpais.com\/mexico\/2024-10-02\/el-narco-converge-en-brooklyn-el-mayo-y-garcia-luna-estaran-en-el-mismo-tribunal-de-nueva-york-con-un-dia-de-diferencia.html\" data-link-track-dtm=\"\" data-mrf-link=\"https:\/\/elpais.com\/mexico\/2024-10-02\/el-narco-converge-en-brooklyn-el-mayo-y-garcia-luna-estaran-en-el-mismo-tribunal-de-nueva-york-con-un-dia-de-diferencia.html\">\u00a0Centro de Detenci\u00f3n Metropolitano de Brooklyn<\/a>\u00a0(MDC), sin embargo, no es una prisi\u00f3n cualquiera. Entre sus paredes est\u00e1n alojados 1.218 presos, entre ellos nombres propios como el del rapero\u00a0<a href=\"https:\/\/elpais.com\/us\/2024-10-06\/sean-combs-el-depredador-con-cientos-de-victimas-que-levanto-la-liebre-del-me-too-musical.html\" data-link-track-dtm=\"\" data-mrf-link=\"https:\/\/elpais.com\/us\/2024-10-06\/sean-combs-el-depredador-con-cientos-de-victimas-que-levanto-la-liebre-del-me-too-musical.html\">Sean\u00a0<i>Diddy<\/i>\u00a0Combs<\/a>; el l\u00edder hist\u00f3rico del Cartel de Sinaloa,<a href=\"https:\/\/elpais.com\/mexico\/2024-08-25\/la-caida-de-el-mayo-zambada-cronologia-del-escandalo-que-ha-cimbrado-a-mexico.html\" data-link-track-dtm=\"\" data-mrf-link=\"https:\/\/elpais.com\/mexico\/2024-08-25\/la-caida-de-el-mayo-zambada-cronologia-del-escandalo-que-ha-cimbrado-a-mexico.html\">\u00a0Ismael\u00a0<i>El Mayo\u00a0<\/i>Zambada<\/a>; el multimillonario y ni\u00f1o prodigio de las criptomonedas Sam Bankman-Fried, o\u00a0<a href=\"https:\/\/elpais.com\/mexico\/2023-02-22\/la-caida-de-genaro-garcia-luna-el-zar-de-la-guerra-contra-las-drogas-de-mexico.html\" data-link-track-dtm=\"\" data-mrf-link=\"https:\/\/elpais.com\/mexico\/2023-02-22\/la-caida-de-genaro-garcia-luna-el-zar-de-la-guerra-contra-las-drogas-de-mexico.html\">Genaro Garc\u00eda Luna,<\/a>\u00a0exsecretario de Seguridad P\u00fablica de M\u00e9xico. Antes alberg\u00f3 tambi\u00e9n a Joaqu\u00edn\u00a0<i>El Chapo<\/i>\u00a0Guzm\u00e1n; al expresidente hondure\u00f1o Juan Orlando Hern\u00e1ndez: a Keith Raniere y la actriz Allison Mack, de la secta NXIVM, y a Ghislaine Maxwell, mano derecha del depredador sexual Jeffrey Epstein. Su lista interminable de reclusos c\u00e9lebres no es lo \u00fanico que le ha dado notoriedad. En medio del esc\u00e1ndalo por el caso contra Diddy, la c\u00e1rcel ha estado tambi\u00e9n en el centro de la pol\u00e9mica por el deterioro de sus instalaciones, las condiciones que ofrece a la poblaci\u00f3n penitenciaria, acusaciones de corrupci\u00f3n y el asesinato de dos reos el verano pasado.<\/p>\n<p class=\"\">\u201cLa \u00fanica forma de describir un centro de detenci\u00f3n, sobre todo el de Brooklyn, es como el infierno en la tierra\u201d, afirma Sam Mangel, un exconvicto que ha hecho carrera como asesor de criminales de cuello blanco y que tiene cuatro clientes en el MDC. Este tipo de c\u00e1rceles son una especie de limbo para la mayor\u00eda de quienes permanecen detenidos all\u00ed: es el destino de cientos de personas que esperan que su caso llegue a juicio y de quienes ya han sido sentenciados, pero no han sido trasladados al sitio definitivo donde estar\u00e1n o que purgan condenas directamente ah\u00ed. \u201cT\u00edpicamente, son lo peor de lo peor porque tienen una tremenda falta de personal, pero tambi\u00e9n porque tienes ah\u00ed a un mont\u00f3n de individuos de cuello blanco que cohabitan con reos de diferentes niveles de seguridad, como ped\u00f3filos, asesinos o pandilleros\u201d, agrega el consultor.<\/p>\n<p class=\"\">El edificio principal del centro de detenci\u00f3n, abierto a principios de los noventa, est\u00e1 dividido en nueve plantas. \u201cEl infierno\u201d al que se refiere Mangel est\u00e1, de hecho, en la parte m\u00e1s alta, aunque hay otros espacios habilitados como tales. A esa zona se le conoce tambi\u00e9n como \u201cel hoyo\u201d o SHU (acr\u00f3nimo de\u00a0<i>Special Housing Unit<\/i>), la parte donde son encerrados los presos m\u00e1s peligrosos, indisciplinados, o los que corren el riesgo de ser agredidos por otros reclusos.<\/p>\n<p class=\"\">Son celdas de unos cinco metros cuadrados, donde las luces permanecen encendidas 23 horas al d\u00eda y bajo la vigilancia permanente de las c\u00e1maras de seguridad. Cada una tiene, por lo general, una peque\u00f1a ventana, un escritorio peque\u00f1o, una consigna de metal, un inodoro y un lavabo. Los presos s\u00f3lo est\u00e1n fuera de las celdas de castigo tres horas a la semana, no pueden descargar por s\u00ed mismos sus propios excusados y son trasladados con esposas pr\u00e1cticamente en todo momento, salvo cuando se duchan, de acuerdo con Mangel. Pr\u00e1cticamente todos los presos de alto perfil pasan por esta zona, desde Diddy y<a href=\"https:\/\/elpais.com\/mexico\/2022-05-25\/el-chapo-desde-prision-recibo-un-trato-cruel-e-injusto.html\" data-link-track-dtm=\"\" data-mrf-link=\"https:\/\/elpais.com\/mexico\/2022-05-25\/el-chapo-desde-prision-recibo-un-trato-cruel-e-injusto.html\">\u00a0El Chapo<\/a>\u00a0hasta Garc\u00eda Luna. Hay espacio s\u00f3lo para 15 reos en ese nivel.<\/p>\n<p>&nbsp;<\/p>\n<figure class=\"a_m a_m-h \">\n<p><div style=\"width: 424px\" class=\"wp-caption alignnone\"><img loading=\"lazy\" decoding=\"async\" class=\"_re lazyload a_m-h\" src=\"https:\/\/imagenes.elpais.com\/resizer\/v2\/W3CTGAMPVFD47ABFTEKC3NNDBU.jpg?auth=44ccace2f26c6ea207ca00f64ce77affa2f7bb96a4da5ed67c95f5c034e2a415&amp;width=414\" sizes=\"auto, (min-width:1199px) 1155px,(min-width:1001px) calc(100vw - 44px),(min-width:768px) 767px, 100vw\" srcset=\"https:\/\/imagenes.elpais.com\/resizer\/v2\/W3CTGAMPVFD47ABFTEKC3NNDBU.jpg?auth=44ccace2f26c6ea207ca00f64ce77affa2f7bb96a4da5ed67c95f5c034e2a415&amp;width=414 414w,https:\/\/imagenes.elpais.com\/resizer\/v2\/W3CTGAMPVFD47ABFTEKC3NNDBU.jpg?auth=44ccace2f26c6ea207ca00f64ce77affa2f7bb96a4da5ed67c95f5c034e2a415&amp;width=828 640w,https:\/\/imagenes.elpais.com\/resizer\/v2\/W3CTGAMPVFD47ABFTEKC3NNDBU.jpg?auth=44ccace2f26c6ea207ca00f64ce77affa2f7bb96a4da5ed67c95f5c034e2a415&amp;width=980 1000w,https:\/\/imagenes.elpais.com\/resizer\/v2\/W3CTGAMPVFD47ABFTEKC3NNDBU.jpg?auth=44ccace2f26c6ea207ca00f64ce77affa2f7bb96a4da5ed67c95f5c034e2a415&amp;width=1960 1960w\" alt=\"El Centro de Detenci\u00f3n Metropolitano de Brooklyn.\" width=\"414\" height=\"290\" \/><p class=\"wp-caption-text\">El Centro de Detenci\u00f3n Metropolitano de Brooklyn.Yuriy T\u00a0 \u00a0 \u00a0(Getty Images)<\/p><\/div><figcaption class=\"a_m_p\"><\/figcaption><\/figure>\n<p>&nbsp;<\/p>\n<p class=\"\">\u201cEl consejo que siempre le doy a mis clientes es que sean peces peque\u00f1os en un estanque grande, sin importar qui\u00e9n seas no intentes destacar, para la prisi\u00f3n s\u00f3lo eres un n\u00famero m\u00e1s\u201d, cuenta Mangel. Tener un nombre conocido a veces genera empat\u00edas en otros reos, \u00e1vidos de escuchar una buena historia para vencer al aburrimiento. Pero tambi\u00e9n puede ser un tema delicado. Al ser una especie de \u201climbo\u201d, muchos presos cuidan lo que dicen porque muchos aspiran a tener penas reducidas a cambio de cooperar con las autoridades y las delaciones est\u00e1n a la orden del d\u00eda. \u201cAgacha la cabeza y baja el perfil, estar\u00e1s bien el 90% del tiempo\u201d, insiste el asesor.<\/p>\n<p class=\"\">El MDC aloja a presos conocidos y poderosos en el mundo exterior porque sirve a dos Cortes de Nueva York. La del Distrito Sur, en Manhattan, que se especializa en delitos financieros y bancarios, incluso si son cometidos por acusados de Asia o Europa. Y la del Distrito Este, en Brooklyn, que se ha convertido en el epicentro judicial de la\u00a0<a href=\"https:\/\/elpais.com\/mexico\/2024-09-20\/estados-unidos-agita-el-avispero-del-narco-en-mexico.html\" data-link-track-dtm=\"\" data-mrf-link=\"https:\/\/elpais.com\/mexico\/2024-09-20\/estados-unidos-agita-el-avispero-del-narco-en-mexico.html\">guerra contra las drogas de Estados Unidos<\/a>.<\/p>\n<p class=\"\">La notoriedad de algunos reos ha dado pie a otros problemas. Mangel, por ejemplo, asegura que los custodios le pidieron a uno de sus clientes 6.000 d\u00f3lares a cambio de conseguirle un tel\u00e9fono de contrabando. Y hay complicaciones propias de la metr\u00f3poli donde se encuentra: los espacios, como en casi toda Nueva York, son reducidos y el costo de vida es muy alto, por lo que es dif\u00edcil encontrar a personas dispuestas a trabajar en esa c\u00e1rcel. Solo 200 de las 301 vacantes para custodios est\u00e1n cubiertas, seg\u00fan documentos oficiales.<\/p>\n<p class=\"\">No todo gira alrededor de los ricos y famosos ni de las historias de terror sobre el \u201choyo\u201d. \u201cEl MDC salv\u00f3 mi vida\u201d, afirma Brad Rouse, que estuvo preso ah\u00ed durante un a\u00f1o por delitos de drogas. Rouse, un exgraduado de Harvard que se dedica a ense\u00f1ar a presos, afirma que las condiciones son tremendamente dif\u00edciles para quienes viven y trabajan ah\u00ed, pero reconoce el esfuerzo de la mayor\u00eda del personal para reintegrar a los presos. \u201cHay una intensidad emocional \u00fanica, tienes ira y desolaci\u00f3n en cantidades enormes, y gente que atraviesa el peor momento de sus vidas metida toda en un inmenso almac\u00e9n humano\u201d, agrega.<\/p>\n<p class=\"\">Rouse estuvo alojado de 2008 a 2009 en una zona que se conoce como \u201cpoblaci\u00f3n general\u201d, donde las condiciones son completamente diferentes. Las unidades regulares est\u00e1n repartidas tienen dos niveles, celdas para dos personas, \u00e1reas comunes de convivencia y recreaci\u00f3n, aunque no hay espacios al aire libre. \u201cEra como las Naciones Unidas, hab\u00eda gente de cientos de pa\u00edses y culturas, y recuerdo que todo era bullicioso\u201d, comenta. \u201cLas nacionalidades son importantes para los grupos dentro, est\u00e1n los de \u00c1frica Occidental y Oriental, la gente de Rusia o de Asia, los latinos, los musulmanes\u201d, se\u00f1ala.<\/p>\n<p>&nbsp;<\/p>\n<figure class=\"a_m a_m-h \">\n<p><div style=\"width: 424px\" class=\"wp-caption alignnone\"><img loading=\"lazy\" decoding=\"async\" class=\"_re lazyload a_m-h\" src=\"https:\/\/imagenes.elpais.com\/resizer\/v2\/SWV2EYUNLVDMHG2UY7VACE4Y2U.jpg?auth=88e19388e5f3a7d0b9f8edd1245f81b50dace751b88fbfcab5f8535a198e080e&amp;width=414\" sizes=\"auto, (min-width:1199px) 1155px,(min-width:1001px) calc(100vw - 44px),(min-width:768px) 767px, 100vw\" srcset=\"https:\/\/imagenes.elpais.com\/resizer\/v2\/SWV2EYUNLVDMHG2UY7VACE4Y2U.jpg?auth=88e19388e5f3a7d0b9f8edd1245f81b50dace751b88fbfcab5f8535a198e080e&amp;width=414 414w,https:\/\/imagenes.elpais.com\/resizer\/v2\/SWV2EYUNLVDMHG2UY7VACE4Y2U.jpg?auth=88e19388e5f3a7d0b9f8edd1245f81b50dace751b88fbfcab5f8535a198e080e&amp;width=828 640w,https:\/\/imagenes.elpais.com\/resizer\/v2\/SWV2EYUNLVDMHG2UY7VACE4Y2U.jpg?auth=88e19388e5f3a7d0b9f8edd1245f81b50dace751b88fbfcab5f8535a198e080e&amp;width=980 1000w,https:\/\/imagenes.elpais.com\/resizer\/v2\/SWV2EYUNLVDMHG2UY7VACE4Y2U.jpg?auth=88e19388e5f3a7d0b9f8edd1245f81b50dace751b88fbfcab5f8535a198e080e&amp;width=1960 1960w\" alt=\"Personal de seguridad del Centro de Detenci\u00f3n Metropolitano, en 2019.\" width=\"414\" height=\"276\" \/><p class=\"wp-caption-text\">Personal de seguridad del Centro de Detenci\u00f3n Metropolitano, en 2019.Drew Angerer (Getty Images)<\/p><\/div><figcaption class=\"a_m_p\"><\/figcaption><\/figure>\n<p>&nbsp;<\/p>\n<p class=\"\">En la misma unidad, un recluso pod\u00eda estar desolado por la muerte de un familiar y, a su lado, otro pod\u00eda estar euf\u00f3rico porque estaba a punto de salir, relata Rouse. Hay tambi\u00e9n una peque\u00f1a secci\u00f3n de mujeres reclusas en la misma c\u00e1rcel y los ductos de ventilaci\u00f3n se convert\u00edan a veces en espacios para flirtear y conocerse mejor, a pesar de estar a varios niveles de distancia. Sin embargo, la vida en la c\u00e1rcel suele ser rutinaria y mon\u00f3tona, basado en un sistema de reglas que determinan cuando hay que comer, salir o pararse a un costado de la cama para los conteos diarios. Tambi\u00e9n hay trabajos. En Nueva York, un preso gana como m\u00ednimo unos 16 c\u00e9ntimos de d\u00f3lar por hora y un m\u00e1ximo de 65 c\u00e9ntimos, si su empleo est\u00e1 relacionado con la fabricaci\u00f3n de productos, seg\u00fan registros oficiales del a\u00f1o pasado. Cada encargo entra\u00f1a tambi\u00e9n diferentes grados de libertad y permisos para moverse por las distintas \u00e1reas de la c\u00e1rcel, e influye en el sistema de puntos que gu\u00eda el paso de los presos por el sistema penitenciario. Mangel admite que para muchos de sus clientes es una cura de humildad. \u201cTu fortuna puede estar valorada en miles de millones de d\u00f3lares afuera, pero dentro est\u00e1s recogiendo bandejas o fregando pisos\u201d, se\u00f1ala.<\/p>\n<p class=\"\">Tras el cierre de la correccional de Manhattan en 2021, Brooklyn es el \u00fanico centro de detenci\u00f3n federal en servicio para Nueva York. Su deterioro, desde informes sobre comida en mal estado o condiciones de insalubridad hasta quejas de hacinamiento y relatos de violencia extrema, provoc\u00f3 que este mismo a\u00f1o el juez Jesse Furman se negara a enviar a uno de sus acusados al MDC, al argumentar que la situaci\u00f3n de la c\u00e1rcel es \u201cespantosa\u201d e \u201cinaceptable\u201d.<\/p>\n<p class=\"\">\u201cAl menos cuatro presos se han suicidado en los \u00faltimos tres a\u00f1os\u201d, se\u00f1al\u00f3 Furman en una opini\u00f3n judicial de abril pasado. \u201cEl contrabando, desde drogas a tel\u00e9fonos m\u00f3viles, se ha extendido\u201d, agreg\u00f3. \u201cHa llegado al punto de que se ha vuelto un asunto de rutina para jueces en este distrito y el Este dar penas reducidas a los acusados, debido a las condiciones del MDC\u201d.<\/p>\n<p class=\"\">El Departamento de Justicia anunci\u00f3 a finales de septiembre una investigaci\u00f3n para aclarar los asesinatos de Uriel Whyte en junio y de Edwin Cordero en julio. Whyte muri\u00f3 tras ser atacado por dos presos con armas blancas durante 15 minutos hasta que falleci\u00f3 tras ser apu\u00f1alado en el cuello. Cordero sufri\u00f3 un ataque similar a manos de tres reos. Apenas en agosto hubo otros dos agresiones y apu\u00f1alamientos, contra un recluso y un custodio, que no fueron letales. Nueve personas enfrentan cargos por los ataques, que encendieron las alarmas porque no pudieron ser evitados, pese a la intervenci\u00f3n de emergencia de param\u00e9dicos.<\/p>\n<p class=\"\">El mes pasado, en medio del escrutinio p\u00fablico, el MDC anunci\u00f3 que no iba a admitir a reos que ya estaban cumpliendo sus sentencias y ha reducido su matr\u00edcula. De alrededor de 1.700 presos reportados a inicios de a\u00f1o a 500 menos en la actualidad, aunque est\u00e1 pensada como una c\u00e1rcel para unas 1.000 personas. Estados Unidos, un pa\u00eds que roza los dos millones de presos seg\u00fan la organizaci\u00f3n Prison Policy Initiative, recort\u00f3 el presupuesto para la infraestructura del sistema penitenciario federal en un 38% en el a\u00f1o fiscal de 2024, de 290 millones de d\u00f3lares a poco menos de 180 millones. A las orillas de Nueva York, la c\u00e1rcel m\u00e1s conocida enfrenta tambi\u00e9n una de sus peores crisis en los \u00faltimos a\u00f1os.<\/p>\n","protected":false},"excerpt":{"rendered":"<p>&nbsp; &nbsp; &#8211; El centro de detenci\u00f3n, famoso por albergar desde expresidentes y l\u00edderes de sectas hasta algunos de los narcos m\u00e1s temidos, est\u00e1 en&hellip;<\/p>\n","protected":false},"author":99,"featured_media":523165,"comment_status":"open","ping_status":"open","sticky":false,"template":"","format":"standard","meta":{"footnotes":""},"categories":[23],"tags":[],"class_list":["post-523164","post","type-post","status-publish","format-standard","has-post-thumbnail","hentry","category-latinoamerica"],"_links":{"self":[{"href":"https:\/\/diarioelpopular.com\/index.php\/wp-json\/wp\/v2\/posts\/523164","targetHints":{"allow":["GET"]}}],"collection":[{"href":"https:\/\/diarioelpopular.com\/index.php\/wp-json\/wp\/v2\/posts"}],"about":[{"href":"https:\/\/diarioelpopular.com\/index.php\/wp-json\/wp\/v2\/types\/post"}],"author":[{"embeddable":true,"href":"https:\/\/diarioelpopular.com\/index.php\/wp-json\/wp\/v2\/users\/99"}],"replies":[{"embeddable":true,"href":"https:\/\/diarioelpopular.com\/index.php\/wp-json\/wp\/v2\/comments?post=523164"}],"version-history":[{"count":1,"href":"https:\/\/diarioelpopular.com\/index.php\/wp-json\/wp\/v2\/posts\/523164\/revisions"}],"predecessor-version":[{"id":523169,"href":"https:\/\/diarioelpopular.com\/index.php\/wp-json\/wp\/v2\/posts\/523164\/revisions\/523169"}],"wp:featuredmedia":[{"embeddable":true,"href":"https:\/\/diarioelpopular.com\/index.php\/wp-json\/wp\/v2\/media\/523165"}],"wp:attachment":[{"href":"https:\/\/diarioelpopular.com\/index.php\/wp-json\/wp\/v2\/media?parent=523164"}],"wp:term":[{"taxonomy":"category","embeddable":true,"href":"https:\/\/diarioelpopular.com\/index.php\/wp-json\/wp\/v2\/categories?post=523164"},{"taxonomy":"post_tag","embeddable":true,"href":"https:\/\/diarioelpopular.com\/index.php\/wp-json\/wp\/v2\/tags?post=523164"}],"curies":[{"name":"wp","href":"https:\/\/api.w.org\/{rel}","templated":true}]}}