{"id":523170,"date":"2024-10-19T11:56:12","date_gmt":"2024-10-19T15:56:12","guid":{"rendered":"https:\/\/diarioelpopular.com\/?p=523170"},"modified":"2024-10-19T11:56:12","modified_gmt":"2024-10-19T15:56:12","slug":"montenegro-el-refugio-en-los-balcanes-donde-rusos-y-ucranianos-conviven-en-paz","status":"publish","type":"post","link":"https:\/\/diarioelpopular.com\/index.php\/2024\/10\/19\/montenegro-el-refugio-en-los-balcanes-donde-rusos-y-ucranianos-conviven-en-paz\/","title":{"rendered":"Montenegro, el refugio en los Balcanes donde rusos y ucranianos conviven en paz"},"content":{"rendered":"<div class=\"bbc-19j92fr ebmt73l0\" dir=\"ltr\">\n<div id=\"attachment_523171\" style=\"width: 646px\" class=\"wp-caption alignnone\"><img loading=\"lazy\" decoding=\"async\" aria-describedby=\"caption-attachment-523171\" class=\"wp-image-523171 size-custom-full-size\" src=\"https:\/\/diarioelpopular.com\/wp-content\/uploads\/2024\/10\/Screen-Shot-2024-10-19-at-11.55.31-AM-636x357.png\" alt=\"\" width=\"636\" height=\"357\" srcset=\"https:\/\/diarioelpopular.com\/wp-content\/uploads\/2024\/10\/Screen-Shot-2024-10-19-at-11.55.31-AM-636x357.png 636w, https:\/\/diarioelpopular.com\/wp-content\/uploads\/2024\/10\/Screen-Shot-2024-10-19-at-11.55.31-AM-300x169.png 300w, https:\/\/diarioelpopular.com\/wp-content\/uploads\/2024\/10\/Screen-Shot-2024-10-19-at-11.55.31-AM-768x432.png 768w, https:\/\/diarioelpopular.com\/wp-content\/uploads\/2024\/10\/Screen-Shot-2024-10-19-at-11.55.31-AM-130x73.png 130w, https:\/\/diarioelpopular.com\/wp-content\/uploads\/2024\/10\/Screen-Shot-2024-10-19-at-11.55.31-AM.png 1024w\" sizes=\"auto, (max-width: 636px) 100vw, 636px\" \/><p id=\"caption-attachment-523171\" class=\"wp-caption-text\">Budva es un destino tur\u00edstico popular en la costa del Adri\u00e1tico.<\/p><\/div>\n<p dir=\"ltr\">\n<p dir=\"ltr\">\n<ul>\n<li class=\"bbc-hhl7in e17g058b0\" dir=\"ltr\"><em><b>&#8220;Nuestra gente respeta a los pueblos ruso y ucraniano&#8221;, afirma Savvo Dobrovic. &#8220;No he notado ninguna mala relaci\u00f3n&#8221;.<\/b><\/em><\/li>\n<\/ul>\n<\/div>\n<div class=\"bbc-19j92fr ebmt73l0\" dir=\"ltr\">\n<p dir=\"ltr\">\n<p dir=\"ltr\">\n<p class=\"bbc-hhl7in e17g058b0\" dir=\"ltr\">Parece la f\u00f3rmula perfecta para la crispaci\u00f3n y el enfrentamiento: decenas de miles de personas de bandos opuestos en una guerra encarnizada y prolongada llegan a una peque\u00f1a naci\u00f3n balc\u00e1nica con recuerdos muy recientes de su propio conflicto.<\/p>\n<\/div>\n<div class=\"bbc-19j92fr ebmt73l0\" dir=\"ltr\">\n<p class=\"bbc-hhl7in e17g058b0\" dir=\"ltr\">Sin embargo, Montenegro ha sabido hasta ahora gestionar la llegada.<\/p>\n<\/div>\n<div class=\"bbc-19j92fr ebmt73l0\" dir=\"ltr\">\n<p class=\"bbc-hhl7in e17g058b0\" dir=\"ltr\">Desde febrero de 2022, refugiados ucranianos y exiliados rusos se han dispersado por Europa huyendo de la guerra, el servicio militar obligatorio y el gobierno de Vladimir Putin.<\/p>\n<\/div>\n<section class=\"bbc-geybui\" role=\"region\" aria-label=\"Publicidad 2\" aria-hidden=\"true\" data-e2e=\"advertisement\"><\/section>\n<div class=\"bbc-19j92fr ebmt73l0\" dir=\"ltr\">\n<p class=\"bbc-hhl7in e17g058b0\" dir=\"ltr\">M\u00e1s de cuatro millones de personas han huido de Ucrania en busca de protecci\u00f3n temporal en la Uni\u00f3n Europea (UE), en Alemania, Polonia y otros pa\u00edses.<\/p>\n<\/div>\n<div class=\"bbc-1n4f7vm ebmt73l0\" dir=\"ltr\"><\/div>\n<div class=\"bbc-19j92fr ebmt73l0\" dir=\"ltr\">\n<p class=\"bbc-hhl7in e17g058b0\" dir=\"ltr\">Pero fuera de la UE,\u00a0Montenegro ha acogido a m\u00e1s de 200.000 ucranianos, lo que lo convierte en el pa\u00eds con mayor poblaci\u00f3n de refugiados ucranianos per c\u00e1pita del mundo.<\/p>\n<p dir=\"ltr\">\n<\/div>\n<figure class=\"bbc-1qn0xuy\">\n<div class=\"bbc-18ywsw9\">\n<div style=\"width: 3847px\" class=\"wp-caption alignnone\"><img loading=\"lazy\" decoding=\"async\" class=\"bbc-139onq\" src=\"https:\/\/ichef.bbci.co.uk\/ace\/ws\/640\/cpsprodpb\/98e8\/live\/3d76c5d0-7c1b-11ef-b84b-2f70cde30853.jpg.webp\" alt=\"Savvo Dobrovic.\" width=\"3837\" height=\"2158\" \/><p class=\"wp-caption-text\">Savvo Dobrovic afirma que en Montenegro no hay falta de respeto entre las naciones.<\/p><\/div>\n<\/div><figcaption class=\"bbc-15f1ujd\" dir=\"ltr\"><\/figcaption><\/figure>\n<div class=\"bbc-19j92fr ebmt73l0\" dir=\"ltr\">\n<p dir=\"ltr\">\n<p class=\"bbc-hhl7in e17g058b0\" dir=\"ltr\">&#8220;Los montenegrinos son muy pacientes, son gente que quiere ayudar&#8221;, asegura Dobrovic, propietario de una vivienda en el destino tur\u00edstico de Budva, en el mar Adri\u00e1tico.<\/p>\n<\/div>\n<div class=\"bbc-19j92fr ebmt73l0\" dir=\"ltr\">\n<p class=\"bbc-hhl7in e17g058b0\" dir=\"ltr\">La palabra\u00a0<i class=\"bbc-h1y5j7 eih42320\">polako<\/i>, que significa &#8220;despacio&#8221;, forma parte de su modo de vida.<\/p>\n<\/div>\n<div class=\"bbc-19j92fr ebmt73l0\" dir=\"ltr\">\n<p class=\"bbc-hhl7in e17g058b0\" dir=\"ltr\">&#8220;Me asombra: son un pueblo de monta\u00f1a, pero de ese temperamento bullicioso s\u00f3lo les queda el deseo de abrazarte&#8221;, dice Natalya Sevets-Yermolina, quien dirige el centro cultural ruso Reforum en Budva.<\/p>\n<\/div>\n<div class=\"bbc-19j92fr ebmt73l0\" dir=\"ltr\">\n<p class=\"bbc-hhl7in e17g058b0\" dir=\"ltr\">Montenegro, miembro de la OTAN (Organizaci\u00f3n del Tratado del Atl\u00e1ntico Norte) y aspirante a la adhesi\u00f3n a la UE, no ha estado exento de problemas.<\/p>\n<\/div>\n<div class=\"bbc-19j92fr ebmt73l0\" dir=\"ltr\">\n<p class=\"bbc-hhl7in e17g058b0\" dir=\"ltr\">Tiene una importante poblaci\u00f3n de la etnia serbia, muchos de los cuales simpatizan con Rusia, y seis diplom\u00e1ticos rusos fueron expulsados hace dos a\u00f1os bajo sospecha de espionaje.<\/p>\n<\/div>\n<div class=\"bbc-19j92fr ebmt73l0\" dir=\"ltr\">\n<p class=\"bbc-hhl7in e17g058b0\" dir=\"ltr\">Pero ha recibido elogios por su respuesta a la crisis de los refugiados, en particular por su decisi\u00f3n de\u00a0conceder a los ucranianos el estatuto de protecci\u00f3n temporal, que ahora se ha prorrogado hasta marzo de 2025.<\/p>\n<\/div>\n<div class=\"bbc-19j92fr ebmt73l0\" dir=\"ltr\">\n<p class=\"bbc-hhl7in e17g058b0\" dir=\"ltr\">Las cifras m\u00e1s recientes, de septiembre del a\u00f1o pasado, muestran que m\u00e1s de 10.000 se hab\u00edan beneficiado de ese estatuto, y la ONU dice que 62.000 ucranianos hab\u00edan registrado alg\u00fan tipo de estatus legal para entonces. Esto supone casi el 10% de la poblaci\u00f3n de Montenegro.<\/p>\n<\/div>\n<div class=\"bbc-19j92fr ebmt73l0\" dir=\"ltr\">\n<p class=\"bbc-hhl7in e17g058b0\" dir=\"ltr\">Otras miles de personas han llegado de Rusia o Bielorrusia.<\/p>\n<\/div>\n<div class=\"bbc-19j92fr ebmt73l0\" dir=\"ltr\">\n<p class=\"bbc-hhl7in e17g058b0\" dir=\"ltr\">Para todos estos grupos, Montenegro resulta atractivo por su r\u00e9gimen de exenci\u00f3n de visados, su idioma similar, su religi\u00f3n com\u00fan y su gobierno pro Occidente.<\/p>\n<p dir=\"ltr\">\n<\/div>\n<figure class=\"bbc-1qn0xuy\">\n<div class=\"bbc-18ywsw9\">\n<div style=\"width: 4210px\" class=\"wp-caption alignnone\"><img loading=\"lazy\" decoding=\"async\" class=\"bbc-139onq\" src=\"https:\/\/ichef.bbci.co.uk\/ace\/ws\/640\/cpsprodpb\/c674\/live\/c77d8590-7c1e-11ef-b282-4535eb84fe4b.jpg.webp\" alt=\"Una mujer hace dibujos en la pared del centro infantil Uniendo Corazones.\" width=\"4200\" height=\"2800\" \/><p class=\"wp-caption-text\">El centro infantil Uniendo Corazones ofrece a los ni\u00f1os ucranianos un hogar en Budva.<\/p><\/div>\n<\/div><figcaption class=\"bbc-15f1ujd\" dir=\"ltr\"><\/figcaption><\/figure>\n<div class=\"bbc-19j92fr ebmt73l0\" dir=\"ltr\">\n<p dir=\"ltr\">\n<p class=\"bbc-hhl7in e17g058b0\" dir=\"ltr\">Esa acogida no siempre se extiende a su calidad de vida.<\/p>\n<\/div>\n<div class=\"bbc-19j92fr ebmt73l0\" dir=\"ltr\">\n<p class=\"bbc-hhl7in e17g058b0\" dir=\"ltr\">Aunque hay muchos empleos para inmigrantes en las zonas costeras, suelen ser por temporada y mal pagados.\u00a0El trabajo profesional de mejor calidad es m\u00e1s dif\u00edcil de encontrar. Los m\u00e1s afortunados han podido conservar los empleos que ten\u00edan en su pa\u00eds, trabajando a distancia.<\/p>\n<\/div>\n<div class=\"bbc-19j92fr ebmt73l0\" dir=\"ltr\">\n<p class=\"bbc-hhl7in e17g058b0\" dir=\"ltr\">Otra dificultad es que aqu\u00ed es casi imposible obtener la nacionalidad, un problema para quienes, por la raz\u00f3n que sea, no pueden renovar sus pasaportes.<\/p>\n<\/div>\n<div class=\"bbc-19j92fr ebmt73l0\" dir=\"ltr\">\n<p class=\"bbc-hhl7in e17g058b0\" dir=\"ltr\">Desde hace a\u00f1os hay una fuerte presencia rusa en Montenegro, que tiene fama, quiz\u00e1s injusta, de ser el patio de recreo de los m\u00e1s ricos.<\/p>\n<\/div>\n<div class=\"bbc-19j92fr ebmt73l0\" dir=\"ltr\">\n<p class=\"bbc-hhl7in e17g058b0\" dir=\"ltr\">Muchos rusos y ucranianos tienen propiedades o conexiones familiares, pero tambi\u00e9n hay un gran porcentaje que acab\u00f3 aqu\u00ed casi por casualidad, sinti\u00e9ndose completamente perdido.<\/p>\n<p dir=\"ltr\">\n<\/div>\n<figure class=\"bbc-1qn0xuy\">\n<div class=\"bbc-18ywsw9\">\n<div style=\"width: 4138px\" class=\"wp-caption alignnone\"><img loading=\"lazy\" decoding=\"async\" class=\"bbc-139onq\" src=\"https:\/\/ichef.bbci.co.uk\/ace\/ws\/640\/cpsprodpb\/7cc0\/live\/d9031820-7c19-11ef-b653-bf60a102ba1c.jpg.webp\" alt=\"Una empleada de Pristaniste en el caf\u00e9 de la fundaci\u00f3n en Budva.\" width=\"4128\" height=\"2322\" \/><p class=\"wp-caption-text\">Pristaniste ayuda a los refugiados ucranianos y los exiliados rusos a instalarse en Montenegro.<\/p><\/div>\n<\/div><figcaption class=\"bbc-15f1ujd\" dir=\"ltr\"><\/figcaption><\/figure>\n<div class=\"bbc-19j92fr ebmt73l0\" dir=\"ltr\">\n<p dir=\"ltr\">\n<p class=\"bbc-hhl7in e17g058b0\" dir=\"ltr\">Para ellos se cre\u00f3 el centro de acogida sin \u00e1nimo de lucro Pristaniste (Refugio).<\/p>\n<\/div>\n<div class=\"bbc-19j92fr ebmt73l0\" dir=\"ltr\">\n<p class=\"bbc-hhl7in e17g058b0\" dir=\"ltr\">Con sede en Budva, ofrece a los reci\u00e9n llegados m\u00e1s desesperados\u00a0un lugar seguro y una c\u00e1lida acogida durante dos semanas, mientras se recuperan.<\/p>\n<\/div>\n<div class=\"bbc-19j92fr ebmt73l0\" dir=\"ltr\">\n<p class=\"bbc-hhl7in e17g058b0\" dir=\"ltr\">Se les ayuda con la documentaci\u00f3n, a buscar trabajo y vivienda, y los ucranianos tambi\u00e9n pueden venir durante dos semanas como &#8220;vacaciones&#8221; de la guerra.<\/p>\n<p dir=\"ltr\">\n<\/div>\n<figure class=\"bbc-1qn0xuy\">\n<div class=\"bbc-18ywsw9\">\n<div style=\"width: 4014px\" class=\"wp-caption alignnone\"><img loading=\"lazy\" decoding=\"async\" class=\"bbc-139onq\" src=\"https:\/\/ichef.bbci.co.uk\/ace\/ws\/640\/cpsprodpb\/03ce\/live\/b8157b60-7f0e-11ef-b2a5-23acf68c1074.jpg.webp\" alt=\"Valentina en una habitaci\u00f3n de Pristaniste.\" width=\"4004\" height=\"2253\" \/><p class=\"wp-caption-text\">Valentina Ostroglyad lleg\u00f3 a Montenegro con su hija y ahora trabaja como profesora de arte.<\/p><\/div>\n<\/div><figcaption class=\"bbc-15f1ujd\" dir=\"ltr\"><\/figcaption><\/figure>\n<div class=\"bbc-19j92fr ebmt73l0\" dir=\"ltr\">\n<p dir=\"ltr\">\n<p class=\"bbc-hhl7in e17g058b0\" dir=\"ltr\">Valentina Ostroglyad, de 60 a\u00f1os, lleg\u00f3 aqu\u00ed con su hija hace un a\u00f1o desde Zaporiyia, una capital regional del sureste de Ucrania que sufre bombardeos rusos recurrentes y mort\u00edferos.<\/p>\n<\/div>\n<div class=\"bbc-19j92fr ebmt73l0\" dir=\"ltr\">\n<p class=\"bbc-hhl7in e17g058b0\" dir=\"ltr\">&#8220;Cuando llegu\u00e9 a Montenegro no pod\u00eda soportar los fuegos artificiales, ni siquiera que se cayera un tejado: lo asociaba con esas explosiones&#8221;, explica.<\/p>\n<\/div>\n<div class=\"bbc-19j92fr ebmt73l0\" dir=\"ltr\">\n<p class=\"bbc-hhl7in e17g058b0\" dir=\"ltr\">Ahora trabaja como profesora de arte y disfruta de su pa\u00eds de adopci\u00f3n: &#8220;Hoy he subido a un manantial, he admirado las monta\u00f1as y el mar. Y la gente es muy amable&#8221;.<\/p>\n<\/div>\n<div class=\"bbc-19j92fr ebmt73l0\" dir=\"ltr\">\n<p class=\"bbc-hhl7in e17g058b0\" dir=\"ltr\">La persistente crudeza de la guerra hace que los ucranianos sigan viniendo, incapaces ya de soportar el dolor y el sufrimiento en casa.<\/p>\n<\/div>\n<div class=\"bbc-19j92fr ebmt73l0\" dir=\"ltr\">\n<p class=\"bbc-hhl7in e17g058b0\" dir=\"ltr\">Sasha Borkov, conductor de J\u00e1rkov, se vio separado de su mujer y sus seis hijos, de edades comprendidas entre los cuatro y los 16 a\u00f1os, cuando abandonaron Ucrania a fines de agosto.<\/p>\n<p dir=\"ltr\">\n<\/div>\n<figure class=\"bbc-1qn0xuy\">\n<div class=\"bbc-18ywsw9\">\n<div style=\"width: 2931px\" class=\"wp-caption alignnone\"><img loading=\"lazy\" decoding=\"async\" class=\"bbc-139onq\" src=\"https:\/\/ichef.bbci.co.uk\/ace\/ws\/640\/cpsprodpb\/9414\/live\/dd8e5ab0-7c1b-11ef-b84b-2f70cde30853.jpg.webp\" alt=\"Sasha Borkov.\" width=\"2921\" height=\"1643\" \/><p class=\"wp-caption-text\">El ucraniano Sasha Borkov lleg\u00f3 hace poco a Montenegro.<\/p><\/div>\n<\/div><figcaption class=\"bbc-15f1ujd\" dir=\"ltr\"><\/figcaption><\/figure>\n<div class=\"bbc-19j92fr ebmt73l0\" dir=\"ltr\">\n<p dir=\"ltr\">\n<p class=\"bbc-hhl7in e17g058b0\" dir=\"ltr\">Le denegaron la entrada en la frontera polaca, ya que antes hab\u00eda estado en la c\u00e1rcel en Hungr\u00eda por transportar inmigrantes irregulares y tiene prohibida la entrada en la UE.<\/p>\n<\/div>\n<div class=\"bbc-19j92fr ebmt73l0\" dir=\"ltr\">\n<p class=\"bbc-hhl7in e17g058b0\" dir=\"ltr\">A su familia le permitieron seguir hasta Alemania, mientras que a \u00e9l, tras unos tensos d\u00edas viajando por Europa, por fin lo dejaron aterrizar en Montenegro.<\/p>\n<\/div>\n<div class=\"bbc-19j92fr ebmt73l0\" dir=\"ltr\">\n<p class=\"bbc-hhl7in e17g058b0\" dir=\"ltr\">Visiblemente estresado y agotado, describi\u00f3 c\u00f3mo\u00a0la guerra hab\u00eda acabado por expulsarlos a \u00e9l y a su familia de su hogar.<\/p>\n<\/div>\n<div class=\"bbc-19j92fr ebmt73l0\" dir=\"ltr\">\n<p class=\"bbc-hhl7in e17g058b0\" dir=\"ltr\">&#8220;Cuando ves y oyes todos los d\u00edas que destruyen casas, que matan a gente, es imposible expresarlo&#8221;, dice.<\/p>\n<\/div>\n<div class=\"bbc-19j92fr ebmt73l0\" dir=\"ltr\">\n<p class=\"bbc-hhl7in e17g058b0\" dir=\"ltr\">&#8220;Nuestro apartamento no ha sufrido da\u00f1os, pero las ventanas se rompen, y [las bombas] est\u00e1n cada vez m\u00e1s cerca&#8221;.<\/p>\n<\/div>\n<div class=\"bbc-19j92fr ebmt73l0\" dir=\"ltr\">\n<p class=\"bbc-hhl7in e17g058b0\" dir=\"ltr\">Borkov afirma que hab\u00eda considerado la posibilidad de ir a Montenegro desde el comienzo de la guerra: &#8220;[Pristaniste] me acogi\u00f3, me dio comida y bebida, un lugar donde quedarme. Descans\u00e9 y luego empec\u00e9 a buscar trabajo&#8221;.<\/p>\n<\/div>\n<div class=\"bbc-19j92fr ebmt73l0\" dir=\"ltr\">\n<p class=\"bbc-hhl7in e17g058b0\" dir=\"ltr\">Ya ha encontrado trabajo y su familia est\u00e1 a punto de reunirse con \u00e9l aqu\u00ed. Est\u00e1 solicitando protecci\u00f3n temporal y una plaza en un centro de refugiados ucraniano.<\/p>\n<p dir=\"ltr\">\n<\/div>\n<figure class=\"bbc-1qn0xuy\">\n<div class=\"bbc-18ywsw9\">\n<div style=\"width: 4210px\" class=\"wp-caption alignnone\"><img loading=\"lazy\" decoding=\"async\" class=\"bbc-139onq\" src=\"https:\/\/ichef.bbci.co.uk\/ace\/ws\/640\/cpsprodpb\/dc4a\/live\/43775e70-7ffb-11ef-ad45-893aa022fcbc.jpg.webp\" alt=\"Yuliya Matsuy.\" width=\"4200\" height=\"2800\" \/><p class=\"wp-caption-text\">Yuliya Matsuy fund\u00f3 el centro infantil Uniendo Corazones junto a otras madres ucranianas.<\/p><\/div>\n<\/div><figcaption class=\"bbc-15f1ujd\" dir=\"ltr\"><\/figcaption><\/figure>\n<div class=\"bbc-19j92fr ebmt73l0\" dir=\"ltr\">\n<p dir=\"ltr\">\n<p class=\"bbc-hhl7in e17g058b0\" dir=\"ltr\">En otro lugar de Budva, Yuliya Matsuy ha creado un centro infantil para que los ucranianos reciban clases de historia, ingl\u00e9s, matem\u00e1ticas y arte o, simplemente bailen, canten y vean pel\u00edculas.<\/p>\n<\/div>\n<div class=\"bbc-19j92fr ebmt73l0\" dir=\"ltr\">\n<p class=\"bbc-hhl7in e17g058b0\" dir=\"ltr\">Muchos estaban traumatizados por la guerra, dice: &#8220;No les interesaban las monta\u00f1as ni el mar, no quer\u00edan nada&#8221;.<\/p>\n<\/div>\n<div class=\"bbc-19j92fr ebmt73l0\" dir=\"ltr\">\n<p class=\"bbc-hhl7in e17g058b0\" dir=\"ltr\">&#8220;Pero cuando empezaron a interactuar, sus ojos sonre\u00edan.\u00a0Las sonrisas y emociones de esos ni\u00f1os eran algo imposible de expresar.\u00a0Y s\u00f3lo entonces comprendimos que est\u00e1bamos haciendo lo correcto&#8221;.<\/p>\n<\/div>\n<div class=\"bbc-19j92fr ebmt73l0\" dir=\"ltr\">\n<p class=\"bbc-hhl7in e17g058b0\" dir=\"ltr\">Ahora la mayor\u00eda est\u00e1n asentados. Los m\u00e1s peque\u00f1os aprendieron montenegrino y ahora asisten a escuelas locales, mientras que los mayores han continuado su aprendizaje a distancia en escuelas ucranianas.<\/p>\n<\/div>\n<div class=\"bbc-19j92fr ebmt73l0\" dir=\"ltr\">\n<p class=\"bbc-hhl7in e17g058b0\" dir=\"ltr\">Ambas organizaciones ben\u00e9ficas cuentan con voluntarios rusos, lo que ha contribuido a fomentar las buenas relaciones entre las comunidades rusa y ucraniana de aqu\u00ed.<\/p>\n<p dir=\"ltr\">\n<\/div>\n<figure class=\"bbc-1qn0xuy\">\n<div class=\"bbc-18ywsw9\">\n<div style=\"width: 1014px\" class=\"wp-caption alignnone\"><img loading=\"lazy\" decoding=\"async\" class=\"bbc-139onq\" src=\"https:\/\/ichef.bbci.co.uk\/ace\/ws\/640\/cpsprodpb\/5d73\/live\/3f6db880-8229-11ef-9525-d3045140a49e.jpg.webp\" alt=\"Viktor Koshel, Mija\u00edl Borzykin y Katarina Sinchillo.\" width=\"1004\" height=\"566\" \/><p class=\"wp-caption-text\">Fuente de la imagen,Ruslan Sukhushin\/Facebook.\u00a0\u00a0Los actores ucranianos Viktor Koshel (izquierda) y Katarina Sinchillo han colaborado con el m\u00fasico ruso Mija\u00edl Borzykin (centro).<\/p><\/div>\n<\/div>\n<\/figure>\n<div class=\"bbc-19j92fr ebmt73l0\" dir=\"ltr\">\n<p dir=\"ltr\">\n<p dir=\"ltr\">\n<p class=\"bbc-hhl7in e17g058b0\" dir=\"ltr\">En otras partes de Europa se han producido roces ocasionales. Al principio de la guerra, Alemania registr\u00f3 un aumento de los ataques a ucranianos y rusos.<\/p>\n<\/div>\n<div class=\"bbc-19j92fr ebmt73l0\" dir=\"ltr\">\n<p class=\"bbc-hhl7in e17g058b0\" dir=\"ltr\">Sin embargo, en Montenegro apenas han ocurrido.<\/p>\n<\/div>\n<div class=\"bbc-19j92fr ebmt73l0\" dir=\"ltr\">\n<p class=\"bbc-hhl7in e17g058b0\" dir=\"ltr\">Aqu\u00ed se respira tolerancia, y Pristaniste y sus voluntarios han contribuido a fomentarla.<\/p>\n<\/div>\n<div class=\"bbc-19j92fr ebmt73l0\" dir=\"ltr\">\n<p class=\"bbc-hhl7in e17g058b0\" dir=\"ltr\">Sasha Borkov distingue entre los rusos que ha conocido en Budva y los que luchan en la guerra de Ucrania.<\/p>\n<\/div>\n<div class=\"bbc-19j92fr ebmt73l0\" dir=\"ltr\">\n<p class=\"bbc-hhl7in e17g058b0\" dir=\"ltr\">&#8220;Aqu\u00ed la gente intenta ayudar; no hacen nada contra nuestro pa\u00eds, contra nosotros, contra mis hijos, (a diferencia) de los que disparan y destruyen nuestras casas y dicen que nos est\u00e1n liberando&#8221;.<\/p>\n<\/div>\n<div class=\"bbc-19j92fr ebmt73l0\" dir=\"ltr\">\n<p class=\"bbc-hhl7in e17g058b0\" dir=\"ltr\">Han surgido amistades entre voluntarios y residentes y entre residentes,\u00a0y una pareja ruso-ucraniana que viv\u00eda en Pristaniste se ha casado recientemente.<\/p>\n<\/div>\n<div class=\"bbc-19j92fr ebmt73l0\" dir=\"ltr\">\n<p class=\"bbc-hhl7in e17g058b0\" dir=\"ltr\">La empat\u00eda es un factor importante. En una reciente conferencia en Budva de la periodista Olha Musafirova, afincada en Kiev, sobre su trabajo, los rusos del p\u00fablico lloraron, horrorizados por las acciones de su pa\u00eds.<\/p>\n<\/div>\n<div class=\"bbc-19j92fr ebmt73l0\" dir=\"ltr\">\n<p class=\"bbc-hhl7in e17g058b0\" dir=\"ltr\">Para la actriz ucraniana Katarina Sinchillo, las di\u00e1sporas rusas pueden variar y la de Montenegro es &#8220;sensible&#8221;.<\/p>\n<\/div>\n<div class=\"bbc-19j92fr ebmt73l0\" dir=\"ltr\">\n<p class=\"bbc-hhl7in e17g058b0\" dir=\"ltr\">&#8220;Creo que la gente que vive aqu\u00ed es una comunidad algo diferente, porque es la intelectualidad&#8221;, dice, &#8220;gente educada que no puede vivir sin las artes&#8221;.<\/p>\n<\/div>\n<div class=\"bbc-19j92fr ebmt73l0\" dir=\"ltr\">\n<p class=\"bbc-hhl7in e17g058b0\" dir=\"ltr\">Los proyectos conjuntos ruso-ucranianos son cada vez menos frecuentes.<\/p>\n<\/div>\n<div class=\"bbc-19j92fr ebmt73l0\" dir=\"ltr\">\n<p class=\"bbc-hhl7in e17g058b0\" dir=\"ltr\">Pero Sinchillo mont\u00f3 aqu\u00ed un teatro, con su marido y tambi\u00e9n actor Viktor Koshel, utilizando actores de toda la antigua Uni\u00f3n Sovi\u00e9tica.<\/p>\n<\/div>\n<div class=\"bbc-19j92fr ebmt73l0\" dir=\"ltr\">\n<p class=\"bbc-hhl7in e17g058b0\" dir=\"ltr\">Sus obras tienen mucho p\u00fablico, dice: &#8220;Los rusos progresistas, que ayudan a Ucrania, van con inter\u00e9s y placer&#8221;.<\/p>\n<\/div>\n<div class=\"bbc-19j92fr ebmt73l0\" dir=\"ltr\">\n<p class=\"bbc-hhl7in e17g058b0\" dir=\"ltr\">Koshel afirma que el entorno aqu\u00ed es perfecto para este tipo de contactos. &#8220;Aqu\u00ed el campo es paradis\u00edaco, te aleja de esos estados de \u00e1nimo urbanitas, sombr\u00edos, depresivos, de propaganda pol\u00edtica, etc. Vas al mar y todo eso desaparece&#8221;.<\/p>\n<p dir=\"ltr\">\n<\/div>\n<figure class=\"bbc-1qn0xuy\">\n<div class=\"bbc-18ywsw9\">\n<div style=\"width: 3926px\" class=\"wp-caption alignnone\"><img loading=\"lazy\" decoding=\"async\" class=\"bbc-139onq\" src=\"https:\/\/ichef.bbci.co.uk\/ace\/ws\/640\/cpsprodpb\/11fc\/live\/dfde02b0-7f1e-11ef-a77f-e94d3eab2be3.jpg.webp\" alt=\"Un cartel en ucraniano y ruso en el caf\u00e9 Pristaniste.\" width=\"3916\" height=\"2202\" \/><p class=\"wp-caption-text\">Un cartel en ucraniano y ruso en el caf\u00e9 Pristaniste invita a los residentes a tomar un aperitivo.<\/p><\/div>\n<\/div><figcaption class=\"bbc-15f1ujd\" dir=\"ltr\"><\/figcaption><\/figure>\n<div class=\"bbc-19j92fr ebmt73l0\" dir=\"ltr\">\n<p dir=\"ltr\">\n<p class=\"bbc-hhl7in e17g058b0\" dir=\"ltr\">Tambi\u00e9n han colaborado con el veterano m\u00fasico de rock ruso Mija\u00edl Borzykin, que ha visto grandes cambios en la di\u00e1spora rusa en los \u00faltimos tres a\u00f1os.<\/p>\n<\/div>\n<div class=\"bbc-19j92fr ebmt73l0\" dir=\"ltr\">\n<p class=\"bbc-hhl7in e17g058b0\" dir=\"ltr\">Antes de la guerra, dice, las &#8220;fuertes discusiones&#8221; sobre Putin en la comunidad rusa eran habituales, pero la reciente afluencia de inmigrantes antibelicistas cre\u00f3 una atm\u00f3sfera diferente.<\/p>\n<\/div>\n<div class=\"bbc-19j92fr ebmt73l0\" dir=\"ltr\">\n<p class=\"bbc-hhl7in e17g058b0\" dir=\"ltr\">&#8220;La inmensa mayor\u00eda de los j\u00f3venes que han venido aqu\u00ed comprenden, por supuesto, el horror de lo que est\u00e1 ocurriendo, as\u00ed que\u00a0hay acuerdo sobre las cuestiones principales&#8221;, comenta.<\/p>\n<\/div>\n<div class=\"bbc-19j92fr ebmt73l0\" dir=\"ltr\">\n<p class=\"bbc-hhl7in e17g058b0\" dir=\"ltr\">En cuanto a los antiguos miembros pro Kremlin de la \u00e9lite corrupta rusa, a los que llama la di\u00e1spora\u00a0<i class=\"bbc-h1y5j7 eih42320\">vatnaya<\/i>, est\u00e1n tranquilamente sentados en las propiedades que compraron en Montenegro hace a\u00f1os.<\/p>\n<\/div>\n<div class=\"bbc-19j92fr ebmt73l0\" dir=\"ltr\">\n<p class=\"bbc-hhl7in e17g058b0\" dir=\"ltr\">&#8220;Los conflictos no se airean en p\u00fablico&#8221;, afirma.<\/p>\n<\/div>\n<div class=\"bbc-19j92fr ebmt73l0\" dir=\"ltr\">\n<p class=\"bbc-hhl7in e17g058b0\" dir=\"ltr\">Borzykin forma parte de un grupo de voleibol de rusos, bielorrusos y ucranianos y dice que est\u00e1n &#8220;todos en la misma onda&#8221;.<\/p>\n<p dir=\"ltr\">\n<\/div>\n<figure class=\"bbc-1qn0xuy\">\n<div class=\"bbc-18ywsw9\">\n<div style=\"width: 4056px\" class=\"wp-caption alignnone\"><img loading=\"lazy\" decoding=\"async\" class=\"bbc-139onq\" src=\"https:\/\/ichef.bbci.co.uk\/ace\/ws\/640\/cpsprodpb\/2856\/live\/36e02170-7f0f-11ef-b2a5-23acf68c1074.jpg.webp\" alt=\"Una residente de Pristaniste elige objetos en un garaje.\" width=\"4046\" height=\"2276\" \/><p class=\"wp-caption-text\">Pristaniste tiene un garaje lleno de objetos disponibles para el uso de sus residentes.<\/p><\/div>\n<\/div><figcaption class=\"bbc-15f1ujd\" dir=\"ltr\"><\/figcaption><\/figure>\n<div class=\"bbc-19j92fr ebmt73l0\" dir=\"ltr\">\n<p dir=\"ltr\">\n<p class=\"bbc-hhl7in e17g058b0\" dir=\"ltr\">A pesar de la relativamente c\u00e1lida acogida, el futuro de algunos inmigrantes sigue siendo incierto.<\/p>\n<\/div>\n<div class=\"bbc-19j92fr ebmt73l0\" dir=\"ltr\">\n<p class=\"bbc-hhl7in e17g058b0\" dir=\"ltr\">Las estrictas leyes de inmigraci\u00f3n implican que muchos de ellos no podr\u00e1n permanecer aqu\u00ed indefinidamente.<\/p>\n<\/div>\n<div class=\"bbc-19j92fr ebmt73l0\" dir=\"ltr\">\n<p class=\"bbc-hhl7in e17g058b0\" dir=\"ltr\">La mayor\u00eda de los ucranianos parecen dispuestos a regresar a casa si la guerra termina, suponiendo que a\u00fan tengan hogares a los que ir.<\/p>\n<\/div>\n<div class=\"bbc-19j92fr ebmt73l0\" dir=\"ltr\">\n<p class=\"bbc-hhl7in e17g058b0\" dir=\"ltr\">&#8220;Actualmente nuestras vidas est\u00e1n muy amenazadas, pero si termina, por supuesto que volveremos a casa&#8221;, dice Sasha Borkov. &#8220;No hay ning\u00fan sitio mejor que el hogar&#8221;.<\/p>\n<\/div>\n<div class=\"bbc-19j92fr ebmt73l0\" dir=\"ltr\">\n<p class=\"bbc-hhl7in e17g058b0\" dir=\"ltr\">Pero la mayor\u00eda de los rusos dicen que har\u00e1 falta mucho m\u00e1s que la ca\u00edda del r\u00e9gimen para convencerles de que vuelvan definitivamente.<\/p>\n<\/div>\n<div class=\"bbc-19j92fr ebmt73l0\" dir=\"ltr\">\n<p class=\"bbc-hhl7in e17g058b0\" dir=\"ltr\">Natalya Sevets-Yermolina, de la ciudad septentrional de Petrozavodsk, asegura que no tiene prisa.<\/p>\n<\/div>\n<div class=\"bbc-19j92fr ebmt73l0\" dir=\"ltr\">\n<p class=\"bbc-hhl7in e17g058b0\" dir=\"ltr\">&#8220;Tengo el problema de que no es Putin quien me persigue, sino esa gentuza con la que viv\u00eda en la misma ciudad&#8221;, dice. &#8220;Putin est\u00e1 lejos, pero los que cumplen sus \u00f3rdenes permanecer\u00e1n, aunque muera pronto&#8221;.<\/p>\n<\/div>\n<div class=\"bbc-19j92fr ebmt73l0\" dir=\"ltr\">\n<p class=\"bbc-hhl7in e17g058b0\" dir=\"ltr\">Borzykin afirma que tampoco es probable que regrese pronto, ya que las actitudes podr\u00edan tardar d\u00e9cadas en cambiar.<\/p>\n<\/div>\n<div class=\"bbc-19j92fr ebmt73l0\" dir=\"ltr\">\n<p class=\"bbc-hhl7in e17g058b0\" dir=\"ltr\">&#8220;Alemania necesit\u00f3 30 a\u00f1os [despu\u00e9s de los nazis] hasta que lleg\u00f3 la nueva generaci\u00f3n.\u00a0Me temo que no tendr\u00e9 ese tiempo&#8221;.<\/p>\n<\/div>\n<div class=\"bbc-19j92fr ebmt73l0\" dir=\"ltr\">\n<p class=\"bbc-hhl7in e17g058b0\" dir=\"ltr\"><i class=\"bbc-h1y5j7 eih42320\">Oleg Pshenichny contribuy\u00f3 a este art\u00edculo.<\/i><\/p>\n<\/div>\n<p>&nbsp;<\/p>\n<p>&nbsp;<\/p>\n","protected":false},"excerpt":{"rendered":"<p>&#8220;Nuestra gente respeta a los pueblos ruso y ucraniano&#8221;, afirma Savvo Dobrovic. &#8220;No he notado ninguna mala relaci\u00f3n&#8221;. Parece la f\u00f3rmula perfecta para la crispaci\u00f3n&hellip;<\/p>\n","protected":false},"author":99,"featured_media":523171,"comment_status":"open","ping_status":"open","sticky":false,"template":"","format":"standard","meta":{"footnotes":""},"categories":[24],"tags":[],"class_list":["post-523170","post","type-post","status-publish","format-standard","has-post-thumbnail","hentry","category-mundo"],"_links":{"self":[{"href":"https:\/\/diarioelpopular.com\/index.php\/wp-json\/wp\/v2\/posts\/523170","targetHints":{"allow":["GET"]}}],"collection":[{"href":"https:\/\/diarioelpopular.com\/index.php\/wp-json\/wp\/v2\/posts"}],"about":[{"href":"https:\/\/diarioelpopular.com\/index.php\/wp-json\/wp\/v2\/types\/post"}],"author":[{"embeddable":true,"href":"https:\/\/diarioelpopular.com\/index.php\/wp-json\/wp\/v2\/users\/99"}],"replies":[{"embeddable":true,"href":"https:\/\/diarioelpopular.com\/index.php\/wp-json\/wp\/v2\/comments?post=523170"}],"version-history":[{"count":1,"href":"https:\/\/diarioelpopular.com\/index.php\/wp-json\/wp\/v2\/posts\/523170\/revisions"}],"predecessor-version":[{"id":523172,"href":"https:\/\/diarioelpopular.com\/index.php\/wp-json\/wp\/v2\/posts\/523170\/revisions\/523172"}],"wp:featuredmedia":[{"embeddable":true,"href":"https:\/\/diarioelpopular.com\/index.php\/wp-json\/wp\/v2\/media\/523171"}],"wp:attachment":[{"href":"https:\/\/diarioelpopular.com\/index.php\/wp-json\/wp\/v2\/media?parent=523170"}],"wp:term":[{"taxonomy":"category","embeddable":true,"href":"https:\/\/diarioelpopular.com\/index.php\/wp-json\/wp\/v2\/categories?post=523170"},{"taxonomy":"post_tag","embeddable":true,"href":"https:\/\/diarioelpopular.com\/index.php\/wp-json\/wp\/v2\/tags?post=523170"}],"curies":[{"name":"wp","href":"https:\/\/api.w.org\/{rel}","templated":true}]}}