{"id":523255,"date":"2024-10-21T09:01:32","date_gmt":"2024-10-21T13:01:32","guid":{"rendered":"https:\/\/diarioelpopular.com\/?p=523255"},"modified":"2024-10-21T09:01:32","modified_gmt":"2024-10-21T13:01:32","slug":"con-la-inflacion-por-debajo-del-objetivo-el-banco-de-canada-aplicara-un-recorte-de-tasas","status":"publish","type":"post","link":"https:\/\/diarioelpopular.com\/index.php\/2024\/10\/21\/con-la-inflacion-por-debajo-del-objetivo-el-banco-de-canada-aplicara-un-recorte-de-tasas\/","title":{"rendered":"Con la inflaci\u00f3n por debajo del objetivo, el Banco de Canad\u00e1 aplicar\u00e1 un recorte de tasas"},"content":{"rendered":"<p><img loading=\"lazy\" decoding=\"async\" class=\"alignnone size-custom-full-size wp-image-523256\" src=\"https:\/\/diarioelpopular.com\/wp-content\/uploads\/2024\/10\/Screen-Shot-2024-10-21-at-9.01.02-AM-636x392.png\" alt=\"\" width=\"636\" height=\"392\" srcset=\"https:\/\/diarioelpopular.com\/wp-content\/uploads\/2024\/10\/Screen-Shot-2024-10-21-at-9.01.02-AM-636x392.png 636w, https:\/\/diarioelpopular.com\/wp-content\/uploads\/2024\/10\/Screen-Shot-2024-10-21-at-9.01.02-AM-300x185.png 300w, https:\/\/diarioelpopular.com\/wp-content\/uploads\/2024\/10\/Screen-Shot-2024-10-21-at-9.01.02-AM-118x73.png 118w, https:\/\/diarioelpopular.com\/wp-content\/uploads\/2024\/10\/Screen-Shot-2024-10-21-at-9.01.02-AM.png 658w\" sizes=\"auto, (max-width: 636px) 100vw, 636px\" \/><\/p>\n<p>&nbsp;<\/p>\n<p>&nbsp;<\/p>\n<ul>\n<li><em><strong>Los pronosticadores esperan que el Banco de Canad\u00e1 acelere el ritmo de los recortes de las tasas de inter\u00e9s y reduzca su tasa de pol\u00edtica en medio punto porcentual esta semana.<\/strong><\/em><\/li>\n<\/ul>\n<p>&nbsp;<\/p>\n<p>&nbsp;<\/p>\n<p><em><strong>OTTAWA.-<\/strong> <\/em>El anuncio de las tasas de inter\u00e9s del banco central se produce despu\u00e9s de que Statistics Canada informara que la tasa de inflaci\u00f3n anual en septiembre cay\u00f3 al 1,6 por ciento, por debajo del objetivo de inflaci\u00f3n del 2 por ciento del Banco de Canad\u00e1.<\/p>\n<p>Nathan Janzen, economista jefe adjunto de RBC, dijo que el \u00faltimo informe del \u00edndice de precios al consumidor reforz\u00f3 su expectativa de un recorte de tasas de gran tama\u00f1o.<\/p>\n<p>&#8220;(Usted) tiene una econom\u00eda que probablemente est\u00e1 funcionando peor de lo necesario para controlar la inflaci\u00f3n y a\u00fan as\u00ed las tasas de inter\u00e9s (est\u00e1n) en territorio restrictivo. Por lo tanto, es un argumento bastante sencillo para continuar recortando las tasas de inter\u00e9s&#8221;, dijo Janzen, y agreg\u00f3 que el banco central necesita reducir las tasas de inter\u00e9s a un nivel que no obstaculice el crecimiento econ\u00f3mico.<\/p>\n<p>Tras el recorte de los tipos de inter\u00e9s del Banco de Canad\u00e1 el mes pasado, el gobernador Tiff Macklem se\u00f1al\u00f3 que el banco central estar\u00e1 dispuesto a recortar los tipos de forma m\u00e1s agresiva si la inflaci\u00f3n cae demasiado.<\/p>\n<p>Tambi\u00e9n ha dicho que el banco central ahora quiere que el crecimiento econ\u00f3mico repunte de nuevo.<\/p>\n<p>El Banco de Canad\u00e1 ha bajado su tipo de inter\u00e9s clave tres veces hasta ahora, llev\u00e1ndolo al 4,25 por ciento.<\/p>\n<p>La marcada desaceleraci\u00f3n de la inflaci\u00f3n este a\u00f1o ha sido una sorpresa para los economistas que tem\u00edan que el crecimiento de los precios pudiera tardar m\u00e1s en controlarse.<\/p>\n<p>Ahora, el Banco de Canad\u00e1 se enfrenta al riesgo de que los tipos de inter\u00e9s puedan, en realidad, restringir el crecimiento econ\u00f3mico m\u00e1s de lo deseado.<\/p>\n<p>Aunque la econom\u00eda canadiense ha seguido creciendo modestamente, el producto interior bruto real se ha contra\u00eddo per c\u00e1pita durante cinco trimestres consecutivos.<\/p>\n<p>El mercado laboral tambi\u00e9n se ha relajado considerablemente, y la tasa de desempleo en septiembre se situ\u00f3 en el 6,5 por ciento, un punto porcentual m\u00e1s que el a\u00f1o anterior.<\/p>\n<p>El sombr\u00edo contexto econ\u00f3mico, junto con la ca\u00edda de la inflaci\u00f3n, han convencido a muchos pronosticadores de que el Banco de Canad\u00e1 aplicar\u00e1 recortes consecutivos de las tasas de inter\u00e9s en octubre y diciembre, lo que reducir\u00eda su tasa de pol\u00edtica al 3,25 por ciento.<\/p>\n<p>El director de presupuesto parlamentario proyect\u00f3 en su reciente perspectiva econ\u00f3mica y fiscal que el banco central seguir\u00e1 recortando las tasas hasta que su tasa de pol\u00edtica alcance el 2,75 por ciento en el segundo trimestre de 2025.<\/p>\n<p>Carl G\u00f3mez, economista jefe de la empresa de datos inmobiliarios CoStar, dijo que las tasas de inter\u00e9s reales en Canad\u00e1, que se ajustan a la inflaci\u00f3n, son mucho m\u00e1s altas que en otros pa\u00edses, lo que ejerce m\u00e1s presi\u00f3n a la baja sobre la econom\u00eda canadiense.<\/p>\n<p>&#8220;Lo que es interesante es que la tasa de pol\u00edtica real de Canad\u00e1 sigue siendo mucho m\u00e1s alta que la de cualquier otro pa\u00eds, pero estamos lidiando con una econom\u00eda mucho m\u00e1s d\u00e9bil en Canad\u00e1 que en Estados Unidos. As\u00ed que esto solo te dice otra raz\u00f3n por la que el Banco de Canad\u00e1 est\u00e1 tan rezagado&#8221;, dijo G\u00f3mez.<\/p>\n<p>La tasa de inflaci\u00f3n anual de Estados Unidos cay\u00f3 al 2,4 por ciento en septiembre, mientras que la tasa de pol\u00edtica de la Reserva Federal se sit\u00faa entre el 4,75 y el 5 por ciento.<\/p>\n<p>Se esperaba que los recortes de las tasas de inter\u00e9s del Banco de Canad\u00e1 estimularan de nuevo la actividad en el mercado inmobiliario, lo que aumentaba los temores de que la inflaci\u00f3n pudiera repuntar.<\/p>\n<p>Pero G\u00f3mez dijo que, si bien los listados de viviendas han aumentado, la demanda en el mercado inmobiliario sigue siendo tibia.<\/p>\n<p>&#8220;Se ha convertido m\u00e1s en un mercado de compradores, lo que sigue haciendo bajar los precios de las viviendas; no les permite seguir subiendo como lo hab\u00edan hecho antes de la pandemia&#8221;, dijo G\u00f3mez.<\/p>\n<p>Janzen dijo que, si bien las tasas de inter\u00e9s m\u00e1s bajas ayudan un poco con la asequibilidad, los precios de las viviendas siguen siendo demasiado caros para muchas personas.<\/p>\n<p>Es probable que el mayor desempleo entre los j\u00f3venes tambi\u00e9n est\u00e9 afectando la demanda de viviendas, dijo, dado que muchos de ellos ser\u00edan posibles compradores de vivienda por primera vez.<\/p>\n<p>\u201cLas tasas de inter\u00e9s est\u00e1n cayendo, pero los mercados laborales tambi\u00e9n se est\u00e1n suavizando al mismo tiempo, por lo que no esperamos el mismo tipo de aumento en la actividad del mercado inmobiliario que normalmente se esperar\u00eda si las tasas de inter\u00e9s cayeran cuando la tasa de desempleo era baja\u201d, dijo Janzen.<\/p>\n<p>Adem\u00e1s de su anuncio sobre las tasas de inter\u00e9s, el Banco de Canad\u00e1 publicar\u00e1 su informe trimestral de pol\u00edtica monetaria el mi\u00e9rcoles, que incluir\u00e1 nuevas previsiones econ\u00f3micas.<\/p>\n","protected":false},"excerpt":{"rendered":"<p>&nbsp; &nbsp; Los pronosticadores esperan que el Banco de Canad\u00e1 acelere el ritmo de los recortes de las tasas de inter\u00e9s y reduzca su tasa&hellip;<\/p>\n","protected":false},"author":99,"featured_media":523256,"comment_status":"open","ping_status":"open","sticky":false,"template":"","format":"standard","meta":{"footnotes":""},"categories":[21],"tags":[],"class_list":["post-523255","post","type-post","status-publish","format-standard","has-post-thumbnail","hentry","category-canada"],"_links":{"self":[{"href":"https:\/\/diarioelpopular.com\/index.php\/wp-json\/wp\/v2\/posts\/523255","targetHints":{"allow":["GET"]}}],"collection":[{"href":"https:\/\/diarioelpopular.com\/index.php\/wp-json\/wp\/v2\/posts"}],"about":[{"href":"https:\/\/diarioelpopular.com\/index.php\/wp-json\/wp\/v2\/types\/post"}],"author":[{"embeddable":true,"href":"https:\/\/diarioelpopular.com\/index.php\/wp-json\/wp\/v2\/users\/99"}],"replies":[{"embeddable":true,"href":"https:\/\/diarioelpopular.com\/index.php\/wp-json\/wp\/v2\/comments?post=523255"}],"version-history":[{"count":1,"href":"https:\/\/diarioelpopular.com\/index.php\/wp-json\/wp\/v2\/posts\/523255\/revisions"}],"predecessor-version":[{"id":523257,"href":"https:\/\/diarioelpopular.com\/index.php\/wp-json\/wp\/v2\/posts\/523255\/revisions\/523257"}],"wp:featuredmedia":[{"embeddable":true,"href":"https:\/\/diarioelpopular.com\/index.php\/wp-json\/wp\/v2\/media\/523256"}],"wp:attachment":[{"href":"https:\/\/diarioelpopular.com\/index.php\/wp-json\/wp\/v2\/media?parent=523255"}],"wp:term":[{"taxonomy":"category","embeddable":true,"href":"https:\/\/diarioelpopular.com\/index.php\/wp-json\/wp\/v2\/categories?post=523255"},{"taxonomy":"post_tag","embeddable":true,"href":"https:\/\/diarioelpopular.com\/index.php\/wp-json\/wp\/v2\/tags?post=523255"}],"curies":[{"name":"wp","href":"https:\/\/api.w.org\/{rel}","templated":true}]}}