{"id":523267,"date":"2024-10-21T09:29:46","date_gmt":"2024-10-21T13:29:46","guid":{"rendered":"https:\/\/diarioelpopular.com\/?p=523267"},"modified":"2024-10-21T09:29:46","modified_gmt":"2024-10-21T13:29:46","slug":"los-ciudadanos-de-ecuador-costa-rica-chile-y-uruguay-se-abren-a-la-mano-dura-contra-la-inseguridad","status":"publish","type":"post","link":"https:\/\/diarioelpopular.com\/index.php\/2024\/10\/21\/los-ciudadanos-de-ecuador-costa-rica-chile-y-uruguay-se-abren-a-la-mano-dura-contra-la-inseguridad\/","title":{"rendered":"Los ciudadanos de Ecuador, Costa Rica, Chile y Uruguay se abren a la \u2018mano dura\u2019 contra la inseguridad"},"content":{"rendered":"<div id=\"attachment_523268\" style=\"width: 1210px\" class=\"wp-caption alignnone\"><img loading=\"lazy\" decoding=\"async\" aria-describedby=\"caption-attachment-523268\" class=\"wp-image-523268 size-custom-big-size\" src=\"https:\/\/diarioelpopular.com\/wp-content\/uploads\/2024\/10\/Screen-Shot-2024-10-21-at-9.28.51-AM-1200x795.png\" alt=\"\" width=\"1200\" height=\"795\" srcset=\"https:\/\/diarioelpopular.com\/wp-content\/uploads\/2024\/10\/Screen-Shot-2024-10-21-at-9.28.51-AM-1200x795.png 1200w, https:\/\/diarioelpopular.com\/wp-content\/uploads\/2024\/10\/Screen-Shot-2024-10-21-at-9.28.51-AM-300x199.png 300w, https:\/\/diarioelpopular.com\/wp-content\/uploads\/2024\/10\/Screen-Shot-2024-10-21-at-9.28.51-AM-768x509.png 768w, https:\/\/diarioelpopular.com\/wp-content\/uploads\/2024\/10\/Screen-Shot-2024-10-21-at-9.28.51-AM-85x55.png 85w, https:\/\/diarioelpopular.com\/wp-content\/uploads\/2024\/10\/Screen-Shot-2024-10-21-at-9.28.51-AM-636x421.png 636w, https:\/\/diarioelpopular.com\/wp-content\/uploads\/2024\/10\/Screen-Shot-2024-10-21-at-9.28.51-AM-110x73.png 110w, https:\/\/diarioelpopular.com\/wp-content\/uploads\/2024\/10\/Screen-Shot-2024-10-21-at-9.28.51-AM.png 1024w\" sizes=\"auto, (max-width: 1200px) 100vw, 1200px\" \/><p id=\"caption-attachment-523268\" class=\"wp-caption-text\">Un miembro del Ej\u00e9rcito ecuatoriano durante un operativo militar en Dur\u00e1n, Ecuador, en enero de 2024. SANTIAGO ARCOS<\/p><\/div>\n<p>&nbsp;<\/p>\n<p>&nbsp;<\/p>\n<h4 class=\"a_st\"><em>&#8211; Una investigaci\u00f3n de Flacso y de la Universidad de Santiago de Chile arroja una alta percepci\u00f3n de miedo y orfandad institucional, aunque a medida que la gente profundiza en la tem\u00e1tica el instinto punitivo se modera<\/em><\/h4>\n<p>&nbsp;<\/p>\n<p class=\"\">Hace unos 10 a 15 a\u00f1os se consideraba que cuatro pa\u00edses de Am\u00e9rica Latina eran excepcionales a las altas tasas de homicidios en la regi\u00f3n: Ecuador, Costa Rica, Chile y Uruguay. Exist\u00eda en ellos una narrativa de prevenci\u00f3n, rehabilitaci\u00f3n, un Estado que revolv\u00eda asuntos y le daban la espalda a las medidas de \u2018<i>mano dura\u2019<\/i>. Desde entonces,\u00a0<a href=\"https:\/\/elpais.com\/mexico\/2023-04-08\/de-mexico-a-chile-las-crisis-de-seguridad-consumen-a-latinoamerica.html\" target=\"_blank\" rel=\"noopener\" data-link-track-dtm=\"\" data-mrf-link=\"https:\/\/elpais.com\/mexico\/2023-04-08\/de-mexico-a-chile-las-crisis-de-seguridad-consumen-a-latinoamerica.html\">la violencia ha extendido sus tent\u00e1culos a esos territorios tildados de exitosos<\/a>. Este cambio fue el punto de partida de la Facultad Latinoamericana de Ciencias Sociales (FLACSO) y el Departamento de Estudios Pol\u00edticos de la Universidad de Santiago de Chile (USACH) para tomar la temperatura de c\u00f3mo se sienten los ciudadanos de dichos cuatro pa\u00edses y cu\u00e1n abiertos est\u00e1n a que se implementen\u00a0<a href=\"https:\/\/elpais.com\/us\/2024-09-05\/el-crimen-y-la-violencia-debilitan-la-credibilidad-en-la-democracia-en-america-latina.html\" data-link-track-dtm=\"\" data-mrf-link=\"https:\/\/elpais.com\/us\/2024-09-05\/el-crimen-y-la-violencia-debilitan-la-credibilidad-en-la-democracia-en-america-latina.html\">medidas de castigo radicales<\/a>\u00a0para combatir la inseguridad.<\/p>\n<p class=\"\">Los resultados del proyecto\u00a0<a href=\"https:\/\/flacsochile.org\/mano-dura-en-america-latina\/\" target=\"_blank\" rel=\"noopener\" data-link-track-dtm=\"\" data-mrf-link=\"https:\/\/flacsochile.org\/mano-dura-en-america-latina\/\"><i>Mano Dura<\/i>\u00a0y<i>\u00a0erosi\u00f3n democr\u00e1tica en Am\u00e9rica Latina<\/i><\/a><i>: Evaluaci\u00f3n del inter\u00e9s por Mano Dura en Chile, Costa Rica, Ecuador y Uruguay<\/i>, basado en conversaciones con ocho grupo focales en los cuatro pa\u00edses (en cada uno se entrevist\u00f3 a unas 300 personas), arrojan que\u00a0<a href=\"https:\/\/elpais.com\/opinion\/2024-07-03\/la-necesidad-de-reflexionar-sobre-la-inseguridad-en-america-latina.html\" data-link-track-dtm=\"\" data-mrf-link=\"https:\/\/elpais.com\/opinion\/2024-07-03\/la-necesidad-de-reflexionar-sobre-la-inseguridad-en-america-latina.html\">la sensaci\u00f3n de miedo alcanza el 67%<\/a>, que existe una sensaci\u00f3n de orfandad institucional y\u00a0<a href=\"https:\/\/elpais.com\/america\/2024-08-20\/america-latina-busca-en-la-cumbre-latinoamericana-de-seguridad-cortar-el-oxigeno-al-crimen-organizado.html\" data-link-track-dtm=\"\" data-mrf-link=\"https:\/\/elpais.com\/america\/2024-08-20\/america-latina-busca-en-la-cumbre-latinoamericana-de-seguridad-cortar-el-oxigeno-al-crimen-organizado.html\">de que el gran enemigo, el crimen organizado<\/a>, es m\u00e1s sofisticado que el propio Estado. Y que subsiste una nostalgia de la disciplina y el reconocimiento de la autoridad, asociada a castigos severos. A medida que las distintas comunidades discut\u00edan, sin embargo, el instinto punitivo se iba moderando. Pasaban de defender el trabajo forzado en las c\u00e1rceles a querer mejorar la calidad de \u00e9stas, por ejemplo, dando cuenta de la compleja interacci\u00f3n entre las pol\u00edticas de\u00a0<i>mano dura<\/i>\u00a0y la salud de las instituciones democr\u00e1ticas.<\/p>\n<p class=\"\">Las conversaciones apuntan a diversas interpretaciones sobre\u00a0<i>mano dura<\/i>. Se asocia a leyes estrictas (21%), un cierto orden y autoridad (15%) o al respeto y la crianza firme (14%), principalmente. Los cuatro pa\u00edses presentan imaginarios mayoritariamente positivos sobre la\u00a0<i>mano dura<\/i>\u00a0(58% en promedio), especialmente en Ecuador y Costa Rica. El 16% se muestra ambivalente y el 26% tiene una imagen negativa. Uruguay y Chile encabezan en esta \u00faltima percepci\u00f3n, con 39% y 31%, respectivamente.<\/p>\n<p class=\"\">El principal actor al que se le exige actuar con\u00a0<i>mano dura<\/i>\u00a0es al presidente de la Rep\u00fablica. Dentro de los referentes internacionales que aparecen\u00a0<a href=\"https:\/\/elpais.com\/internacional\/2023-08-20\/el-autoritarismo-de-nayib-bukele-contagia-la-politica-latinoamericana.html\" data-link-track-dtm=\"\" data-mrf-link=\"https:\/\/elpais.com\/internacional\/2023-08-20\/el-autoritarismo-de-nayib-bukele-contagia-la-politica-latinoamericana.html\">con frecuencia figuran Nayib Bukele (91 menciones),<\/a>\u00a0Javier Milei (15), Vladimir Putin (12) y Donald Trump (9). En general, los personajes nacionales que los participantes del proyecto vinculan a las pol\u00edticas de\u00a0<i>mano dura<\/i>\u00a0est\u00e1n relacionados con partidos de derecha.<\/p>\n<p>&nbsp;<\/p>\n<figure class=\"a_m a_m-h \">\n<p><div style=\"width: 424px\" class=\"wp-caption alignnone\"><img loading=\"lazy\" decoding=\"async\" class=\"_re lazyload a_m-h\" src=\"https:\/\/imagenes.elpais.com\/resizer\/v2\/U2KYMVVXNREANN6EH4MRTUWJO4.JPG?auth=4a002744a5c92bcd2f2a02d11cd0224c25bf22fa49a5d1bfbde93923bd99af74&amp;width=414\" sizes=\"auto, (min-width:1199px) 1155px,(min-width:1001px) calc(100vw - 44px),(min-width:768px) 767px, 100vw\" srcset=\"https:\/\/imagenes.elpais.com\/resizer\/v2\/U2KYMVVXNREANN6EH4MRTUWJO4.JPG?auth=4a002744a5c92bcd2f2a02d11cd0224c25bf22fa49a5d1bfbde93923bd99af74&amp;width=414 414w,https:\/\/imagenes.elpais.com\/resizer\/v2\/U2KYMVVXNREANN6EH4MRTUWJO4.JPG?auth=4a002744a5c92bcd2f2a02d11cd0224c25bf22fa49a5d1bfbde93923bd99af74&amp;width=828 640w,https:\/\/imagenes.elpais.com\/resizer\/v2\/U2KYMVVXNREANN6EH4MRTUWJO4.JPG?auth=4a002744a5c92bcd2f2a02d11cd0224c25bf22fa49a5d1bfbde93923bd99af74&amp;width=980 1000w,https:\/\/imagenes.elpais.com\/resizer\/v2\/U2KYMVVXNREANN6EH4MRTUWJO4.JPG?auth=4a002744a5c92bcd2f2a02d11cd0224c25bf22fa49a5d1bfbde93923bd99af74&amp;width=1960 1960w\" alt=\"Dos personas son detenidas en un cerco militar en Soyapango, El Salvador, en julio de 2024.\" width=\"414\" height=\"276\" \/><p class=\"wp-caption-text\">Dos personas son detenidas en un cerco militar en Soyapango, El Salvador, en julio de 2024.CRISTOSAL<\/p><\/div><figcaption class=\"a_m_p\"><\/figcaption><\/figure>\n<p>&nbsp;<\/p>\n<p class=\"\">La soci\u00f3loga y acad\u00e9mica de la Universidad de Santiago (USACH), Luc\u00eda Dammert, coordinadora general del proyecto, se\u00f1ala que \u201c<a href=\"https:\/\/elpais.com\/podcasts\/hoy-en-el-pais\/2024-02-06\/podcast-asi-se-expande-el-modelo-bukele-en-america-latina.html\" data-link-track-dtm=\"\" data-mrf-link=\"https:\/\/elpais.com\/podcasts\/hoy-en-el-pais\/2024-02-06\/podcast-asi-se-expande-el-modelo-bukele-en-america-latina.html\">hay una mirada positiva sobre lo que le ha hecho Bukele<\/a>, porque ha tenido resultados, pero cuando empiezas a conversar, la ciudadan\u00eda no quiere, salvo casos ultra-excepcionales, cerrar el Congreso, que los presidentes gobiernen por decreto o que las Fuerzas Armadas est\u00e9n en la puerta de su casa. Todav\u00eda existe en estos pa\u00edses la posibilidad de otro tipo de medidas\u201d. En t\u00e9rminos narrativos, afirma que \u201cel mundo progresista no termina de revisar las multidimensionalidades de la conversaci\u00f3n ciudadana. Se ha quedado en que esto es pasar leyes para castigar a la gente. Pero la gente tambi\u00e9n se da cuenta de que aprueban las leyes y luego no pasa nada\u201d.<\/p>\n<p class=\"\">Abierta la conversaci\u00f3n sobre la situaci\u00f3n de seguridad en cada pa\u00eds, el 67% de los participantes incluy\u00f3 la emoci\u00f3n del miedo, donde aparecieron palabras que iban desde temor hasta terror. El 17% emple\u00f3 un lenguaje asociado a la rabia, incluida la impotencia y la frustraci\u00f3n; el 13% con la preocupaci\u00f3n y el 3% con la tristeza, con cierta desesperanza respecto de un cambio, seg\u00fan el estudio desarrollado por Dammert, junto con los investigadores Mary Fran Malone, profesora de la Universidad de New Hampshire; Sebasti\u00e1n Cutrona, de la Liverpool Hope University; Jonathan Rosen, de la Universidad de Nueva Jersey, y la soci\u00f3loga Manuela Gil, asistente general del proyecto.<\/p>\n<p class=\"\">En los grupos consultados en Ecuador y Costa Rica, las emociones asociadas a la rabia, la injusticia y el cansancio frente a la delincuencia alcanza un 25%, unos ocho puntos por sobre los otros dos pa\u00edses. En Uruguay predominan las diversas capas del miedo y en Chile y Costa Rica lideran las menciones a la preocupaci\u00f3n (18% y 19%, respectivamente) y la tristeza (4% y 6%), vinculada a la empat\u00eda hacia las v\u00edctimas y sus familias afectadas por la delincuencia.<\/p>\n<p class=\"\">El proyecto recoge c\u00f3mo se repite entre los participantes la visi\u00f3n de un pasado que fue mejor. Lo que potencia su sensaci\u00f3n de miedo y la alteraci\u00f3n de su vida cotidiana es el incremento en la frecuencia de los delitos, el aumento en la violencia asociada a estos y una mayor diversidad de los cr\u00edmenes. \u201cYa no hay paz. Uno est\u00e1 preocupado hasta cuando los hijos andan en la escuela porque ahora hay balaceras hasta en las escuelas, afuera, entonces uno ya no sabe ni qu\u00e9 pensar, da miedo salir\u201d, dice una mujer costarricense del grupo de entre 30 a 50 a\u00f1os.<\/p>\n<p>&nbsp;<\/p>\n<figure class=\"a_m a_m-h \">\n<p><div style=\"width: 424px\" class=\"wp-caption alignnone\"><img loading=\"lazy\" decoding=\"async\" class=\"_re lazyload a_m-h\" src=\"https:\/\/imagenes.elpais.com\/resizer\/v2\/V5AMYHZGQJGOHLL2T4A5K7EFOE.jpg?auth=5aae591fe61a68a1dbcd5f725bfac3f956c95de39d3342c350856ef068939b43&amp;width=414\" sizes=\"auto, (min-width:1199px) 1155px,(min-width:1001px) calc(100vw - 44px),(min-width:768px) 767px, 100vw\" srcset=\"https:\/\/imagenes.elpais.com\/resizer\/v2\/V5AMYHZGQJGOHLL2T4A5K7EFOE.jpg?auth=5aae591fe61a68a1dbcd5f725bfac3f956c95de39d3342c350856ef068939b43&amp;width=414 414w,https:\/\/imagenes.elpais.com\/resizer\/v2\/V5AMYHZGQJGOHLL2T4A5K7EFOE.jpg?auth=5aae591fe61a68a1dbcd5f725bfac3f956c95de39d3342c350856ef068939b43&amp;width=828 640w,https:\/\/imagenes.elpais.com\/resizer\/v2\/V5AMYHZGQJGOHLL2T4A5K7EFOE.jpg?auth=5aae591fe61a68a1dbcd5f725bfac3f956c95de39d3342c350856ef068939b43&amp;width=980 1000w,https:\/\/imagenes.elpais.com\/resizer\/v2\/V5AMYHZGQJGOHLL2T4A5K7EFOE.jpg?auth=5aae591fe61a68a1dbcd5f725bfac3f956c95de39d3342c350856ef068939b43&amp;width=1960 1960w\" alt=\"ENCUESTA CEP INSEGURIDAD Y MIGRACI\u00d3N\" width=\"414\" height=\"277\" \/><p class=\"wp-caption-text\">Oficiales de polic\u00eda durante la ceremonia de inicio del operativo &#8216;Calles sin violencia&#8217;, en Santiago, Chile, en abril de 2023.Esteban Felix (AP)<\/p><\/div><figcaption class=\"a_m_p\"><\/figcaption><\/figure>\n<h3><\/h3>\n<h3 class=\"\">Los responsables del miedo<\/h3>\n<p class=\"\">La migraci\u00f3n irregular y el narcotr\u00e1fico son dos factores responsables del problema de seguridad en los cuatro pa\u00edses, seg\u00fan el estudio. En Ecuador, se se\u00f1ala que el narcotr\u00e1fico a gran escala representa un tipo de delito diferente al que se conoc\u00eda previamente, vinculado estrechamente a Colombia y M\u00e9xico. En Chile, la presencia de bandas criminales,\u00a0<a href=\"https:\/\/elpais.com\/chile\/2023-06-10\/cien-balas-en-la-escena-del-crimen-como-cambiaron-los-homicidios-de-chile.html\" data-link-track-dtm=\"\" data-mrf-link=\"https:\/\/elpais.com\/chile\/2023-06-10\/cien-balas-en-la-escena-del-crimen-como-cambiaron-los-homicidios-de-chile.html\">el aumento de homicidios con armas de fuego<\/a>\u00a0y los cr\u00edmenes violentos se vinculan con la migraci\u00f3n irregular de venezolanos, y en Costa Rica de la de nicarag\u00fcenses. \u201cLa gente extranjera deber\u00eda venir a sumar, a hacer que mi pa\u00eds crezca (\u2026). No ense\u00f1arles a los delincuentes modos nuevos, por ejemplo,\u00a0<a href=\"https:\/\/elpais.com\/chile\/2024-01-25\/descubierta-en-chile-una-segunda-casa-de-la-tortura-utilizada-por-el-tren-de-aragua.html\" data-link-track-dtm=\"\" data-mrf-link=\"https:\/\/elpais.com\/chile\/2024-01-25\/descubierta-en-chile-una-segunda-casa-de-la-tortura-utilizada-por-el-tren-de-aragua.html\">de tortura<\/a>\u201d, apunta una chilena entre 30 y 50 a\u00f1os. En Uruguay, si bien se\u00f1alan que el narcotr\u00e1fico tiene responsabilidad, no siempre est\u00e1 vinculado a la poblaci\u00f3n extranjera. Le atribuyen el origen de la crisis a factores internos como la desigualdad social, el consumo de drogas y una cierta p\u00e9rdida de valores, como el respeto por la autoridad.<\/p>\n<p class=\"\">Uno de los principales habilitadores de los problemas de seguridad, seg\u00fan los participantes, son los pol\u00edticos. Por ejemplo, identifican las pol\u00edticas de apertura de fronteras implementadas en distintos momentos, especialmente en Costa Rica y\u00a0<a href=\"https:\/\/elpais.com\/chile\/2024-01-24\/un-fiscal-y-un-alcalde-encienden-el-debate-sobre-las-medidas-de-control-de-migracion-irregular-en-chile.html\" data-link-track-dtm=\"\" data-mrf-link=\"https:\/\/elpais.com\/chile\/2024-01-24\/un-fiscal-y-un-alcalde-encienden-el-debate-sobre-las-medidas-de-control-de-migracion-irregular-en-chile.html\">Chile<\/a>, como elementos que han contribuido al surgimiento y profundizaci\u00f3n de la crisis. Tambi\u00e9n en las conversaciones aparecen factores que obstaculizan los cambios. En algunos grupos se se\u00f1ala que valores democr\u00e1ticos como la protecci\u00f3n de los derechos humanos y el debido proceso judicial, limitan las acciones que consideran necesarias para enfrentar la delincuencia. \u201c\u00bfPor qu\u00e9 tenemos que tener consideraci\u00f3n con los derechos humanos de los delincuentes si ellos no tienen ninguna luz para matar a alguien por 100 pesos con un tel\u00e9fono?\u201d, apunta un chileno entre 30 y 50 a\u00f1os. Adem\u00e1s, en muchos grupos se percibe que el sistema judicial es ineficaz en la persecuci\u00f3n y el castigo de delincuentes.<\/p>\n<p class=\"\">En los cuatro pa\u00edses se destaca el papel de los medios de comunicaci\u00f3n en la percepci\u00f3n de la seguridad. Coinciden en que existe una sobreabundancia de noticias sobre delincuencia e inseguridad, lo que les dificulta discernir su veracidad. Queda de manifiesto la baja confianza que les tienen, descritos como \u201calarmistas\u201d, lo que los ha llevado a elegir fuentes no tradicionales para informarse. Muchos dicen que conf\u00edan m\u00e1s en las redes sociales que en la televisi\u00f3n o la prensa escrita. En Ecuador se da un fen\u00f3meno particular en el que la desconfianza hacia los medios de comunicaci\u00f3n tradicionales existe, pero varios afirman que est\u00e1n al servicio del Estado y buscan crear una sensaci\u00f3n de falsa tranquilidad.<\/p>\n<p class=\"\">La hip\u00f3tesis preliminar que se plantea en la investigaci\u00f3n es que los medios desempe\u00f1an un papel clave en mantener una percepci\u00f3n alta y estable de inseguridad en la poblaci\u00f3n. A trav\u00e9s de la sobreexposici\u00f3n a ciertos delitos, los medios \u201cnormalizan una visi\u00f3n de la violencia y la delincuencia, haciendo que la poblaci\u00f3n se sienta constantemente insegura, sin importar la naturaleza espec\u00edfica de su miedo\u201d, sostiene el informe. Entonces, aunque las cualidades del miedo son distintas (a ser robado frente a ser asesinado, por ejemplo), en una escala de percepci\u00f3n, ambas personas podr\u00edan sentir el mismo nivel de inseguridad.<\/p>\n<p class=\"\">Respecto a cu\u00e1n alarmante consideran la crisis de seguridad en sus respectivos pa\u00edses, en una escala de cinco niveles, siendo el primero el m\u00e1s bajo, el 43% de los participantes la sit\u00faan en el tercero, el 28% en el cuarto y el 22% en el quinto, el m\u00e1s cr\u00edtico. Mientras que los grupos de Chile y Uruguay se concentran en el nivel tres, Costa Rica y, sobre todo, Ecuador presentan promedios m\u00e1s altos.<\/p>\n<p>&nbsp;<\/p>\n<figure class=\"a_m a_m-h \">\n<p><div style=\"width: 424px\" class=\"wp-caption alignnone\"><img loading=\"lazy\" decoding=\"async\" class=\"_re lazyload a_m-h\" src=\"https:\/\/imagenes.elpais.com\/resizer\/v2\/FXGVF6554BGLRKRIGBBII5O2X4.jpg?auth=86cd89a0c356d3fc1c35e25c8ebf0b571b24df2e2b84d5a896b360aa6088f6cb&amp;width=414\" sizes=\"auto, (min-width:1199px) 1155px,(min-width:1001px) calc(100vw - 44px),(min-width:768px) 767px, 100vw\" srcset=\"https:\/\/imagenes.elpais.com\/resizer\/v2\/FXGVF6554BGLRKRIGBBII5O2X4.jpg?auth=86cd89a0c356d3fc1c35e25c8ebf0b571b24df2e2b84d5a896b360aa6088f6cb&amp;width=414 414w,https:\/\/imagenes.elpais.com\/resizer\/v2\/FXGVF6554BGLRKRIGBBII5O2X4.jpg?auth=86cd89a0c356d3fc1c35e25c8ebf0b571b24df2e2b84d5a896b360aa6088f6cb&amp;width=828 640w,https:\/\/imagenes.elpais.com\/resizer\/v2\/FXGVF6554BGLRKRIGBBII5O2X4.jpg?auth=86cd89a0c356d3fc1c35e25c8ebf0b571b24df2e2b84d5a896b360aa6088f6cb&amp;width=980 1000w,https:\/\/imagenes.elpais.com\/resizer\/v2\/FXGVF6554BGLRKRIGBBII5O2X4.jpg?auth=86cd89a0c356d3fc1c35e25c8ebf0b571b24df2e2b84d5a896b360aa6088f6cb&amp;width=1960 1960w\" alt=\"Discotheques and bars of San Jos\u00e9 being policed, January 27, 2023\" width=\"414\" height=\"276\" \/><p class=\"wp-caption-text\">Polic\u00edas patrullan en la zona de discotecas y bares de San Jos\u00e9, Costa Rica, en enero de 2023.Carlos Gonz\u00e1lez (AP)<\/p><\/div><figcaption class=\"a_m_p\"><\/figcaption><\/figure>\n<h3><\/h3>\n<h3 class=\"\">\u00bfQu\u00e9 medidas adoptar?<\/h3>\n<p class=\"\">Cuando se discut\u00edan medidas preventivas, como la modernizaci\u00f3n de las instituciones y\u00a0<a href=\"https:\/\/elpais.com\/chile\/2024-06-11\/ana-maria-stuven-historiadora-chilena-hay-mujeres-que-estan-en-la-carcel-y-no-saben-donde-estan-sus-hijos.html\" data-link-track-dtm=\"\" data-mrf-link=\"https:\/\/elpais.com\/chile\/2024-06-11\/ana-maria-stuven-historiadora-chilena-hay-mujeres-que-estan-en-la-carcel-y-no-saben-donde-estan-sus-hijos.html\">la reinserci\u00f3n social<\/a>, los argumentos en contra eran que las califican de poco eficientes y que no logran resolver la crisis actual. En las propuestas de control, como intensificar la lucha contra la delincuencia en lugar de centrarse en su castigo, se vio cierto consenso sobre la necesidad de ampliar las atribuciones de las fuerzas policiales y brindarles mayor respaldo para actuar frente a la delincuencia. En determinados grupos, la discusi\u00f3n deriv\u00f3 en la necesidad de recurrir a las Fuerzas Armadas, ya que perciben que las polic\u00edas no est\u00e1n preparadas para enfrentar delitos del crimen organizado, entre otros. Dentro de las propuestas punitivas, la discusi\u00f3n se enfoc\u00f3 en incrementar los a\u00f1os de prisi\u00f3n para delitos como homicidios o robos con violencia. Algunos plantearon que es imposible reinsertar socialmente a ese tipo de delincuentes.<\/p>\n<p class=\"\">Dammert advierte que uno de los problemas de concentrarse en una amenaza transnacional, como\u00a0<a href=\"https:\/\/elpais.com\/america-colombia\/2024-07-08\/de-colombia-a-chile-el-hilo-del-tren-de-aragua-comienza-a-desenredarse.html#?rel=mas\" data-link-track-dtm=\"\" data-mrf-link=\"https:\/\/elpais.com\/america-colombia\/2024-07-08\/de-colombia-a-chile-el-hilo-del-tren-de-aragua-comienza-a-desenredarse.html\">el crimen organizado<\/a>, es que se invisibilizan otras violencias, como \u201cla violencia contra la mujer,\u00a0<a href=\"https:\/\/elpais.com\/chile\/2024-09-17\/las-denuncias-en-chile-por-problemas-en-la-convivencia-dentro-de-la-comunidad-escolar-suben-un-58-en-diez-anos.html\" data-link-track-dtm=\"\" data-mrf-link=\"https:\/\/elpais.com\/chile\/2024-09-17\/las-denuncias-en-chile-por-problemas-en-la-convivencia-dentro-de-la-comunidad-escolar-suben-un-58-en-diez-anos.html\">la violencia en el colegio<\/a>, y un mont\u00f3n de otros temas que tambi\u00e9n nos afligen y tal vez incluso m\u00e1s\u201d. \u201cHay un c\u00f3ctel que es peligroso para la calidad de nuestras democracias\u201d, remarca la acad\u00e9mica.<\/p>\n<p class=\"\">Algunas propuestas de los participantes son derechamente radicales y apuntan a la necesidad de romper con la separaci\u00f3n de poderes del Estado, adem\u00e1s de transgredir libertades civiles. Aqu\u00ed aparecen respuestas diversas. Los que se resisten son los que consideran que los delincuentes son los responsables del problema, que no son necesarias esas acciones, y que la democracia es siempre deseable. Para otros, la concentraci\u00f3n del poder aparece como un camino alternativo a las medidas que han sido adoptadas hasta ahora. \u201cFrente a la percepci\u00f3n de que los gobiernos anteriores han fallado en combatir la delincuencia, la idea de una salida autoritaria puede ser vista como una medida m\u00e1s eficaz, r\u00e1pida y eficiente\u201d, describe el informe.<\/p>\n<p class=\"\">En una tabla sobre la agresividad de las medidas para combatir la delincuencia, siendo el primero las m\u00e1s moderadas y el quinto el de las m\u00e1s radicales, el 12,5% est\u00e1 en el tercer escal\u00f3n, el 31% en el cuarto y el 53% en el quinto. Uruguay es el m\u00e1s moderado, frente a Chile, Costa Rica y Ecuador, siendo este \u00faltimo el m\u00e1s extremo. A medida que la conversaci\u00f3n avanza, apunta la investigaci\u00f3n, la narrativa se modera porque aparecen los derechos y libertades civiles, las identidades nacionales y rasgos idiosincr\u00e1ticos y elementos institucionales de la democracia. El ejemplo m\u00e1s claro dentro de los\u00a0<i>moderadores idiosincr\u00e1ticos<\/i>\u00a0es el de Costa Rica y su cultura de la paz al no tener Ej\u00e9rcito. Uruguay, por ejemplo, que apela a su historia reciente y c\u00f3mo han vivido la memoria hist\u00f3rica de\u00a0<a href=\"https:\/\/elpais.com\/america\/2024-05-29\/identificada-una-nueva-victima-de-la-dictadura-uruguaya.html\" data-link-track-dtm=\"\" data-mrf-link=\"https:\/\/elpais.com\/america\/2024-05-29\/identificada-una-nueva-victima-de-la-dictadura-uruguaya.html\">la dictadura (1973-1985)<\/a>\u00a0para poner pa\u00f1os fr\u00edos.<\/p>\n<p>&nbsp;<\/p>\n<figure class=\"a_m a_m-h \">\n<p><div style=\"width: 424px\" class=\"wp-caption alignnone\"><img loading=\"lazy\" decoding=\"async\" class=\"_re lazyload a_m-h\" src=\"https:\/\/imagenes.elpais.com\/resizer\/v2\/RF3HDPWUGEULT4RQJIERKQLCFI.jpg?auth=9941739763ea914cb05071df309674432115d2183ab718630094f2be25c928ed&amp;width=414\" sizes=\"auto, (min-width:1199px) 1155px,(min-width:1001px) calc(100vw - 44px),(min-width:768px) 767px, 100vw\" srcset=\"https:\/\/imagenes.elpais.com\/resizer\/v2\/RF3HDPWUGEULT4RQJIERKQLCFI.jpg?auth=9941739763ea914cb05071df309674432115d2183ab718630094f2be25c928ed&amp;width=414 414w,https:\/\/imagenes.elpais.com\/resizer\/v2\/RF3HDPWUGEULT4RQJIERKQLCFI.jpg?auth=9941739763ea914cb05071df309674432115d2183ab718630094f2be25c928ed&amp;width=828 640w,https:\/\/imagenes.elpais.com\/resizer\/v2\/RF3HDPWUGEULT4RQJIERKQLCFI.jpg?auth=9941739763ea914cb05071df309674432115d2183ab718630094f2be25c928ed&amp;width=980 1000w,https:\/\/imagenes.elpais.com\/resizer\/v2\/RF3HDPWUGEULT4RQJIERKQLCFI.jpg?auth=9941739763ea914cb05071df309674432115d2183ab718630094f2be25c928ed&amp;width=1960 1960w\" alt=\"Transporte p\u00fablico en Quito\" width=\"414\" height=\"276\" \/><p class=\"wp-caption-text\">Un militar requisa a un joven en un operativo de control en la estaci\u00f3n de transporte p\u00fablico La Marin, en enero pasado en Quito (Ecuador).Jos\u00e9 J\u00e1come (EFE)<\/p><\/div><figcaption class=\"a_m_p\"><\/figcaption><\/figure>\n<p>&nbsp;<\/p>\n<p class=\"\">En el caso chileno, algunos expresan que no ser\u00eda deseable regresar a pr\u00e1cticas de control y represi\u00f3n como las de<a href=\"https:\/\/elpais.com\/chile\/2022-06-13\/chile-emprende-la-busqueda-de-1162-desaparecidos-de-la-dictadura-de-pinochet.html\" data-link-track-dtm=\"\" data-mrf-link=\"https:\/\/elpais.com\/chile\/2022-06-13\/chile-emprende-la-busqueda-de-1162-desaparecidos-de-la-dictadura-de-pinochet.html\">\u00a0la dictadura (1973-1990)<\/a>, sin embargo, hay quienes argumentan que ser\u00eda necesario aplicar una\u00a0<i>mano dura<\/i>\u00a0similar a la de esos a\u00f1os. Sugieren que la memoria de la dictadura limita actualmente la capacidad de las polic\u00edas, Fuerzas Armadas y de los pol\u00edticos para implementarlas. Otra noci\u00f3n que modera el debate en los grupos del pa\u00eds sudamericano es el que implementar medidas de\u00a0<i>mano dura\u00a0<\/i>ser\u00eda un \u201cretroceso civilizatorio\u201d. Esto surge acompa\u00f1ado de la idea de que, si bien Chile puede estar en\u00a0<a href=\"https:\/\/elpais.com\/chile\/2024-08-06\/la-percepcion-de-inseguridad-en-chile-se-mantiene-alta-y-alcanza-un-876-durante-2023.html\" data-link-track-dtm=\"\" data-mrf-link=\"https:\/\/elpais.com\/chile\/2024-08-06\/la-percepcion-de-inseguridad-en-chile-se-mantiene-alta-y-alcanza-un-876-durante-2023.html\">una crisis y la percepci\u00f3n inseguridad ser muy alta<\/a>, no estar\u00eda tan mal como los dem\u00e1s pa\u00edses latinoamericanos.<\/p>\n<p class=\"\">\u201cEn Uruguay\u201d, se\u00f1ala Dammert, \u201cla gente no est\u00e1 dispuesta a disminuir sus derechos. En Costa Rica la gente se sigue viendo como un pa\u00eds que tiene una autodefinici\u00f3n de un pac\u00edfico, que no quiere caer en una guerra interna. El caso chileno es mucho m\u00e1s complicado porque encuentras una mirada mucho m\u00e1s autoritaria, probablemente por una sensaci\u00f3n mayor de abandono y una profunda frustraci\u00f3n respecto al trabajo institucional y pol\u00edtico. Y en\u00a0<a href=\"https:\/\/elpais.com\/america\/2024-10-13\/el-crimen-organizado-echa-raices-en-quito.html\" data-link-track-dtm=\"\" data-mrf-link=\"https:\/\/elpais.com\/america\/2024-10-13\/el-crimen-organizado-echa-raices-en-quito.html\">Ecuador<\/a>\u00a0tienen una visi\u00f3n de que est\u00e1n en una guerra interna con un nivel de corrupci\u00f3n institucional gigante\u201d.<\/p>\n<p class=\"\">Una de las ideas m\u00e1s difundidas en los cuatro pa\u00edses es que las leyes son demasiado blandas y permisivas con los delincuentes. Que los castigos no son proporcionales a los delitos y que existe una \u201cpuerta giratoria\u201d, haciendo referencia a la entrada y salida del sistema judicial con total impunidad. Esto se atribuye al Poder Legislativo y a la manera en que se aplican las normas. Cuando se percibe que el Estado no est\u00e1 ejerciendo el castigo suficiente para enfrentar la delincuencia, los participantes discuten sobre alternativas civiles, entre las que destacan las detenciones ciudadanas y linchamientos, con la premisa de tomar \u201cjusticia por sus propias manos\u201d. \u201cYa no se puede confiar mucho hoy en d\u00eda en la polic\u00eda porque ah\u00ed empieza la corrupci\u00f3n, les pasan plata y ya\u201d, dice un hombre ecuatoriano entre 18 y 29 a\u00f1os.<\/p>\n<p class=\"\">Para los participantes, un modelo ideal de l\u00edder, concluye la investigaci\u00f3n, ser\u00eda caracterizado como una figura\u00a0<i>pura<\/i>, limpia frente a un sistema pol\u00edtico corrupto, con una br\u00fajula moral que seguir. Personas a las que se les permite ensuciarse las manos excepcionalmente, sin que esto les quite su investidura de l\u00edderes morales y carism\u00e1ticos.<\/p>\n","protected":false},"excerpt":{"rendered":"<p>&nbsp; &nbsp; &#8211; Una investigaci\u00f3n de Flacso y de la Universidad de Santiago de Chile arroja una alta percepci\u00f3n de miedo y orfandad institucional, aunque&hellip;<\/p>\n","protected":false},"author":99,"featured_media":523268,"comment_status":"open","ping_status":"open","sticky":false,"template":"","format":"standard","meta":{"footnotes":""},"categories":[23],"tags":[],"class_list":["post-523267","post","type-post","status-publish","format-standard","has-post-thumbnail","hentry","category-latinoamerica"],"_links":{"self":[{"href":"https:\/\/diarioelpopular.com\/index.php\/wp-json\/wp\/v2\/posts\/523267","targetHints":{"allow":["GET"]}}],"collection":[{"href":"https:\/\/diarioelpopular.com\/index.php\/wp-json\/wp\/v2\/posts"}],"about":[{"href":"https:\/\/diarioelpopular.com\/index.php\/wp-json\/wp\/v2\/types\/post"}],"author":[{"embeddable":true,"href":"https:\/\/diarioelpopular.com\/index.php\/wp-json\/wp\/v2\/users\/99"}],"replies":[{"embeddable":true,"href":"https:\/\/diarioelpopular.com\/index.php\/wp-json\/wp\/v2\/comments?post=523267"}],"version-history":[{"count":1,"href":"https:\/\/diarioelpopular.com\/index.php\/wp-json\/wp\/v2\/posts\/523267\/revisions"}],"predecessor-version":[{"id":523269,"href":"https:\/\/diarioelpopular.com\/index.php\/wp-json\/wp\/v2\/posts\/523267\/revisions\/523269"}],"wp:featuredmedia":[{"embeddable":true,"href":"https:\/\/diarioelpopular.com\/index.php\/wp-json\/wp\/v2\/media\/523268"}],"wp:attachment":[{"href":"https:\/\/diarioelpopular.com\/index.php\/wp-json\/wp\/v2\/media?parent=523267"}],"wp:term":[{"taxonomy":"category","embeddable":true,"href":"https:\/\/diarioelpopular.com\/index.php\/wp-json\/wp\/v2\/categories?post=523267"},{"taxonomy":"post_tag","embeddable":true,"href":"https:\/\/diarioelpopular.com\/index.php\/wp-json\/wp\/v2\/tags?post=523267"}],"curies":[{"name":"wp","href":"https:\/\/api.w.org\/{rel}","templated":true}]}}