{"id":523271,"date":"2024-10-21T09:37:48","date_gmt":"2024-10-21T13:37:48","guid":{"rendered":"https:\/\/diarioelpopular.com\/?p=523271"},"modified":"2024-10-21T09:37:48","modified_gmt":"2024-10-21T13:37:48","slug":"oscar-se-degrada-a-tormenta-tropical-tras-tocar-tierra-en-cuba-como-huracan-en-medio-de-una-crisis-energetica-que-ha-dejado-a-la-isla-sin-luz","status":"publish","type":"post","link":"https:\/\/diarioelpopular.com\/index.php\/2024\/10\/21\/oscar-se-degrada-a-tormenta-tropical-tras-tocar-tierra-en-cuba-como-huracan-en-medio-de-una-crisis-energetica-que-ha-dejado-a-la-isla-sin-luz\/","title":{"rendered":"Oscar se degrada a tormenta tropical tras tocar tierra en Cuba como hurac\u00e1n, en medio de una crisis energ\u00e9tica que ha dejado a la isla sin luz"},"content":{"rendered":"<div id=\"attachment_523272\" style=\"width: 646px\" class=\"wp-caption alignnone\"><img loading=\"lazy\" decoding=\"async\" aria-describedby=\"caption-attachment-523272\" class=\"wp-image-523272 size-custom-full-size\" src=\"https:\/\/diarioelpopular.com\/wp-content\/uploads\/2024\/10\/Screen-Shot-2024-10-21-at-9.37.11-AM-636x358.png\" alt=\"\" width=\"636\" height=\"358\" srcset=\"https:\/\/diarioelpopular.com\/wp-content\/uploads\/2024\/10\/Screen-Shot-2024-10-21-at-9.37.11-AM-636x358.png 636w, https:\/\/diarioelpopular.com\/wp-content\/uploads\/2024\/10\/Screen-Shot-2024-10-21-at-9.37.11-AM-300x169.png 300w, https:\/\/diarioelpopular.com\/wp-content\/uploads\/2024\/10\/Screen-Shot-2024-10-21-at-9.37.11-AM-768x432.png 768w, https:\/\/diarioelpopular.com\/wp-content\/uploads\/2024\/10\/Screen-Shot-2024-10-21-at-9.37.11-AM-130x73.png 130w, https:\/\/diarioelpopular.com\/wp-content\/uploads\/2024\/10\/Screen-Shot-2024-10-21-at-9.37.11-AM.png 1024w\" sizes=\"auto, (max-width: 636px) 100vw, 636px\" \/><p id=\"caption-attachment-523272\" class=\"wp-caption-text\">El hurac\u00e1n Oscar impact\u00f3 contra la costa cubana a las 17:50 hora local.<\/p><\/div>\n<p>&nbsp;<\/p>\n<div class=\"bbc-19j92fr ebmt73l0\" dir=\"ltr\">\n<ul>\n<li class=\"bbc-hhl7in e17g058b0\" dir=\"ltr\"><em><b>El hurac\u00e1n Oscar toc\u00f3 tierra en Cuba en la tarde de este domingo antes de perder fuerza y convertirse en una tormenta tropical mientras se mov\u00eda hacia el este de la isla, inform\u00f3 el Centro Nacional de Huracanes de Estados Unidos (NHC, por su sigla en ingl\u00e9s).<\/b><\/em><\/li>\n<\/ul>\n<\/div>\n<div class=\"bbc-19j92fr ebmt73l0\" dir=\"ltr\">\n<p dir=\"ltr\">\n<p dir=\"ltr\">\n<p class=\"bbc-hhl7in e17g058b0\" dir=\"ltr\">El fen\u00f3meno meteorol\u00f3gico lleg\u00f3 a la isla con vientos m\u00e1ximos sostenidos de\u00a0130 kil\u00f3metros por hora, pero m\u00e1s tarde, a unos 65 kil\u00f3metros al este de Guant\u00e1namo, cerca de la ciudad de Baracoa (sureste del pa\u00eds), la tormenta se hab\u00eda debilitado a vientos m\u00e1ximos sostenidos de 110 kil\u00f3metros por hora.<\/p>\n<\/div>\n<div class=\"bbc-19j92fr ebmt73l0\" dir=\"ltr\">\n<p class=\"bbc-hhl7in e17g058b0\" dir=\"ltr\">&#8220;Chequeamos las acciones para enfrentar el paso del hurac\u00e1n Oscar en el oriente del pa\u00eds. Se dieron indicaciones precisas para asegurar el cuidado de nuestro pueblo. Se fortalece el apoyo a las provincias y se alistan brigadas para la recuperaci\u00f3n en el menor tiempo posible&#8221;, escribi\u00f3 el domingo el presidente de Cuba,\u00a0Miguel D\u00edaz-Canel, en la red social X.<\/p>\n<\/div>\n<div class=\"bbc-19j92fr ebmt73l0\" dir=\"ltr\">\n<p class=\"bbc-hhl7in e17g058b0\" dir=\"ltr\">La isla tiene un s\u00f3lido historial de enfrentamiento de huracanes, con una defensa civil eficaz y una amplia red de refugios.<\/p>\n<\/div>\n<section class=\"bbc-geybui\" role=\"region\" aria-label=\"Publicidad 2\" aria-hidden=\"true\" data-e2e=\"advertisement\"><\/section>\n<div class=\"bbc-19j92fr ebmt73l0\" dir=\"ltr\">\n<p class=\"bbc-hhl7in e17g058b0\" dir=\"ltr\">El NHC prev\u00e9 que este lunes el hurac\u00e1n Oscar cambie su rumbo y se dirija al noreste, dejando el territorio de la isla en la noche o primeras horas del martes.<\/p>\n<\/div>\n<div class=\"bbc-1n4f7vm ebmt73l0\" dir=\"ltr\"><\/div>\n<div class=\"bbc-19j92fr ebmt73l0\" dir=\"ltr\">\n<p class=\"bbc-hhl7in e17g058b0\" dir=\"ltr\">&#8220;Hasta mediados de semana, las fuertes lluvias de Oscar conducir\u00e1n a \u00e1reas de inundaciones repentinas significativas y que potencialmente amenazan la vida junto con deslizamientos de tierra a trav\u00e9s de porciones del este de Cuba, especialmente en la Sierra Maestra. Adem\u00e1s, es posible que haya inundaciones repentinas localizadas a trav\u00e9s del sureste de Bahamas&#8221;, pronostic\u00f3 el NHC.<\/p>\n<\/div>\n<div class=\"bbc-19j92fr ebmt73l0\" dir=\"ltr\">\n<h2 id=\"Hurac\u00e1n-sin-electricidad\" class=\"bbc-1f03ibc eglt09e0\" tabindex=\"-1\">Hurac\u00e1n sin electricidad<\/h2>\n<\/div>\n<div class=\"bbc-19j92fr ebmt73l0\" dir=\"ltr\">\n<p class=\"bbc-hhl7in e17g058b0\" dir=\"ltr\">La llegada del\u00a0hurac\u00e1n Oscar\u00a0se da en medio de una\u00a0fuerte crisis el\u00e9ctrica\u00a0en la isla, que dej\u00f3 a la mayor\u00eda de sus habitantes sin luz por fallas sucesivas, por falta de mantenimiento, en el sistema en los \u00faltimos tres d\u00edas.<\/p>\n<\/div>\n<div class=\"bbc-19j92fr ebmt73l0\" dir=\"ltr\">\n<p class=\"bbc-hhl7in e17g058b0\" dir=\"ltr\">El gobierno de Cuba dijo que el servicio el\u00e9ctrico volver\u00e1 a su normalidad mayormente en la noche del lunes, aunque habr\u00e1 usuarios que no tendr\u00e1n luz hasta el martes.<\/p>\n<\/div>\n<div class=\"bbc-19j92fr ebmt73l0\" dir=\"ltr\">\n<p class=\"bbc-hhl7in e17g058b0\" dir=\"ltr\">La principal planta energ\u00e9tica de la isla fall\u00f3 el viernes\u00a0y dej\u00f3 sin electricidad a 10 millones de personas -casi toda la poblaci\u00f3n cubana-.<\/p>\n<p dir=\"ltr\">\n<\/div>\n<figure class=\"bbc-1qn0xuy\">\n<div class=\"bbc-18ywsw9\">\n<div style=\"width: 1034px\" class=\"wp-caption alignnone\"><img loading=\"lazy\" decoding=\"async\" class=\"bbc-139onq\" src=\"https:\/\/ichef.bbci.co.uk\/ace\/ws\/640\/cpsprodpb\/cc87\/live\/628ea550-8f61-11ef-89ae-5575c76d98e6.jpg.webp\" alt=\"Hombre mirando su tel\u00e9fono alumbrado con el tel\u00e9fono de otro hombre en medio del apag\u00f3n en Cuba.\" width=\"1024\" height=\"690\" \/><p class=\"wp-caption-text\">Fuente de la imagen,Getty Images.\u00a0La luz se cort\u00f3 en Cuba el viernes y el gobierno estima que se recuperar\u00e1 mayormente el lunes a la noche.<\/p><\/div>\n<\/div>\n<\/figure>\n<div class=\"bbc-19j92fr ebmt73l0\" dir=\"ltr\">\n<p dir=\"ltr\">\n<p dir=\"ltr\">\n<p class=\"bbc-hhl7in e17g058b0\" dir=\"ltr\">El suministro se restableci\u00f3 parcialmente el s\u00e1bado, antes de volver a colapsar durante la noche.<\/p>\n<\/div>\n<div class=\"bbc-19j92fr ebmt73l0\" dir=\"ltr\">\n<p class=\"bbc-hhl7in e17g058b0\" dir=\"ltr\">D\u00edaz-Canel dijo el domingo que no tolerar\u00e1n, lo que ellos han denominado de &#8220;hechos vand\u00e1licos&#8221; sobre la red el\u00e9ctrica.<\/p>\n<\/div>\n<div class=\"bbc-19j92fr ebmt73l0\" dir=\"ltr\">\n<p class=\"bbc-hhl7in e17g058b0\" dir=\"ltr\">&#8220;No vamos a aceptar ni vamos a permitir que nadie act\u00fae provocando hechos vand\u00e1licos, y mucho menos alterando la tranquilidad ciudadana de nuestro pueblo. Eso es una convicci\u00f3n y es un principio de nuestra revoluci\u00f3n&#8221;, se\u00f1al\u00f3, de acuerdo a fragmentos de una declaraci\u00f3n publicada en video por la Presidencia de Cuba en X.<\/p>\n<\/div>\n<div class=\"bbc-19j92fr ebmt73l0\" dir=\"ltr\">\n<p class=\"bbc-hhl7in e17g058b0\" dir=\"ltr\">El presidente comunista, como siempre lo hacen, culpando en estos d\u00edas al embargo estadounidense, que dura ya d\u00e9cadas, de impedir que suministros y piezas de repuesto muy necesarios lleguen a Cuba, que originalmente son de origen sovi\u00e9tico.<\/p>\n<\/div>\n<div class=\"bbc-19j92fr ebmt73l0\" dir=\"ltr\">\n<p class=\"bbc-hhl7in e17g058b0\" dir=\"ltr\">&#8220;A veces la gente se cree que no, que esto es la ineficiencia, que esto es que no se quiere (reparar), que se quiere molestar a la gente. Hoy nosotros tenemos dos problemas: uno, que no tenemos el combustible que necesitamos, y otro, que no hemos podido hacer las reparaciones&#8221;, afirm\u00f3 D\u00edaz-Canel el viernes.<\/p>\n<\/div>\n<div class=\"bbc-19j92fr ebmt73l0\" dir=\"ltr\">\n<p class=\"bbc-hhl7in e17g058b0\" dir=\"ltr\">&#8220;Todo eso pasa por divisas.\u00a0Divisas que no tenemos por la persecuci\u00f3n financiera, y combustible que no tenemos por la persecuci\u00f3n energ\u00e9tica. Y es el bloqueo, el bloqueo recrudecido de estos tiempos&#8221;, agreg\u00f3.<\/p>\n<\/div>\n<div class=\"bbc-19j92fr ebmt73l0\" dir=\"ltr\">\n<p class=\"bbc-hhl7in e17g058b0\" dir=\"ltr\">&#8220;Aqu\u00ed hay gente que no quiere que se hable del bloqueo&#8221;, sostuvo.<\/p>\n<\/div>\n<div class=\"bbc-19j92fr ebmt73l0\" dir=\"ltr\">\n<p class=\"bbc-hhl7in e17g058b0\" dir=\"ltr\">D\u00edaz-Canel a\u00f1adi\u00f3 que incluso despu\u00e9s de que se repare el sistema el\u00e9ctrico en estos d\u00edas, el pa\u00eds continuar\u00e1 en una emergencia energ\u00e9tica.<\/p>\n<\/div>\n","protected":false},"excerpt":{"rendered":"<p>&nbsp; El hurac\u00e1n Oscar toc\u00f3 tierra en Cuba en la tarde de este domingo antes de perder fuerza y convertirse en una tormenta tropical mientras&hellip;<\/p>\n","protected":false},"author":99,"featured_media":523272,"comment_status":"open","ping_status":"open","sticky":false,"template":"","format":"standard","meta":{"footnotes":""},"categories":[23],"tags":[],"class_list":["post-523271","post","type-post","status-publish","format-standard","has-post-thumbnail","hentry","category-latinoamerica"],"_links":{"self":[{"href":"https:\/\/diarioelpopular.com\/index.php\/wp-json\/wp\/v2\/posts\/523271","targetHints":{"allow":["GET"]}}],"collection":[{"href":"https:\/\/diarioelpopular.com\/index.php\/wp-json\/wp\/v2\/posts"}],"about":[{"href":"https:\/\/diarioelpopular.com\/index.php\/wp-json\/wp\/v2\/types\/post"}],"author":[{"embeddable":true,"href":"https:\/\/diarioelpopular.com\/index.php\/wp-json\/wp\/v2\/users\/99"}],"replies":[{"embeddable":true,"href":"https:\/\/diarioelpopular.com\/index.php\/wp-json\/wp\/v2\/comments?post=523271"}],"version-history":[{"count":1,"href":"https:\/\/diarioelpopular.com\/index.php\/wp-json\/wp\/v2\/posts\/523271\/revisions"}],"predecessor-version":[{"id":523273,"href":"https:\/\/diarioelpopular.com\/index.php\/wp-json\/wp\/v2\/posts\/523271\/revisions\/523273"}],"wp:featuredmedia":[{"embeddable":true,"href":"https:\/\/diarioelpopular.com\/index.php\/wp-json\/wp\/v2\/media\/523272"}],"wp:attachment":[{"href":"https:\/\/diarioelpopular.com\/index.php\/wp-json\/wp\/v2\/media?parent=523271"}],"wp:term":[{"taxonomy":"category","embeddable":true,"href":"https:\/\/diarioelpopular.com\/index.php\/wp-json\/wp\/v2\/categories?post=523271"},{"taxonomy":"post_tag","embeddable":true,"href":"https:\/\/diarioelpopular.com\/index.php\/wp-json\/wp\/v2\/tags?post=523271"}],"curies":[{"name":"wp","href":"https:\/\/api.w.org\/{rel}","templated":true}]}}