{"id":523322,"date":"2024-10-22T08:58:27","date_gmt":"2024-10-22T12:58:27","guid":{"rendered":"https:\/\/diarioelpopular.com\/?p=523322"},"modified":"2024-10-22T09:50:37","modified_gmt":"2024-10-22T13:50:37","slug":"elevados-costos-de-alimentos-y-el-alquiler-dificultan-hacer-frente-a-necesidades-encuesta","status":"publish","type":"post","link":"https:\/\/diarioelpopular.com\/index.php\/2024\/10\/22\/elevados-costos-de-alimentos-y-el-alquiler-dificultan-hacer-frente-a-necesidades-encuesta\/","title":{"rendered":"Elevados costos de alimentos y el alquiler dificultan hacer frente a necesidades: encuesta"},"content":{"rendered":"<p><img loading=\"lazy\" decoding=\"async\" class=\"alignnone size-custom-full-size wp-image-523323\" src=\"https:\/\/diarioelpopular.com\/wp-content\/uploads\/2024\/10\/Screen-Shot-2024-10-22-at-8.57.52-AM-636x403.png\" alt=\"\" width=\"636\" height=\"403\" srcset=\"https:\/\/diarioelpopular.com\/wp-content\/uploads\/2024\/10\/Screen-Shot-2024-10-22-at-8.57.52-AM-636x403.png 636w, https:\/\/diarioelpopular.com\/wp-content\/uploads\/2024\/10\/Screen-Shot-2024-10-22-at-8.57.52-AM-300x190.png 300w, https:\/\/diarioelpopular.com\/wp-content\/uploads\/2024\/10\/Screen-Shot-2024-10-22-at-8.57.52-AM-768x487.png 768w, https:\/\/diarioelpopular.com\/wp-content\/uploads\/2024\/10\/Screen-Shot-2024-10-22-at-8.57.52-AM-85x55.png 85w, https:\/\/diarioelpopular.com\/wp-content\/uploads\/2024\/10\/Screen-Shot-2024-10-22-at-8.57.52-AM-115x73.png 115w, https:\/\/diarioelpopular.com\/wp-content\/uploads\/2024\/10\/Screen-Shot-2024-10-22-at-8.57.52-AM.png 846w\" sizes=\"auto, (max-width: 636px) 100vw, 636px\" \/><\/p>\n<p>&nbsp;<\/p>\n<p>&nbsp;<\/p>\n<ul>\n<li><em><strong>Los altos costos de los alimentos y el alquiler est\u00e1n presionando a las personas de bajos ingresos, incluso cuando la inflaci\u00f3n tiende a la baja, sugiere una nueva encuesta.<\/strong><\/em><\/li>\n<\/ul>\n<p>&nbsp;<\/p>\n<p>&nbsp;<\/p>\n<p>Una ligera mayor\u00eda (51 por ciento) de los encuestados en una encuesta del Angus Reid Institute dijo que es un desaf\u00edo mantenerse al d\u00eda con las necesidades alimentarias de su hogar. Esta proporci\u00f3n no ha cambiado mucho desde que aument\u00f3 a este nivel a fines de 2021, dijo la fundaci\u00f3n de investigaci\u00f3n de opini\u00f3n p\u00fablica no partidista y sin fines de lucro en un comunicado de prensa publicado este lunes.<\/p>\n<p>El n\u00famero de encuestados que tienen dificultades para hacer frente a los costos aument\u00f3 a dos tercios (65 por ciento) entre aquellos cuyos ingresos familiares anuales son inferiores a $ 50,000.<\/p>\n<p>El instituto pregunt\u00f3 a los canadienses c\u00f3mo estaban lidiando con los costos en lo que respecta a las perspectivas financieras, la deuda, la vivienda y los gastos de alimentaci\u00f3n. La mayor proporci\u00f3n de encuestados (33 por ciento) dijo que estaban &#8220;luchando&#8221;.<\/p>\n<p>Mientras tanto, el 23 por ciento de los encuestados dijo que estaban &#8220;prosperando&#8221;, el 22 por ciento dijo que estaban &#8220;c\u00f3modos&#8221; y el 22 por ciento se describi\u00f3 a s\u00ed mismos como &#8220;inc\u00f3modos&#8221;.<\/p>\n<p>No fueron solo aquellos con ingresos m\u00e1s bajos los que dijeron que estaban teniendo dificultades financieras. Por ejemplo, m\u00e1s personass con ingresos familiares superiores a $200,000 tambi\u00e9n estaban teniendo dificultades (un 25 por ciento), seg\u00fan la encuesta.<\/p>\n<p>A pesar de los problemas financieros, los resultados tuvieron un lado positivo. La proporci\u00f3n de personas que dijeron que ahora est\u00e1n peor ahora cay\u00f3 siete puntos en comparaci\u00f3n con septiembre pasado, seg\u00fan el Instituto Angus Reid.<\/p>\n<p>El n\u00famero de encuestados que esperan estar peor dentro de 12 meses tambi\u00e9n baj\u00f3 cinco puntos en comparaci\u00f3n con el mismo per\u00edodo del a\u00f1o pasado, agreg\u00f3.<\/p>\n<p><em><strong>\u00bfCu\u00e1l es la situaci\u00f3n de los compradores y los inquilinos?<\/strong><\/em><br \/>\nAunque las tasas de inter\u00e9s est\u00e1n cayendo, los cambios en los precios de la vivienda y el alquiler han variado.<\/p>\n<p>Seg\u00fan el Angus Reid Institute, los costos de alquiler aumentaron en todo el pa\u00eds en casi un nueve por ciento interanual, pero cayeron en algunos de los mercados m\u00e1s caros. Incluso con el alquiler m\u00e1s bajo en algunas \u00e1reas, tres de cada cinco inquilinos dijeron que su pago mensual es &#8220;duro o muy dif\u00edcil de mantener&#8221;, escribi\u00f3 el instituto.<\/p>\n<p>En t\u00e9rminos de viviendas, los costos siguen aumentando en todas partes excepto Ontario y British Columbia, dijo el instituto.<\/p>\n<p>Las altas facturas y el aumento de los costos de la vivienda hacen que muchos inquilinos sean m\u00e1s pesimistas sobre el futuro. El estudio encontr\u00f3 que tres de cada diez inquilinos (30 por ciento) dijeron que les gustar\u00eda tener una casa pero que a\u00fan no pueden pagarla, mientras que dos de cada cinco (41 por ciento) han renunciado a tener una casa alguna vez.<\/p>\n<p><em><strong>\u00bfSe espera que las tasas de inter\u00e9s bajen en Canad\u00e1?<\/strong><\/em><br \/>\nA pesar de las dificultades financieras, los hallazgos tuvieron un lado positivo.<\/p>\n<p>Algunos ven la propiedad de una vivienda como un objetivo realista. Aquellos que ya poseen varias propiedades son los m\u00e1s propensos a estar buscando ahora o esperando que bajen las tasas, seg\u00fan el instituto. Seg\u00fan el informe, casi uno de cada cinco miembros de este grupo (17 por ciento) est\u00e1 buscando activamente una vivienda ahora o espera hacerlo pronto, en comparaci\u00f3n con el 12 por ciento del grupo de encuestados que no posee una vivienda.<\/p>\n<p>Adem\u00e1s, la proporci\u00f3n de personas que dicen que est\u00e1n en peor situaci\u00f3n financiera ahora ha ca\u00eddo siete puntos al 42 por ciento en comparaci\u00f3n con septiembre pasado desde el 49 por ciento, seg\u00fan el Angus Reid Institute.<\/p>\n<p>El n\u00famero de encuestados que esperan estar peor dentro de 12 meses tambi\u00e9n ha bajado cinco puntos en comparaci\u00f3n con el mismo per\u00edodo del a\u00f1o pasado, agreg\u00f3.<\/p>\n<p>Puede haber m\u00e1s razones para que algunos sean optimistas. Se espera que el Banco de Canad\u00e1 recorte su tasa de inter\u00e9s clave este mi\u00e9rcoles por cuarta vez este a\u00f1o, ya que la inflaci\u00f3n se ha enfriado tanto en Canad\u00e1 como en los Estados Unidos.<\/p>\n<p>The Canadian Press inform\u00f3 que los expertos esperan un recorte de tasas m\u00e1s grande esta vez, seg\u00fan los datos de inflaci\u00f3n de septiembre.<\/p>\n<p><em>Metodolog\u00eda<\/em><br \/>\n<em>El Instituto Angus Reid llev\u00f3 a cabo una encuesta en l\u00ednea, autogestionada y autofinanciada, del 12 al 18 de septiembre entre una muestra aleatoria de 3.985 miembros canadienses del Foro Angus Reid. Seg\u00fan el Instituto, una muestra probabil\u00edstica de este tama\u00f1o conllevar\u00eda un margen de error de +\/- 2 puntos porcentuales, 19 veces de cada 20.<\/em><\/p>\n","protected":false},"excerpt":{"rendered":"<p>&nbsp; &nbsp; Los altos costos de los alimentos y el alquiler est\u00e1n presionando a las personas de bajos ingresos, incluso cuando la inflaci\u00f3n tiende a&hellip;<\/p>\n","protected":false},"author":99,"featured_media":523323,"comment_status":"open","ping_status":"open","sticky":false,"template":"","format":"standard","meta":{"footnotes":""},"categories":[21,11191],"tags":[],"class_list":["post-523322","post","type-post","status-publish","format-standard","has-post-thumbnail","hentry","category-canada","category-top-news"],"_links":{"self":[{"href":"https:\/\/diarioelpopular.com\/index.php\/wp-json\/wp\/v2\/posts\/523322","targetHints":{"allow":["GET"]}}],"collection":[{"href":"https:\/\/diarioelpopular.com\/index.php\/wp-json\/wp\/v2\/posts"}],"about":[{"href":"https:\/\/diarioelpopular.com\/index.php\/wp-json\/wp\/v2\/types\/post"}],"author":[{"embeddable":true,"href":"https:\/\/diarioelpopular.com\/index.php\/wp-json\/wp\/v2\/users\/99"}],"replies":[{"embeddable":true,"href":"https:\/\/diarioelpopular.com\/index.php\/wp-json\/wp\/v2\/comments?post=523322"}],"version-history":[{"count":2,"href":"https:\/\/diarioelpopular.com\/index.php\/wp-json\/wp\/v2\/posts\/523322\/revisions"}],"predecessor-version":[{"id":523363,"href":"https:\/\/diarioelpopular.com\/index.php\/wp-json\/wp\/v2\/posts\/523322\/revisions\/523363"}],"wp:featuredmedia":[{"embeddable":true,"href":"https:\/\/diarioelpopular.com\/index.php\/wp-json\/wp\/v2\/media\/523323"}],"wp:attachment":[{"href":"https:\/\/diarioelpopular.com\/index.php\/wp-json\/wp\/v2\/media?parent=523322"}],"wp:term":[{"taxonomy":"category","embeddable":true,"href":"https:\/\/diarioelpopular.com\/index.php\/wp-json\/wp\/v2\/categories?post=523322"},{"taxonomy":"post_tag","embeddable":true,"href":"https:\/\/diarioelpopular.com\/index.php\/wp-json\/wp\/v2\/tags?post=523322"}],"curies":[{"name":"wp","href":"https:\/\/api.w.org\/{rel}","templated":true}]}}