{"id":523353,"date":"2024-10-22T09:39:47","date_gmt":"2024-10-22T13:39:47","guid":{"rendered":"https:\/\/diarioelpopular.com\/?p=523353"},"modified":"2024-10-22T09:39:47","modified_gmt":"2024-10-22T13:39:47","slug":"cronicas-ecuador-entre-caos-tinieblas-incendios","status":"publish","type":"post","link":"https:\/\/diarioelpopular.com\/index.php\/2024\/10\/22\/cronicas-ecuador-entre-caos-tinieblas-incendios\/","title":{"rendered":"CR\u00d3NICAS. Ecuador entre Caos, Tinieblas, Incendios"},"content":{"rendered":"<p><img loading=\"lazy\" decoding=\"async\" class=\"alignnone size-custom-full-size wp-image-523268\" src=\"https:\/\/diarioelpopular.com\/wp-content\/uploads\/2024\/10\/Screen-Shot-2024-10-21-at-9.28.51-AM-636x421.png\" alt=\"\" width=\"636\" height=\"421\" srcset=\"https:\/\/diarioelpopular.com\/wp-content\/uploads\/2024\/10\/Screen-Shot-2024-10-21-at-9.28.51-AM-636x421.png 636w, https:\/\/diarioelpopular.com\/wp-content\/uploads\/2024\/10\/Screen-Shot-2024-10-21-at-9.28.51-AM-300x199.png 300w, https:\/\/diarioelpopular.com\/wp-content\/uploads\/2024\/10\/Screen-Shot-2024-10-21-at-9.28.51-AM-768x509.png 768w, https:\/\/diarioelpopular.com\/wp-content\/uploads\/2024\/10\/Screen-Shot-2024-10-21-at-9.28.51-AM-85x55.png 85w, https:\/\/diarioelpopular.com\/wp-content\/uploads\/2024\/10\/Screen-Shot-2024-10-21-at-9.28.51-AM-1200x795.png 1200w, https:\/\/diarioelpopular.com\/wp-content\/uploads\/2024\/10\/Screen-Shot-2024-10-21-at-9.28.51-AM-110x73.png 110w, https:\/\/diarioelpopular.com\/wp-content\/uploads\/2024\/10\/Screen-Shot-2024-10-21-at-9.28.51-AM.png 1024w\" sizes=\"auto, (max-width: 636px) 100vw, 636px\" \/><\/p>\n<p>&nbsp;<\/p>\n<p class=\"p1\"><em><strong>Por: Luc\u00eda P. de Garc\u00eda<\/strong><\/em><\/p>\n<p class=\"p1\"><em><strong>Toronto.-<\/strong><\/em> La crisis de energ\u00eda el\u00e9ctrica en Ecuador se manifest\u00f3 en el gobierno de Guillermo Lasso. En noviembre 2023, al asumir la Presidencia de la Rep\u00fablica, Daniel Noboa la conoc\u00eda. Una de sus ofertas de campa\u00f1a electoral fue subsanarla en 9 meses, destac\u00f3 que ten\u00eda un preacuerdo con Israel para producir energ\u00eda utilizando agua del mar purificada y luego almacenada en los embalses. Pero ni \u00e9ste ni ninguno de sus ofrecimientos ha cumplido, por lo que se han agudizado todas las crisis del pa\u00eds, a m\u00e1s del caos, tinieblas, e incendios que proliferaron especialmente en septiembre, y aunque los incendios han disminuido, el caos y las tinieblas contin\u00faan y crecen.<span class=\"Apple-converted-space\">\u00a0<\/span><\/p>\n<p class=\"p1\">El primer apag\u00f3n masivo ocurri\u00f3 de repente, a las 8h45 del s\u00e1bado 7 de septiembre. Durante 4 horas no hubo electricidad, telefon\u00eda celular, en ciertos lugares ni agua. Los siguientes apagones programados se dieron en las noches, \u201cmantenimiento preventivo\u201d se los llam\u00f3. Cuando los t\u00e9cnicos indicaron que no se puede hacer ese trabajo en tinieblas, el gobierno cambi\u00f3 de versi\u00f3n: falla el\u00e9ctrica, falla humana, complot, accidente, sabotaje, un imprevisto, un \u00e1rbol que cay\u00f3 sobre el tendido el\u00e9ctrico, un globo met\u00e1lico que top\u00f3 un alambre, una zarig\u00fceya que se meti\u00f3 en la red de energ\u00eda, cosas raras que suceden, etc.<\/p>\n<p class=\"p1\">Los siguientes apagones nacionales fraccionados en 10 horas al d\u00eda causaron p\u00e9rdidas de USD 12 millones por hora seg\u00fan el gobierno. Industria y empresas aseguran que son USD 20 millones por hora. De nada ha valido que en enero 2024 la Asamblea Nacional aprobara a Noboa su Ley No m\u00e1s Apagones, un decreto no llena los embalses.<span class=\"Apple-converted-space\">\u00a0<\/span><\/p>\n<p class=\"p1\">Lo que sucede es que Ecuador sufre las consecuencias de la intencional destrucci\u00f3n de la obra realizada durante una d\u00e9cada por el ex presidente Rafael Correa, entre ellas 14 hidroel\u00e9ctricas situadas en las Cordilleras Occidental y Central de los Andes, con sus embalses abastecidos por sus respectivos r\u00edos, lo que garantiza agua permanente en \u00e9poca de sequ\u00edas, generando 4.715 megavatios. Tambi\u00e9n 21 termoel\u00e9ctricas con capacidad instalada de 3.438.65 megavatios. Esto ubic\u00f3 al pa\u00eds en el quinto puesto en el mundo en autosuficiencia el\u00e9ctrica. Tal logro permiti\u00f3 exportar electricidad a Colombia y Per\u00fa. Otras fuentes de energ\u00eda que impuls\u00f3 fueron e\u00f3lica, fotovoltaica, solar, y estaban listas a desarrollar o financiar biomasa y biog\u00e1s.<span class=\"Apple-converted-space\">\u00a0<\/span><\/p>\n<p class=\"p1\">Ante la crisis energ\u00e9tica actual Ecuador ha estado importando electricidad colombiana, pero el suministro est\u00e1 suspendido pues Colombia debe aliviar sus necesidades internas. Con Per\u00fa existe un proyecto de interconexi\u00f3n el\u00e9ctrica tambi\u00e9n iniciado por Correa; no lo avanzaron los siguientes gobiernos, de manera que Per\u00fa lo inaugurar\u00e1 en 2027 en tanto Ecuador, seg\u00fan el Ministerio de Energ\u00eda, reci\u00e9n a inicios de septiembre lanz\u00f3 una licitaci\u00f3n internacional para construir la l\u00ednea de interconexi\u00f3n.<span class=\"Apple-converted-space\">\u00a0<\/span><\/p>\n<p class=\"p1\">El d\u00e9ficit el\u00e9ctrico actual es de 1.080 megavatios. Los expertos en energ\u00eda coinciden en que no s\u00f3lo lo provoca la sequ\u00eda normal de esta \u00e9poca, que no es la peor de los \u00faltimos 61 a\u00f1os como el gobierno afirma sino una de las 20 m\u00e1s agudas. Se\u00f1alan la principal causa: los equipos no han tenido mantenimiento desde 2017. Se desperdicia el gas que produce la extracci\u00f3n del crudo, que bien podr\u00eda generar 200 megavatios. Se habla de una crisis energ\u00e9tica inducida con af\u00e1n privatizador, recalcando la nula atenci\u00f3n gubernamental. La Contralor\u00eda General del Estado ratifica: indiferencia gubernamental, falta de gesti\u00f3n.<\/p>\n<p class=\"p1\">En julio, el gobierno anunci\u00f3 que una empresa turca \u201cprevisora\u201d de la crisis nacional, ya hab\u00eda enviado una barcaza que estar\u00eda en Guayaquil en agosto, y tras firmar un contrato de alquiler de USD 115 millones por 18 meses har\u00eda funcionar sus equipos. Lleg\u00f3 en septiembre, produjo 100 megavatios, d\u00edas despu\u00e9s y sin explicaciones los redujo a 12.<span class=\"Apple-converted-space\">\u00a0<\/span><\/p>\n<p class=\"p1\">Tambi\u00e9n ponder\u00f3 9 licitaciones que evitar\u00edan definitivamente los apagones. No obstante, \u00e9stos contin\u00faan, los horarios fluctuantes han pasado de 10 horas en hogares hasta 12 en industrias, lo que trastorna la vida nacional, la educaci\u00f3n, la atenci\u00f3n hospitalaria. El sector industrial indica que la medida afecta seriamente su producci\u00f3n, induciendo al despido del personal. La C\u00e1mara de Comercio pide compensaciones, en tanto el gobierno anuncia el cese de subsidios a las empresas mineras.<\/p>\n<p class=\"p1\">En plena \u00e9poca preelectoral, cuando partidos y agrupaciones pol\u00edticas se preparan para llegar a la Presidencia de la Rep\u00fablica y a la Asamblea Nacional, Noboa busca reelegirse, y para ello ofrece compensar las molestias producidas por los apagones y las p\u00e9rdidas econ\u00f3micas con tarifas el\u00e9ctricas gratuitas para <span class=\"s1\"><b>para quienes consuman hasta 180 kWh en septiembre, diciembre, enero y febrero 2025<\/b><\/span>, cuando se deber\u00e1 ir a las urnas el domingo 9. Para Navidad ofrece alquilar por USD 187 millones dos termoel\u00e9ctricas terrestres que generar\u00e1n 300 MW, y concretar contratos de emergencia por cientos de millones m\u00e1s. Los expertos comentan que con ese dinero se puede habilitar las termoel\u00e9ctricas descuidadas. Tanta demagogia se da en medio del accionar desenfrenado de la delincuencia que amparada por la obscuridad act\u00faa pese al casi constante Estado de Excepci\u00f3n, y a que se asegur\u00f3 que el incremento del IVA al 15% se destinar\u00eda para combatir la inseguridad. Ese dinero no se evidencia.<span class=\"Apple-converted-space\">\u00a0<\/span><\/p>\n<p class=\"p1\">En septiembre, ante la imposibilidad de atender todas las emergencias que generan la inseguridad y las tinieblas, y al carecer de dinero incluso para poner gasolina a los patrulleros, un jefe de Polic\u00eda sugiri\u00f3 adquirir silbatos y hacerlos sonar para solicitar ayuda. La Asamblea Nacional acogi\u00f3 la sugerencia con humor. Apag\u00f3 las luces de la sala de sesiones, los silbatos resonaron, el entonces presidente del organismo recorri\u00f3 el lugar pretendiendo leer un documento alumbrado por las luces de su celular.<\/p>\n<p class=\"p1\">Noboa coment\u00f3 esta parodia ante j\u00f3venes de secundaria, llamando despectivamente \u201ccuatro pendejos\u201d a los asamble\u00edstas. Un ministro interrumpi\u00f3 la entrevista radial a un profesional para gritarle \u201cmentiroso\u201d y sugiri\u00f3 al periodista no invitar a \u201cesos analistas\u201d. D\u00edas despu\u00e9s, el mismo ministro y la secretaria de Comunicaci\u00f3n de la Presidencia invitaron a Carondelet a los directores de los medios tradicionales para, entre otros temas, invocar una mejor comunicaci\u00f3n e indicarles que el gobierno no perseguir\u00e1 a los medios y que lo m\u00e1ximo que podr\u00eda hacer es \u201cno invertir\u201d (no pautar) donde se les critica.<\/p>\n<p class=\"p1\">Pero al gobierno le disgustan las cr\u00edticas. Por tal motivo han salido del pa\u00eds periodistas y sus familias, varias personas que han denunciado alguna posible irregularidad o delito. El secretario de la Asociaci\u00f3n Nacional de Trabajadores de las Empresas de Energ\u00eda y Petr\u00f3leo, quien alert\u00f3 sobre la intenci\u00f3n privatizadora, dijo que se le ha impuesto un proceso sancionatorio con destituci\u00f3n sin indemnizaci\u00f3n. El peri\u00f3dico El Ferrodiario de Dur\u00e1n, la urbe nacional m\u00e1s violenta, cerr\u00f3 definitivamente por la inseguridad. Los enfermos renales o de c\u00e1ncer que rogaban por di\u00e1lisis o medicinas y que junto con sus familias sal\u00edan a protestar en las calles por esa carencia, han sido acallados con amenazas o porque han muerto, 500 en agosto y 500 en septiembre. Se desconoce la cifra de los fallecidos hasta hoy, 22 de octubre.<span class=\"Apple-converted-space\">\u00a0 \u00a0<\/span><\/p>\n<p class=\"p1\">Durante su \u00faltimo viaje internacional, n\u00famero 14, Noboa estuvo en Canad\u00e1 y Estados Unidos. En Toronto pas\u00f3 desapercibido, conforme los temas secretos que deb\u00eda tratar con personas o empresas cuyos nombres se desconocen, y que por decreto deber\u00e1n quedar ocultos por a\u00f1os. En Nueva York habl\u00f3 10 minutos en Naciones Unidas, donde reconoci\u00f3 que Correa \u201cfue quien m\u00e1s generaci\u00f3n de energ\u00eda a\u00f1adi\u00f3 por a\u00f1o a Ecuador, unos 450 megavatios\u201d y se\u00f1al\u00f3 que en sus 10 meses de gobierno \u00e9l ha logrado 430 megavatios.<span class=\"Apple-converted-space\">\u00a0<\/span><\/p>\n<p class=\"p1\">Segu\u00eda en Nueva York el 23 de septiembre cuando comunic\u00f3 al pa\u00eds que cancelar\u00eda un evento para regresar a atender los incendios de Quito. La ma\u00f1ana siguiente, 6 grandes incendios y una docena de peque\u00f1os iniciaron al mismo tiempo en diferentes zonas de la capital, consumiendo hasta la noche m\u00e1s de 150 hect\u00e1reas de bosques. En medio de la inc\u00f3gnita \u00bfc\u00f3mo dijo Noboa que volv\u00eda para atender incendios que ni siquiera hab\u00edan comenzado? el mandatario lleg\u00f3 la noche del 25. Ingres\u00f3 con prisa a las instalaciones del ECU-911, habl\u00f3 30 segundos y se march\u00f3, sin siquiera dar una palabra de aliento a las v\u00edctimas de los incendios que acabaron con sus viviendas, trabajo de toda su vida.<\/p>\n<p class=\"p1\">Al momento, los incendios que proliferaron en varios lugares del pa\u00eds han disminuido, m\u00e1s, el caos y las tinieblas contin\u00faan al igual que el desconcierto ante las contradictorias cifras y declaraciones que se emiten desde el gobierno: una ministra anunci\u00f3 que los apagones continuar\u00e1n en 2025, el presidente afirm\u00f3 que en tres semanas los apagones terminar\u00e1n.<\/p>\n<p class=\"p1\">Mientras en el ambiente se siente el olor del combustible que se emplea en los motores y las plantas el\u00e9ctricas caseras o industriales contaminando la atm\u00f3sfera, el ruido que los acompa\u00f1a se confunde con el clamor, el despecho y la desesperanza de la poblaci\u00f3n. La emigraci\u00f3n crece. Las remesas sostienen a las familias. No hay trabajo para los padres, tampoco para los hijos que desean formar su propio hogar, ni para los j\u00f3venes ansiosos de valerse por s\u00ed mismos; la casa de los abuelos se ha convertido en el refugio de todos.<\/p>\n<p class=\"p1\">Las autoridades contin\u00faan buscando a quienes adolecen de piroman\u00eda o son incendiarios casuales o pagados. Los se\u00f1ala como posibles culpables del caos, las tinieblas, los incendios. Yo creo que los verdaderos culpables son quienes en el pa\u00eds est\u00e1n enfermos de odio, sentimiento que s\u00f3lo consume a quien lo siente, pero cuyo poder es tan grande que puede desatar una combusti\u00f3n espont\u00e1nea que de una vez destruya todo lo que falta por destruir y haga desaparecer para siempre a Ecuador, conforme vaticin\u00f3 en 1645 la santa quite\u00f1a Marianita de Jes\u00fas&#8230;<\/p>\n","protected":false},"excerpt":{"rendered":"<p>&nbsp; Por: Luc\u00eda P. de Garc\u00eda Toronto.- La crisis de energ\u00eda el\u00e9ctrica en Ecuador se manifest\u00f3 en el gobierno de Guillermo Lasso. En noviembre 2023,&hellip;<\/p>\n","protected":false},"author":99,"featured_media":523268,"comment_status":"open","ping_status":"open","sticky":false,"template":"","format":"standard","meta":{"footnotes":""},"categories":[81,11362,23],"tags":[],"class_list":["post-523353","post","type-post","status-publish","format-standard","has-post-thumbnail","hentry","category-columnistas","category-cronicas","category-latinoamerica"],"_links":{"self":[{"href":"https:\/\/diarioelpopular.com\/index.php\/wp-json\/wp\/v2\/posts\/523353","targetHints":{"allow":["GET"]}}],"collection":[{"href":"https:\/\/diarioelpopular.com\/index.php\/wp-json\/wp\/v2\/posts"}],"about":[{"href":"https:\/\/diarioelpopular.com\/index.php\/wp-json\/wp\/v2\/types\/post"}],"author":[{"embeddable":true,"href":"https:\/\/diarioelpopular.com\/index.php\/wp-json\/wp\/v2\/users\/99"}],"replies":[{"embeddable":true,"href":"https:\/\/diarioelpopular.com\/index.php\/wp-json\/wp\/v2\/comments?post=523353"}],"version-history":[{"count":1,"href":"https:\/\/diarioelpopular.com\/index.php\/wp-json\/wp\/v2\/posts\/523353\/revisions"}],"predecessor-version":[{"id":523354,"href":"https:\/\/diarioelpopular.com\/index.php\/wp-json\/wp\/v2\/posts\/523353\/revisions\/523354"}],"wp:featuredmedia":[{"embeddable":true,"href":"https:\/\/diarioelpopular.com\/index.php\/wp-json\/wp\/v2\/media\/523268"}],"wp:attachment":[{"href":"https:\/\/diarioelpopular.com\/index.php\/wp-json\/wp\/v2\/media?parent=523353"}],"wp:term":[{"taxonomy":"category","embeddable":true,"href":"https:\/\/diarioelpopular.com\/index.php\/wp-json\/wp\/v2\/categories?post=523353"},{"taxonomy":"post_tag","embeddable":true,"href":"https:\/\/diarioelpopular.com\/index.php\/wp-json\/wp\/v2\/tags?post=523353"}],"curies":[{"name":"wp","href":"https:\/\/api.w.org\/{rel}","templated":true}]}}