{"id":523358,"date":"2024-10-22T09:48:52","date_gmt":"2024-10-22T13:48:52","guid":{"rendered":"https:\/\/diarioelpopular.com\/?p=523358"},"modified":"2024-10-22T09:48:52","modified_gmt":"2024-10-22T13:48:52","slug":"america-latina-saca-musculo-en-la-cumbre-de-la-biodiversidad-mundial","status":"publish","type":"post","link":"https:\/\/diarioelpopular.com\/index.php\/2024\/10\/22\/america-latina-saca-musculo-en-la-cumbre-de-la-biodiversidad-mundial\/","title":{"rendered":"Am\u00e9rica Latina saca m\u00fasculo en la cumbre de la biodiversidad mundial"},"content":{"rendered":"<p><img loading=\"lazy\" decoding=\"async\" class=\"alignnone size-custom-full-size wp-image-523360\" src=\"https:\/\/diarioelpopular.com\/wp-content\/uploads\/2024\/10\/Screen-Shot-2024-10-22-at-9.48.17-AM-636x473.png\" alt=\"\" width=\"636\" height=\"473\" srcset=\"https:\/\/diarioelpopular.com\/wp-content\/uploads\/2024\/10\/Screen-Shot-2024-10-22-at-9.48.17-AM-636x473.png 636w, https:\/\/diarioelpopular.com\/wp-content\/uploads\/2024\/10\/Screen-Shot-2024-10-22-at-9.48.17-AM-300x223.png 300w, https:\/\/diarioelpopular.com\/wp-content\/uploads\/2024\/10\/Screen-Shot-2024-10-22-at-9.48.17-AM-768x571.png 768w, https:\/\/diarioelpopular.com\/wp-content\/uploads\/2024\/10\/Screen-Shot-2024-10-22-at-9.48.17-AM-98x73.png 98w, https:\/\/diarioelpopular.com\/wp-content\/uploads\/2024\/10\/Screen-Shot-2024-10-22-at-9.48.17-AM.png 818w\" sizes=\"auto, (max-width: 636px) 100vw, 636px\" \/><\/p>\n<p>&nbsp;<\/p>\n<h4 class=\"a_st\"><em>&#8211; La regi\u00f3n tiene el 60% de diversidad biol\u00f3gica del mundo y ecosistemas clave como la Amazonia, los p\u00e1ramos o los corales del Caribe, pero muchos est\u00e1n amenazados. La COP16 de Cali servir\u00e1 a los pa\u00edses latinoamericanos para ofrecer soluciones frente a la p\u00e9rdida de especies<\/em><\/h4>\n<p>&nbsp;<\/p>\n<p>M\u00e1s de 12.000 delegados de cerca de 190 pa\u00edses, entre ellos siete jefes de Estado y un centenar de ministros de Ambiente, se dar\u00e1n cita en la ciudad\u00a0<a href=\"https:\/\/elpais.com\/america-colombia\/2024-10-18\/las-amenazas-de-las-disidencias-y-el-despliegue-militar-del-estado-las-demostraciones-de-fuerza-que-anteceden-a-la-cop16.html\" data-link-track-dtm=\"\" data-mrf-link=\"https:\/\/elpais.com\/america-colombia\/2024-10-18\/las-amenazas-de-las-disidencias-y-el-despliegue-militar-del-estado-las-demostraciones-de-fuerza-que-anteceden-a-la-cop16.html\">colombiana de Cali<\/a>\u00a0a partir de este lunes para participar en la\u00a0<a href=\"https:\/\/elpais.com\/america-futura\/2024-10-11\/la-cop16-clave-para-avanzar-el-liderazgo-de-america-latina-y-el-caribe.html\" data-link-track-dtm=\"\" data-mrf-link=\"https:\/\/elpais.com\/america-futura\/2024-10-11\/la-cop16-clave-para-avanzar-el-liderazgo-de-america-latina-y-el-caribe.html\">COP16<\/a>, la cumbre mundial de la biodiversidad, que le servir\u00e1 a Am\u00e9rica Latina y el Caribe para sacar m\u00fasculo. En medio de la crisis ambiental que vive el planeta, la regi\u00f3n \u2014que cuenta con seis de los 10 pa\u00edses m\u00e1s megadiversos del mundo: Brasil, Colombia, Per\u00fa, M\u00e9xico, Ecuador y Venezuela\u2014, alrededor del\u00a0<a href=\"https:\/\/www.cbd.int\/gbo\/gbo4\/outlook-grulac-es.pdf\" target=\"_blank\" rel=\"noopener\" data-link-track-dtm=\"\" data-mrf-link=\"https:\/\/www.cbd.int\/gbo\/gbo4\/outlook-grulac-es.pdf\">60% de la diversidad biol\u00f3gica<\/a>\u00a0y un tercio del agua dulce del planeta, quiere mostrar su potencial para ofrecer soluciones. La COP16 de Cali ser\u00e1 una primera oportunidad para establecer el liderazgo latinoamericano en las negociaciones clim\u00e1ticas antes de la Conferencia de Cambio Clim\u00e1tico (COP29), que se realizar\u00e1 en Brasil el pr\u00f3ximo a\u00f1o.<\/p>\n<p>&nbsp;<\/p>\n<p><img loading=\"lazy\" decoding=\"async\" class=\"alignnone size-custom-full-size wp-image-523359\" src=\"https:\/\/diarioelpopular.com\/wp-content\/uploads\/2024\/10\/Screen-Shot-2024-10-22-at-9.45.25-AM.png\" alt=\"\" width=\"632\" height=\"948\" srcset=\"https:\/\/diarioelpopular.com\/wp-content\/uploads\/2024\/10\/Screen-Shot-2024-10-22-at-9.45.25-AM.png 632w, https:\/\/diarioelpopular.com\/wp-content\/uploads\/2024\/10\/Screen-Shot-2024-10-22-at-9.45.25-AM-200x300.png 200w, https:\/\/diarioelpopular.com\/wp-content\/uploads\/2024\/10\/Screen-Shot-2024-10-22-at-9.45.25-AM-49x73.png 49w\" sizes=\"auto, (max-width: 632px) 100vw, 632px\" \/><\/p>\n<p>&nbsp;<\/p>\n<p class=\"\">Am\u00e9rica Latina y el Caribe tiene algunos de los ecosistemas clave para la seguridad alimentaria, la salud p\u00fablica y la econom\u00eda global. Estos son, adem\u00e1s, una fuente importante de soluciones frente al cambio clim\u00e1tico. La Amazonia, los bosques secos tropicales, los p\u00e1ramos andinos, los manglares o los\u00a0<a href=\"https:\/\/elpais.com\/america-futura\/2023-09-14\/el-seguro-para-el-arrecife-mesoamericano-pasa-su-primera-prueba.html\" data-link-track-dtm=\"\" data-mrf-link=\"https:\/\/elpais.com\/america-futura\/2023-09-14\/el-seguro-para-el-arrecife-mesoamericano-pasa-su-primera-prueba.html\">arrecifes de coral del Caribe,<\/a>\u00a0entre otros, tienen una gran capacidad de absorber emisiones de di\u00f3xido de carbono y, por lo tanto de regular el aumento de la temperatura y moderar eventos clim\u00e1ticos extremos. Pueden ver la lista de ecosistemas cr\u00edticos y por qu\u00e9 son importantes para el planeta en esta galer\u00eda de fotos:<\/p>\n<p>&nbsp;<\/p>\n<div id=\"gallery-summary-92\" class=\"gallery-summary-container\">\n<div class=\"gal__figs-scl\">\n<div class=\"a_gl\">\n<figure class=\"a_m _pr gallery-photo-1 gallery-slider__photo a_m-h\"><span class=\"a_m_w _db\"><img loading=\"lazy\" decoding=\"async\" class=\"_re  a_m-h\" src=\"https:\/\/imagenes.elpais.com\/resizer\/v2\/5UCKH6JKFBFGNAJDFL5XMGDUK4.jpg?auth=53f4ebd75b9cdb853809bb45b202948485ebc81551a2f67dce95c82e8d50d752&amp;width=414\" srcset=\"https:\/\/imagenes.elpais.com\/resizer\/v2\/5UCKH6JKFBFGNAJDFL5XMGDUK4.jpg?auth=53f4ebd75b9cdb853809bb45b202948485ebc81551a2f67dce95c82e8d50d752&amp;width=414 414w,https:\/\/imagenes.elpais.com\/resizer\/v2\/5UCKH6JKFBFGNAJDFL5XMGDUK4.jpg?auth=53f4ebd75b9cdb853809bb45b202948485ebc81551a2f67dce95c82e8d50d752&amp;width=828 828w\" alt=\"LA AMAZONIA. Con un territorio de m\u00e1s de siete millones de kil\u00f3metros cuadrados en ocho pa\u00edses (Brasil, Per\u00fa, Bolivia, Colombia, Venezuela, Guyana, Ecuador y Surinam), la Amazonia alberga cerca del 20% del agua dulce del planeta y el 25% de su biodiversidad. Aunque est\u00e1 experimentando una r\u00e1pida deforestaci\u00f3n, se estima que absorbe entre el 10% y el 15% de las emisiones anuales de di\u00f3xido de carbono del mundo.\" width=\"414\" height=\"276\" data-src=\"https:\/\/imagenes.elpais.com\/resizer\/v2\/5UCKH6JKFBFGNAJDFL5XMGDUK4.jpg?auth=53f4ebd75b9cdb853809bb45b202948485ebc81551a2f67dce95c82e8d50d752&amp;width=414\" \/><\/span><figcaption class=\"a_m_p\">LA AMAZONIA. Con un territorio de m\u00e1s de siete millones de kil\u00f3metros cuadrados en ocho pa\u00edses (Brasil, Per\u00fa, Bolivia, Colombia, Venezuela, Guyana, Ecuador y Surinam), la Amazonia alberga cerca del 20% del agua dulce del planeta y el 25% de su biodiversidad. Aunque est\u00e1 experimentando una r\u00e1pida deforestaci\u00f3n, se estima que absorbe entre el 10% y el 15% de las emisiones anuales de di\u00f3xido de carbono del mundo.<span class=\"a_m_m\">Anna Carolina Negri (Getty Images\/iStockphoto)<\/p>\n<p><\/span><\/figcaption><\/figure>\n<figure class=\"a_m _pr gallery-photo-2 gallery-slider__photo _dn a_m-h \"><span class=\"a_m_w _db\"><img loading=\"lazy\" decoding=\"async\" class=\"_re lazyload a_m-h\" src=\"https:\/\/imagenes.elpais.com\/resizer\/v2\/4AZ4NPKSWFCWHETEXLSYOZUMS4.jpg?auth=629dc7f6088253cb9531a4ca68cdb2a39ec686cbf8e49dd42749794aa87f2a85&amp;width=414\" srcset=\"https:\/\/imagenes.elpais.com\/resizer\/v2\/4AZ4NPKSWFCWHETEXLSYOZUMS4.jpg?auth=629dc7f6088253cb9531a4ca68cdb2a39ec686cbf8e49dd42749794aa87f2a85&amp;width=414 414w,https:\/\/imagenes.elpais.com\/resizer\/v2\/4AZ4NPKSWFCWHETEXLSYOZUMS4.jpg?auth=629dc7f6088253cb9531a4ca68cdb2a39ec686cbf8e49dd42749794aa87f2a85&amp;width=828 828w\" alt=\"BOSQUES SECOS TROPICALES. Los bosques secos tropicales, como este de la imagen en Mangahurco, Ecuador, se presentan en \u00e1reas de hasta 1000 metros de altitud y con precipitaciones de 500 a 1.000 mm anuales. Pese a tener largos periodos de sequ\u00eda, tienen una biodiversidad rica en especies nativas. Sin embargo, es uno de los bosques tropicales m\u00e1s amenazados del mundo.\" width=\"414\" height=\"249\" data-src=\"https:\/\/imagenes.elpais.com\/resizer\/v2\/4AZ4NPKSWFCWHETEXLSYOZUMS4.jpg?auth=629dc7f6088253cb9531a4ca68cdb2a39ec686cbf8e49dd42749794aa87f2a85&amp;width=414\" \/><\/span><figcaption class=\"a_m_p\"><\/figcaption><\/figure>\n<figure class=\"a_m _pr gallery-photo-3 gallery-slider__photo _dn a_m-h \"><span class=\"a_m_w _db\"><img loading=\"lazy\" decoding=\"async\" class=\"_re lazyload a_m-h\" src=\"https:\/\/imagenes.elpais.com\/resizer\/v2\/D2BI4C25XJC5JI7GLGCQ6N26QU.jpg?auth=2568619200eef2db47e53543db9b0d137a1b6ea1214cff94f23f8660a5bc8ea9&amp;width=414\" srcset=\"https:\/\/imagenes.elpais.com\/resizer\/v2\/D2BI4C25XJC5JI7GLGCQ6N26QU.jpg?auth=2568619200eef2db47e53543db9b0d137a1b6ea1214cff94f23f8660a5bc8ea9&amp;width=414 414w,https:\/\/imagenes.elpais.com\/resizer\/v2\/D2BI4C25XJC5JI7GLGCQ6N26QU.jpg?auth=2568619200eef2db47e53543db9b0d137a1b6ea1214cff94f23f8660a5bc8ea9&amp;width=828 828w\" alt=\"P\u00c1RAMOS ANDINOS. Estos ecosistemas de alta monta\u00f1a que se extienden por m\u00e1s de 35.000 kil\u00f3metros cuadrados de los Andes se caracterizan por su alta biodiversidad y endemismo y tienen un rol fundamental para el almacenamiento de agua. Se estima que son fuente h\u00eddrica de 85 millones de personas, entre ellas las poblaciones de Bogot\u00e1 (Colombia) y Quito (Ecuador).\" width=\"414\" height=\"233\" data-src=\"https:\/\/imagenes.elpais.com\/resizer\/v2\/D2BI4C25XJC5JI7GLGCQ6N26QU.jpg?auth=2568619200eef2db47e53543db9b0d137a1b6ea1214cff94f23f8660a5bc8ea9&amp;width=414\" \/><\/span><figcaption class=\"a_m_p\"><\/figcaption><\/figure>\n<figure class=\"a_m _pr gallery-photo-4 gallery-slider__photo _dn a_m-h \"><span class=\"a_m_w _db\"><img loading=\"lazy\" decoding=\"async\" class=\"_re lazyload a_m-h\" src=\"https:\/\/imagenes.elpais.com\/resizer\/v2\/U7NKUZAKI5DEBGQRK2DIU3VCGY.jpg?auth=f9f15e67d8d92620e8098739ffa10bc0da507b2bfae20b2e4bae62fcbd01ba3a&amp;width=414\" srcset=\"https:\/\/imagenes.elpais.com\/resizer\/v2\/U7NKUZAKI5DEBGQRK2DIU3VCGY.jpg?auth=f9f15e67d8d92620e8098739ffa10bc0da507b2bfae20b2e4bae62fcbd01ba3a&amp;width=414 414w,https:\/\/imagenes.elpais.com\/resizer\/v2\/U7NKUZAKI5DEBGQRK2DIU3VCGY.jpg?auth=f9f15e67d8d92620e8098739ffa10bc0da507b2bfae20b2e4bae62fcbd01ba3a&amp;width=828 828w\" alt=\"LOS MANGLARES. Am\u00e9rica Latina y el Caribe alberga m\u00e1s del 25% de los manglares del mundo, si bien estos est\u00e1n retrocediendo. Estos ecosistemas son vitales para el 70% de los organismos marinos y tienen la capacidad de almacenar m\u00e1s carbono que muchos bosques tropicales, por lo que ayudan a mitigar los efectos del cambio clim\u00e1tico. \n\" width=\"414\" height=\"277\" data-src=\"https:\/\/imagenes.elpais.com\/resizer\/v2\/U7NKUZAKI5DEBGQRK2DIU3VCGY.jpg?auth=f9f15e67d8d92620e8098739ffa10bc0da507b2bfae20b2e4bae62fcbd01ba3a&amp;width=414\" \/><\/span><figcaption class=\"a_m_p\"><\/figcaption><\/figure>\n<figure class=\"a_m _pr gallery-photo-5 gallery-slider__photo _dn a_m-h \"><span class=\"a_m_w _db\"><img loading=\"lazy\" decoding=\"async\" class=\"_re lazyload a_m-h\" src=\"https:\/\/imagenes.elpais.com\/resizer\/v2\/AJJFF43GKNHG7MAHFNQWWNT3HU.jpg?auth=57826b9184f55f88f41bdeda97e85a9653b2fca200d4191ee1beb4c51067c875&amp;width=414\" srcset=\"https:\/\/imagenes.elpais.com\/resizer\/v2\/AJJFF43GKNHG7MAHFNQWWNT3HU.jpg?auth=57826b9184f55f88f41bdeda97e85a9653b2fca200d4191ee1beb4c51067c875&amp;width=414 414w,https:\/\/imagenes.elpais.com\/resizer\/v2\/AJJFF43GKNHG7MAHFNQWWNT3HU.jpg?auth=57826b9184f55f88f41bdeda97e85a9653b2fca200d4191ee1beb4c51067c875&amp;width=828 828w\" alt=\"EL PANTANAL. Situado principalmente en Brasil, aunque tambi\u00e9n abarca territorio boliviano y paraguayo, el Pantanal es el humedal de agua dulce m\u00e1s grande del planeta. Seg\u00fan el Observatorio Pantanal, alberga a 53 especies de anfibios, 159 de mam\u00edferos, 98 de reptiles, 656 de aves, 325 de peces, 1.030 de mariposas y m\u00e1s de 3.500 especies de plantas. Este ecosistema enfrenta grandes amenazas como la deforestaci\u00f3n, los incendios y la expansi\u00f3n agr\u00edcola. \" width=\"414\" height=\"276\" data-src=\"https:\/\/imagenes.elpais.com\/resizer\/v2\/AJJFF43GKNHG7MAHFNQWWNT3HU.jpg?auth=57826b9184f55f88f41bdeda97e85a9653b2fca200d4191ee1beb4c51067c875&amp;width=414\" \/><\/span><figcaption class=\"a_m_p\"><\/figcaption><\/figure>\n<figure class=\"a_m _pr gallery-photo-6 gallery-slider__photo _dn a_m-h \"><span class=\"a_m_w _db\"><img loading=\"lazy\" decoding=\"async\" class=\"_re lazyload a_m-h\" src=\"https:\/\/imagenes.elpais.com\/resizer\/v2\/MPEHRLS43RERPLIOFQGCMKHP4U.jpg?auth=b80e14b1a7d4fb864a21445e3340888bf2c64074a0db9eb496e175fc6203fd46&amp;width=414\" srcset=\"https:\/\/imagenes.elpais.com\/resizer\/v2\/MPEHRLS43RERPLIOFQGCMKHP4U.jpg?auth=b80e14b1a7d4fb864a21445e3340888bf2c64074a0db9eb496e175fc6203fd46&amp;width=414 414w,https:\/\/imagenes.elpais.com\/resizer\/v2\/MPEHRLS43RERPLIOFQGCMKHP4U.jpg?auth=b80e14b1a7d4fb864a21445e3340888bf2c64074a0db9eb496e175fc6203fd46&amp;width=828 828w\" alt=\"LA PATAGONIA. Este ecosistema compartido por Argentina y Chile y dividido por los Andes cuenta con estepas secas y bosques h\u00famedos en monta\u00f1as. Son un importante reservorio mundial para la mitigaci\u00f3n de las emisiones de di\u00f3xido de carbono. \" width=\"414\" height=\"276\" data-src=\"https:\/\/imagenes.elpais.com\/resizer\/v2\/MPEHRLS43RERPLIOFQGCMKHP4U.jpg?auth=b80e14b1a7d4fb864a21445e3340888bf2c64074a0db9eb496e175fc6203fd46&amp;width=414\" \/><\/span><figcaption class=\"a_m_p\"><\/figcaption><\/figure>\n<figure class=\"a_m _pr gallery-photo-7 gallery-slider__photo _dn a_m-h \"><span class=\"a_m_w _db\"><img loading=\"lazy\" decoding=\"async\" class=\"_re lazyload a_m-h\" src=\"https:\/\/imagenes.elpais.com\/resizer\/v2\/5H4SY6BPAFHO3ISOPFCLC5CMTM.jpg?auth=028c39de8ef40ee16dc238f1b6667c1243d18064bee98dcd376dc604be4087a3&amp;width=414\" srcset=\"https:\/\/imagenes.elpais.com\/resizer\/v2\/5H4SY6BPAFHO3ISOPFCLC5CMTM.jpg?auth=028c39de8ef40ee16dc238f1b6667c1243d18064bee98dcd376dc604be4087a3&amp;width=414 414w,https:\/\/imagenes.elpais.com\/resizer\/v2\/5H4SY6BPAFHO3ISOPFCLC5CMTM.jpg?auth=028c39de8ef40ee16dc238f1b6667c1243d18064bee98dcd376dc604be4087a3&amp;width=828 828w\" alt=\"ARRECIFES DEL CARIBE. El Sistema Arrecifal Mesoamericano se extiende por 1.000 kil\u00f3metros, desde el norte de Quintana Roo, en M\u00e9xico, pasando por Belice y Guatemala, hasta el norte de Honduras. Es la segunda barrera de coral m\u00e1s grande del mundo. Son ecosistemas de alta biodiversidad e importancia ecol\u00f3gica, ya que otras especies marinas los usan para alimentarse, refugiarse o reproducirse. Adem\u00e1s, protegen la costa frente a huracanes. Pero est\u00e1n gravemente amenazados por el cambio clim\u00e1tico.\" width=\"414\" height=\"276\" data-src=\"https:\/\/imagenes.elpais.com\/resizer\/v2\/5H4SY6BPAFHO3ISOPFCLC5CMTM.jpg?auth=028c39de8ef40ee16dc238f1b6667c1243d18064bee98dcd376dc604be4087a3&amp;width=414\" \/><\/span><figcaption class=\"a_m_p\"><\/figcaption><\/figure>\n<figure class=\"a_m _pr gallery-photo-8 gallery-slider__photo _dn a_m-h \"><span class=\"a_m_w _db\"><img loading=\"lazy\" decoding=\"async\" class=\"_re lazyload a_m-h\" src=\"https:\/\/imagenes.elpais.com\/resizer\/v2\/I4A5Q7FD4FG6XBC6MOBRJDHSK4.jpg?auth=09e32a34bd468021a2d7115f44b33d7b97c1a01616b1a948ef1439f96f7b4e3b&amp;width=414\" srcset=\"https:\/\/imagenes.elpais.com\/resizer\/v2\/I4A5Q7FD4FG6XBC6MOBRJDHSK4.jpg?auth=09e32a34bd468021a2d7115f44b33d7b97c1a01616b1a948ef1439f96f7b4e3b&amp;width=414 414w,https:\/\/imagenes.elpais.com\/resizer\/v2\/I4A5Q7FD4FG6XBC6MOBRJDHSK4.jpg?auth=09e32a34bd468021a2d7115f44b33d7b97c1a01616b1a948ef1439f96f7b4e3b&amp;width=828 828w\" alt=\"MATA ATL\u00c1NTICA. La Mata Atl\u00e1ntica es el bioma m\u00e1s amenazado de Brasil. Esta selva tropical, que originalmente ten\u00eda tanta o m\u00e1s biodiversidad que la Amazonia, se extend\u00eda originalmente por todo el este de Brasil hasta el norte de Argentina, pero ahora conserva menos del 10% debido de su territorio original por la deforestaci\u00f3n. En una hect\u00e1rea de este bosque se puede encontrar alrededor de 450 especies de \u00e1rboles. Tiene el 7% de las especies de plantas y el 5% de las especies de animales vertebrados del mundo.\" width=\"414\" height=\"276\" data-src=\"https:\/\/imagenes.elpais.com\/resizer\/v2\/I4A5Q7FD4FG6XBC6MOBRJDHSK4.jpg?auth=09e32a34bd468021a2d7115f44b33d7b97c1a01616b1a948ef1439f96f7b4e3b&amp;width=414\" \/><\/span><figcaption class=\"a_m_p\"><\/figcaption><\/figure>\n<figure class=\"a_m _pr gallery-photo-9 gallery-slider__photo _dn a_m-h \"><span class=\"a_m_w _db\"><img loading=\"lazy\" decoding=\"async\" class=\"_re lazyload a_m-h\" src=\"https:\/\/imagenes.elpais.com\/resizer\/v2\/FPINTF6WXVAC7FJRZYBKI2WZ4Y.jpg?auth=f734a595517ee84e8c795e6b6c8f8e3532d0415750ae23cbdf332be3ec7a7643&amp;width=414\" srcset=\"https:\/\/imagenes.elpais.com\/resizer\/v2\/FPINTF6WXVAC7FJRZYBKI2WZ4Y.jpg?auth=f734a595517ee84e8c795e6b6c8f8e3532d0415750ae23cbdf332be3ec7a7643&amp;width=414 414w,https:\/\/imagenes.elpais.com\/resizer\/v2\/FPINTF6WXVAC7FJRZYBKI2WZ4Y.jpg?auth=f734a595517ee84e8c795e6b6c8f8e3532d0415750ae23cbdf332be3ec7a7643&amp;width=828 828w\" alt=\"EL CORREDOR BIOL\u00d3GICO MESOAMERICANO. As\u00ed se llama al corredor biol\u00f3gico que forman la Selva Maya, entre M\u00e9xico, Belice y Guatemala, la Moskitia, entre Nicaragua y Honduras, Indio Ma\u00edz Tortuguero, entre Nicaragua y Costa Rica, La Amistad, entre Costa Rica y Panam\u00e1, y el Dari\u00e9n, entre Panam\u00e1 y Colombia. Representan menos del 5% del territorio del mundo, pero se estima que albergan el 8% de la biodiversidad. Adem\u00e1s permiten que se muevan las especies que recorren el continente americano de norte a sur. \" width=\"414\" height=\"220\" data-src=\"https:\/\/imagenes.elpais.com\/resizer\/v2\/FPINTF6WXVAC7FJRZYBKI2WZ4Y.jpg?auth=f734a595517ee84e8c795e6b6c8f8e3532d0415750ae23cbdf332be3ec7a7643&amp;width=414\" \/><\/span><figcaption class=\"a_m_p\"><\/figcaption><\/figure>\n<div id=\"gallery-slider-controls\" class=\"_btn a_gl_nav gallery-slider__controls \"><\/div>\n<div id=\"fullscreen-icon\" class=\"a_gl_pl\"><\/div>\n<div id=\"summary-dots\" class=\"a_gl_n _df\"><\/div>\n<\/div>\n<\/div>\n<\/div>\n<p class=\"\">Pero pese a la enorme biodiversidad, muchos de los ecosistemas de la regi\u00f3n est\u00e1n en estado cr\u00edtico. El \u00faltimo informe Planeta Vivo que public\u00f3\u00a0<a href=\"https:\/\/www.worldwildlife.org\/press-releases\/catastrofica-disminucion-del-73-en-el-tamano-promedio-de-las-poblaciones-mundiales-de-vida-silvestre-en-solo-50-anos\" target=\"_blank\" rel=\"noopener\" data-link-track-dtm=\"\" data-mrf-link=\"https:\/\/www.worldwildlife.org\/press-releases\/catastrofica-disminucion-del-73-en-el-tamano-promedio-de-las-poblaciones-mundiales-de-vida-silvestre-en-solo-50-anos\">WWF<\/a>\u00a0revel\u00f3 que es la regi\u00f3n que ha vivido el peor descenso en el tama\u00f1o promedio de las poblaciones de vida silvestre en los \u00faltimos 50 a\u00f1os. Mientras la cifra a nivel mundial es de 73%, la de Am\u00e9rica Latina llega a 95%. Es decir, una gran perdida de biodiversidad, por la que pasaron otros territorios como Europa y Norteam\u00e9rica hace m\u00e1s de 50 a\u00f1os, est\u00e1 sucediendo ahora en esta regi\u00f3n ante nuestros ojos. La<a href=\"https:\/\/elpais.com\/america-futura\/2024-02-08\/el-principal-responsable-de-la-sequia-inedita-en-la-amazonia-fue-el-cambio-climatico-no-el-nino.html\" data-link-track-dtm=\"\" data-mrf-link=\"https:\/\/elpais.com\/america-futura\/2024-02-08\/el-principal-responsable-de-la-sequia-inedita-en-la-amazonia-fue-el-cambio-climatico-no-el-nino.html\">\u00a0Amazonia<\/a>, esa gran selva que cubre varios pa\u00edses de Sudam\u00e9rica, es mencionada con alerta por el documento: si se destruye entre el 20% y 25% de este ecosistema podr\u00eda llegarse a un punto de inflexi\u00f3n que cambie su sistema clim\u00e1tico y altere el de otras partes del mundo. Se estima que ya se ha deforestado entre un 14% y 17%.<\/p>\n<p>&nbsp;<\/p>\n<p class=\"\">Cuando se habla de p\u00e9rdida de biodiversidad, se habla de muchas dimensiones: ecosistemas enteros, plantas, animales y hongos, microorganismos que ni imaginamos que existen y el\u00a0<a href=\"https:\/\/elpais.com\/america-colombia\/2024-10-17\/proteger-los-recursos-geneticos-y-los-saberes-ancestrales-la-conversacion-de-la-cop16-en-la-que-colombia-no-tendra-voz.html\" data-link-track-dtm=\"\" data-mrf-link=\"https:\/\/elpais.com\/america-colombia\/2024-10-17\/proteger-los-recursos-geneticos-y-los-saberes-ancestrales-la-conversacion-de-la-cop16-en-la-que-colombia-no-tendra-voz.html\">material gen\u00e9tico\u00a0<\/a>que carga cada uno de ellos. Pero lo que sucede con los mam\u00edferos y las aves, por su tama\u00f1o y por el rol que cumplen en su h\u00e1bitat, suelen ser un buen indicador de lo que est\u00e1 viviendo la regi\u00f3n. Seg\u00fan la\u00a0<a href=\"https:\/\/www.iucn.org\/es\/regiones\/am%C3%A9rica-del-sur\/nuestro-trabajo\/pol%C3%ADticas-de-biodiversidad\/lista-roja-de-uicn\" target=\"_blank\" rel=\"noopener\" data-link-track-dtm=\"\" data-mrf-link=\"https:\/\/www.iucn.org\/es\/regiones\/am%C3%A9rica-del-sur\/nuestro-trabajo\/pol%C3%ADticas-de-biodiversidad\/lista-roja-de-uicn\">Lista roja\u00a0<\/a>de especies amenazadas de la Uni\u00f3n Internacional para la Conservaci\u00f3n de la Naturaleza (UICN), solo en Sudam\u00e9rica hay 4.445 especies en peligro de extinci\u00f3n y, entre estas, 665 especies est\u00e1n bajo la categor\u00eda de peligro cr\u00edtico, solo una categor\u00eda antes de que pasen a \u201cextintas en la naturaleza\u201d y \u201cextintas\u201d del todo.<\/p>\n<div class=\"raw_html\">\n<div>\n<div class=\"width\">\n<div id=\"datawrapper-vis-6UQbk\" class=\"datawrapper-script-embed vis-height-fixed vis-locator-map\">\n<div><\/div>\n<div class=\"web-component-body\">\n<div class=\"chart dw-chart vis-locator-map\">\n<div class=\"outer-container dw-chart-styles datawrapper-6UQbk-lk8i7n svelte-13lpkhe\">\n<div id=\"header\" class=\"dw-chart-header datawrapper-6UQbk-1g2dyah\">\n<p class=\"\">El Gobierno de Colombia, anfitri\u00f3n de la COP16, quiere que esta sea la \u201cCOP de la gente\u201d. Es una estrategia que, en parte, no solo busca resaltar a diversidad<a href=\"https:\/\/elpais.com\/america-colombia\/2024-10-14\/los-indigenas-de-colombia-piden-a-petro-saldar-una-deuda-historica-aprovechando-la-cop16.html\" data-link-track-dtm=\"\" data-mrf-link=\"https:\/\/elpais.com\/america-colombia\/2024-10-14\/los-indigenas-de-colombia-piden-a-petro-saldar-una-deuda-historica-aprovechando-la-cop16.html\">\u00a0de pueblos ind\u00edgenas<\/a>, afro y comunidades locales que hay en la regi\u00f3n, sino su importancia en la conservaci\u00f3n de la biodiversidad. El dato lo han repetido varias agencias de las Naciones Unidas: a pesar de representar un m\u00ednimo porcentaje de la poblaci\u00f3n mundial, estas comunidades protegen el 80% de la biodiversidad.<\/p>\n<p class=\"\">No solo la naturaleza de Am\u00e9rica Latina y el Caribe es diversa. Tambi\u00e9n lo es su gente y sus lenguas. La Plataforma Intergubernamental sobre Biodiversidad y Servicios de los Ecosistemas (<a href=\"https:\/\/elpais.com\/sociedad\/2019\/05\/06\/actualidad\/1557132880_458286.html\" data-link-track-dtm=\"\" data-mrf-link=\"https:\/\/elpais.com\/sociedad\/2019\/05\/06\/actualidad\/1557132880_458286.html\">IPBES<\/a>), en la que cient\u00edficos del todo el mundo re\u00fanen las conclusiones que han arrojado las investigaciones sobre el estado del planeta, se\u00f1ala que en el continente americano est\u00e1n el 15% de las lenguas del mundo. El riesgo es que el 61% de ellas puedan extinguirse y, con ellas, sus culturas asociadas. No es un dato menor cuando se habla de preservar la naturaleza si se tiene en cuenta que los pueblos ind\u00edgenas, con sus pr\u00e1cticas ancestrales, contribuyen a la conservaci\u00f3n del 80% de la biodiversidad del planeta.<\/p>\n<\/div>\n<p class=\"\">La biodiversidad atraviesa la vida de formas que, a veces, ni siquiera percibimos. Conservar las especies que habitan en Am\u00e9rica Latina y el Caribe permite que podamos comer, tener agua, energ\u00eda y desarrollar medicamentos, entre otros muchos factores. La biodiversidad es tambi\u00e9n el eje de nuestra econom\u00eda. Un estudio publicado en\u00a0<a href=\"https:\/\/www.sciencedirect.com\/science\/article\/pii\/S2666049020300219#:~:text=Abstract,Sustainable%20Development%20Goals%20(SDGs)\" target=\"_blank\" rel=\"noopener\" data-link-track-dtm=\"\" data-mrf-link=\"https:\/\/www.sciencedirect.com\/science\/article\/pii\/S2666049020300219#:~:text=Abstract,Sustainable%20Development%20Goals%20(SDGs)\"><i>Current Research in Environmental Sustainability<\/i><\/a>\u00a0en 2020 calcul\u00f3 que el valor total de los servicios ecosist\u00e9micos (VSE) de Am\u00e9rica Latina y el Caribe en 2011 llegaron a ser de 15,3 billones de d\u00f3lares al a\u00f1o. Es decir, si se suma lo que cuesta cada uno de los producto o beneficios que aporta la naturaleza, ese es el n\u00famero al que se llega.<\/p>\n<p class=\"\">Por eso, la amenaza del cambio clim\u00e1tico y la p\u00e9rdida de biodiversidad es tambi\u00e9n para la econom\u00eda. El estudio explor\u00f3 qu\u00e9 pasar\u00eda en tres posibles escenarios: uno en el que no se haga nada frente al cambio clim\u00e1tico, otro en que la crisis se acelera, y uno en el que se tomen acciones tanto para mitigar el cambio clim\u00e1tico como para garantizar la sostenibilidad. En el primer caso el potencial del VSE a nivel regional se perder\u00eda hasta en un 32%, en el segundo decrecer\u00eda hasta el 47% y en el tercero, m\u00e1s ideal, el potencial aumentar\u00eda en 25%. Y es que lo que se negocia en esta COP16 va m\u00e1s all\u00e1 de salvar plantas o animales. Tiene que ver con la econom\u00eda, con garantizar un estilo de vida digno para cada humano que habita la Tierra<\/p>\n<\/div>\n<p>&nbsp;<\/p>\n<\/div>\n<\/div>\n<\/div>\n<\/div>\n<\/div>\n<\/div>\n<div class=\"raw_html\">\n<div>\n<div class=\"width\">\n<div id=\"datawrapper-vis-EnrqT\" class=\"datawrapper-script-embed vis-height-fixed vis-d3-lines\">\n<div><\/div>\n<div class=\"web-component-body\">\n<div class=\"chart dw-chart vis-d3-lines\">\n<div class=\"outer-container dw-chart-styles datawrapper-EnrqT-lk8i7n svelte-13lpkhe\">\n<div id=\"header\" class=\"dw-chart-header datawrapper-EnrqT-1g2dyah\"><\/div>\n<\/div>\n<\/div>\n<\/div>\n<\/div>\n<\/div>\n<\/div>\n<\/div>\n<p>&nbsp;<\/p>\n<p>&nbsp;<\/p>\n","protected":false},"excerpt":{"rendered":"<p>&nbsp; &#8211; La regi\u00f3n tiene el 60% de diversidad biol\u00f3gica del mundo y ecosistemas clave como la Amazonia, los p\u00e1ramos o los corales del Caribe,&hellip;<\/p>\n","protected":false},"author":99,"featured_media":523360,"comment_status":"open","ping_status":"open","sticky":false,"template":"","format":"standard","meta":{"footnotes":""},"categories":[23],"tags":[],"class_list":["post-523358","post","type-post","status-publish","format-standard","has-post-thumbnail","hentry","category-latinoamerica"],"_links":{"self":[{"href":"https:\/\/diarioelpopular.com\/index.php\/wp-json\/wp\/v2\/posts\/523358","targetHints":{"allow":["GET"]}}],"collection":[{"href":"https:\/\/diarioelpopular.com\/index.php\/wp-json\/wp\/v2\/posts"}],"about":[{"href":"https:\/\/diarioelpopular.com\/index.php\/wp-json\/wp\/v2\/types\/post"}],"author":[{"embeddable":true,"href":"https:\/\/diarioelpopular.com\/index.php\/wp-json\/wp\/v2\/users\/99"}],"replies":[{"embeddable":true,"href":"https:\/\/diarioelpopular.com\/index.php\/wp-json\/wp\/v2\/comments?post=523358"}],"version-history":[{"count":1,"href":"https:\/\/diarioelpopular.com\/index.php\/wp-json\/wp\/v2\/posts\/523358\/revisions"}],"predecessor-version":[{"id":523361,"href":"https:\/\/diarioelpopular.com\/index.php\/wp-json\/wp\/v2\/posts\/523358\/revisions\/523361"}],"wp:featuredmedia":[{"embeddable":true,"href":"https:\/\/diarioelpopular.com\/index.php\/wp-json\/wp\/v2\/media\/523360"}],"wp:attachment":[{"href":"https:\/\/diarioelpopular.com\/index.php\/wp-json\/wp\/v2\/media?parent=523358"}],"wp:term":[{"taxonomy":"category","embeddable":true,"href":"https:\/\/diarioelpopular.com\/index.php\/wp-json\/wp\/v2\/categories?post=523358"},{"taxonomy":"post_tag","embeddable":true,"href":"https:\/\/diarioelpopular.com\/index.php\/wp-json\/wp\/v2\/tags?post=523358"}],"curies":[{"name":"wp","href":"https:\/\/api.w.org\/{rel}","templated":true}]}}