{"id":523430,"date":"2024-10-23T09:49:36","date_gmt":"2024-10-23T13:49:36","guid":{"rendered":"https:\/\/diarioelpopular.com\/?p=523430"},"modified":"2024-10-23T09:49:36","modified_gmt":"2024-10-23T13:49:36","slug":"como-logro-milei-bajar-la-inflacion-y-el-dolar-en-argentina-y-por-que-no-todos-lo-celebran","status":"publish","type":"post","link":"https:\/\/diarioelpopular.com\/index.php\/2024\/10\/23\/como-logro-milei-bajar-la-inflacion-y-el-dolar-en-argentina-y-por-que-no-todos-lo-celebran\/","title":{"rendered":"C\u00f3mo logr\u00f3 Milei bajar la inflaci\u00f3n y el d\u00f3lar en Argentina (y por qu\u00e9 no todos lo celebran)"},"content":{"rendered":"<div id=\"attachment_523431\" style=\"width: 646px\" class=\"wp-caption alignnone\"><img loading=\"lazy\" decoding=\"async\" aria-describedby=\"caption-attachment-523431\" class=\"wp-image-523431 size-custom-full-size\" src=\"https:\/\/diarioelpopular.com\/wp-content\/uploads\/2024\/10\/Screen-Shot-2024-10-23-at-9.48.56-AM-636x357.png\" alt=\"\" width=\"636\" height=\"357\" srcset=\"https:\/\/diarioelpopular.com\/wp-content\/uploads\/2024\/10\/Screen-Shot-2024-10-23-at-9.48.56-AM-636x357.png 636w, https:\/\/diarioelpopular.com\/wp-content\/uploads\/2024\/10\/Screen-Shot-2024-10-23-at-9.48.56-AM-300x168.png 300w, https:\/\/diarioelpopular.com\/wp-content\/uploads\/2024\/10\/Screen-Shot-2024-10-23-at-9.48.56-AM-768x431.png 768w, https:\/\/diarioelpopular.com\/wp-content\/uploads\/2024\/10\/Screen-Shot-2024-10-23-at-9.48.56-AM-130x73.png 130w, https:\/\/diarioelpopular.com\/wp-content\/uploads\/2024\/10\/Screen-Shot-2024-10-23-at-9.48.56-AM.png 1024w\" sizes=\"auto, (max-width: 636px) 100vw, 636px\" \/><p id=\"caption-attachment-523431\" class=\"wp-caption-text\">El gobierno libertario, encabezado por Javier Milei y su hermana Karina, celebra estar controlando la inflaci\u00f3n y el d\u00f3lar.<\/p><\/div>\n<p>&nbsp;<\/p>\n<p>&nbsp;<\/p>\n<div class=\"bbc-19j92fr ebmt73l0\" dir=\"ltr\">\n<ul>\n<li class=\"bbc-hhl7in e17g058b0\" dir=\"ltr\"><em><b>Cuando Javier Milei asumi\u00f3 la presidencia de Argentina en diciembre de 2023, la inflaci\u00f3n, que ya alcanzaba casi el 13% mensual, se duplic\u00f3.<\/b><\/em><\/li>\n<\/ul>\n<\/div>\n<div class=\"bbc-19j92fr ebmt73l0\" dir=\"ltr\">\n<p dir=\"ltr\">\n<p dir=\"ltr\">\n<p class=\"bbc-hhl7in e17g058b0\" dir=\"ltr\">En tanto, el d\u00f3lar &#8220;blue&#8221; -como llaman los argentinos al d\u00f3lar libre o de mercado, que es la principal referencia de precios en este pa\u00eds- empez\u00f3 a trepar, escalando un 25% para fines de enero.<\/p>\n<\/div>\n<div class=\"bbc-19j92fr ebmt73l0\" dir=\"ltr\">\n<p class=\"bbc-hhl7in e17g058b0\" dir=\"ltr\">Mientras el hombre que acababa de ingresar a la arena pol\u00edtica apenas tres a\u00f1os antes realizaba\u00a0&#8220;el mayor ajuste en la historia de la humanidad&#8221;\u00a0(como lo describi\u00f3 \u00e9l mismo), recortando el gasto p\u00fablico de un saque en cerca de\u00a0un tercio, empezaron a sonar las voces de alarma.<\/p>\n<\/div>\n<div class=\"bbc-19j92fr ebmt73l0\" dir=\"ltr\">\n<p class=\"bbc-hhl7in e17g058b0\" dir=\"ltr\">Los m\u00e1s agoreros (y opositores) pronosticaban que el presidente no seguir\u00eda en el cargo a fin de a\u00f1o y reflotaban los traumas de 2001-2002, cuando el pa\u00eds sufri\u00f3 uno de sus peores estallidos econ\u00f3micos, pol\u00edticos y sociales, y hubo cinco presidentes en solo dos semanas.<\/p>\n<\/div>\n<div class=\"bbc-19j92fr ebmt73l0\" dir=\"ltr\">\n<p class=\"bbc-hhl7in e17g058b0\" dir=\"ltr\">Otros advert\u00edan que se ven\u00eda una nueva hiperinflaci\u00f3n, como la de 1989, cuando los precios llegaron a aumentar un 5.000% anual.<\/p>\n<\/div>\n<div class=\"bbc-1n4f7vm ebmt73l0\" dir=\"ltr\"><\/div>\n<div class=\"bbc-19j92fr ebmt73l0\" dir=\"ltr\">\n<p class=\"bbc-hhl7in e17g058b0\" dir=\"ltr\">Incluso muchos votantes que formaron parte del\u00a056% del electorado que hab\u00eda elegido a Milei\u00a0por delante del entonces ministro de Econom\u00eda peronista, Sergio Massa, en la segunda vuelta electoral se preparaban para la posibilidad de que el \u201cblue\u201d ascendiera sin pausa, luego de que el flamante gobierno de La Libertad Avanza (LLA) duplicara el valor del d\u00f3lar oficial (devaluando el peso en un 50%), tras promesas electorales de dolarizar la econom\u00eda.<\/p>\n<\/div>\n<div class=\"bbc-19j92fr ebmt73l0\" dir=\"ltr\">\n<p class=\"bbc-hhl7in e17g058b0\" dir=\"ltr\">Sin embargo, a diez meses de la asunci\u00f3n de Milei -el primer economista en llegar a la presidencia de Argentina y el primer pol\u00edtico libertario en conducir una naci\u00f3n- ninguno de esos escenarios pesimistas\u00a0se ha cumplido.<\/p>\n<\/div>\n<div class=\"bbc-19j92fr ebmt73l0\" dir=\"ltr\">\n<p class=\"bbc-hhl7in e17g058b0\" dir=\"ltr\">Por el contrario:\u00a0la inflaci\u00f3n se ha reducido al 3,5% mensual, su cifra m\u00e1s baja en casi tres a\u00f1os.<\/p>\n<\/div>\n<div class=\"bbc-19j92fr ebmt73l0\" dir=\"ltr\">\n<p class=\"bbc-hhl7in e17g058b0\" dir=\"ltr\">Y el d\u00f3lar paralelo, que lleg\u00f3 a trepar hasta un r\u00e9cord de 1.500 pesos en julio, hoy est\u00e1 en\u00a0niveles similares a enero.<\/p>\n<\/div>\n<div class=\"bbc-19j92fr ebmt73l0\" dir=\"ltr\">\n<p class=\"bbc-hhl7in e17g058b0\" dir=\"ltr\">En tanto, si bien perdi\u00f3 unos 10 puntos de popularidad -aunque sigue por arriba del 40%-,\u00a0Milei ha consolidado su poder, logrando importantes triunfos legislativos a pesar de tener una peque\u00f1a minor\u00eda en el Parlamento y de no contar con ning\u00fan gobernador de su agrupaci\u00f3n pol\u00edtica.<\/p>\n<\/div>\n<div class=\"bbc-19j92fr ebmt73l0\" dir=\"ltr\">\n<p class=\"bbc-hhl7in e17g058b0\" dir=\"ltr\">\u201cYo lo vot\u00e9 porque quer\u00eda un cambio y lo est\u00e1 logrando\u201d, dice Diego, de 56 a\u00f1os, que pasea perros en Buenos Aires.<\/p>\n<\/div>\n<div class=\"bbc-19j92fr ebmt73l0\" dir=\"ltr\">\n<p class=\"bbc-hhl7in e17g058b0\" dir=\"ltr\">\u201cSi bien han sido meses dur\u00edsimos, en especial para mi viejo [padre], que es jubilado, con la inflaci\u00f3n y el d\u00f3lar bajos estamos mejor\u201d, afirma.<\/p>\n<p dir=\"ltr\">\n<\/div>\n<figure class=\"bbc-1qn0xuy\">\n<div class=\"bbc-18ywsw9\">\n<div style=\"width: 1034px\" class=\"wp-caption alignnone\"><img loading=\"lazy\" decoding=\"async\" class=\"bbc-139onq\" src=\"https:\/\/ichef.bbci.co.uk\/ace\/ws\/640\/cpsprodpb\/5c87\/live\/f6607fd0-8ffa-11ef-89ae-5575c76d98e6.jpg.webp\" alt=\"Javier Milei\" width=\"1024\" height=\"683\" \/><p class=\"wp-caption-text\">Fuente de la imagen,Getty Images.\u00a0\u00a0Seg\u00fan la consultora Escenarios, la popularidad de Milei baj\u00f3 del 54% al 42% entre mayo y septiembre.<\/p><\/div>\n<\/div>\n<\/figure>\n<div class=\"bbc-19j92fr ebmt73l0\" dir=\"ltr\">\n<p dir=\"ltr\">\n<p dir=\"ltr\">\n<p class=\"bbc-hhl7in e17g058b0\" dir=\"ltr\">Pese a ello, no hay dudas de que Argentina est\u00e1 pasando por un momento dur\u00edsimo: seg\u00fan las \u00faltimas cifras oficiales, en el primer semestre registr\u00f3\u00a0<a class=\"focusIndicatorReducedWidth bbc-n8oauk e1p3sufg0\" href=\"https:\/\/www.bbc.com\/mundo\/articles\/cly3x3pq9zjo\">su peor salto de la pobreza en dos d\u00e9cadas<\/a>, con m\u00e1s de la mitad de la poblaci\u00f3n pobre (casi el 53%), incluyendo a casi\u00a07 de cada 10 ni\u00f1os.<\/p>\n<\/div>\n<div class=\"bbc-19j92fr ebmt73l0\" dir=\"ltr\">\n<p class=\"bbc-hhl7in e17g058b0\" dir=\"ltr\">Adem\u00e1s,\u00a0el consumo se desplom\u00f3\u00a0y el Producto Interno Bruto (PIB), el \u00edndice que mide la actividad econ\u00f3mica, cay\u00f3 3,4% en comparaci\u00f3n con el primer semestre del a\u00f1o anterior. Tanto el Banco Mundial como el Fondo Monetario Internacional coinciden en que Argentina ser\u00e1\u00a0la econom\u00eda latinoamericana con mayor contracci\u00f3n\u00a0econ\u00f3mica este a\u00f1o.<\/p>\n<\/div>\n<div class=\"bbc-19j92fr ebmt73l0\" dir=\"ltr\">\n<p class=\"bbc-hhl7in e17g058b0\" dir=\"ltr\">Sin embargo, no se puede refutar que, al menos por ahora,\u00a0Milei est\u00e1 cumpliendo con su promesa\u00a0de sanear la macroeconom\u00eda, bajar la inflaci\u00f3n y estabilizar el d\u00f3lar.<\/p>\n<\/div>\n<div class=\"bbc-19j92fr ebmt73l0\" dir=\"ltr\">\n<p class=\"bbc-hhl7in e17g058b0\" dir=\"ltr\">\u201cEstamos saliendo del infierno de manera exitosa\u201d, anunci\u00f3 el presidente en una reciente entrevista con el canal de noticias LN+.<\/p>\n<\/div>\n<div class=\"bbc-19j92fr ebmt73l0\" dir=\"ltr\">\n<p class=\"bbc-hhl7in e17g058b0\" dir=\"ltr\">Explicamos c\u00f3mo lo est\u00e1 logrando (y por qu\u00e9 no todos creen que su estrategia es exitosa).<\/p>\n<\/div>\n<div class=\"bbc-19j92fr ebmt73l0\" dir=\"ltr\">\n<h2 id=\"El-plan-Milei\" class=\"bbc-1f03ibc eglt09e0\" tabindex=\"-1\">El plan Milei<\/h2>\n<\/div>\n<div class=\"bbc-19j92fr ebmt73l0\" dir=\"ltr\">\n<p class=\"bbc-hhl7in e17g058b0\" dir=\"ltr\">\u201cPara comprender c\u00f3mo Milei baj\u00f3 la inflaci\u00f3n, lo que hay que entender esencialmente es el origen de la inflaci\u00f3n\u201d, explic\u00f3 el economista Miguel Boggiano, uno de los miembros del Consejo de Asesores Econ\u00f3micos del gobierno argentino.<\/p>\n<\/div>\n<div class=\"bbc-19j92fr ebmt73l0\" dir=\"ltr\">\n<p class=\"bbc-hhl7in e17g058b0\" dir=\"ltr\">\u201cEn Argentina, la explicaci\u00f3n es relativamente sencilla: como los distintos gobiernos han gastado m\u00e1s de lo que recaudan, lo que termin\u00f3 pasando fue que\u00a0ese gasto en exceso se termin\u00f3 financiando con impresi\u00f3n de papel moneda, es decir con emisi\u00f3n monetaria, porque a Argentina ya nadie le presta dinero\u201d.<\/p>\n<\/div>\n<div class=\"bbc-19j92fr ebmt73l0\" dir=\"ltr\">\n<p class=\"bbc-hhl7in e17g058b0\" dir=\"ltr\">Boggiano asegura que \u201cel problema se fue agravando\u201d porque, adem\u00e1s de imprimir dinero para el Tesoro, el Banco Central tambi\u00e9n empez\u00f3 a darle pr\u00e9stamos, lo que\u00a0dej\u00f3 a ambos organismos en deuda.<\/p>\n<\/div>\n<div class=\"bbc-19j92fr ebmt73l0\" dir=\"ltr\">\n<p class=\"bbc-hhl7in e17g058b0\" dir=\"ltr\">\u201cEl Banco Central sab\u00eda que con todos esos pesos que le daba al Tesoro iba a generar inflaci\u00f3n, porque hab\u00eda un exceso de pesos que el p\u00fablico no demandaba y entonces iba a ir al d\u00f3lar o a precios\u201d.<\/p>\n<\/div>\n<div class=\"bbc-19j92fr ebmt73l0\" dir=\"ltr\">\n<p class=\"bbc-hhl7in e17g058b0\" dir=\"ltr\">Para evitar que esto ocurra, explic\u00f3, el Central cre\u00f3 un mecanismo para absorber una parte importante de ese dinero: los llamados pasivos remunerados, deuda de corto plazo que era contra\u00edda con los bancos.<\/p>\n<\/div>\n<div class=\"bbc-19j92fr ebmt73l0\" dir=\"ltr\">\n<p class=\"bbc-hhl7in e17g058b0\" dir=\"ltr\">Esa deuda\u00a0se fue acumulando.<\/p>\n<p dir=\"ltr\">\n<\/div>\n<figure class=\"bbc-1qn0xuy\">\n<div class=\"bbc-18ywsw9\">\n<div style=\"width: 998px\" class=\"wp-caption alignnone\"><img loading=\"lazy\" decoding=\"async\" class=\"bbc-139onq\" src=\"https:\/\/ichef.bbci.co.uk\/ace\/ws\/640\/cpsprodpb\/f82e\/live\/a1b2fd40-8ffb-11ef-a11d-233c9f4f7c5f.jpg.webp\" alt=\"Miguel Boggiano con Javier Milei\" width=\"988\" height=\"659\" \/><p class=\"wp-caption-text\">Fuente de la imagen,Miguel Boggiano.\u00a0\u00a0Miguel Boggiano forma parte del Consejo de Asesores Econ\u00f3micos de Milei.<\/p><\/div>\n<p class=\"bbc-by8ykd\" role=\"text\">\n<\/div>\n<\/figure>\n<div class=\"bbc-19j92fr ebmt73l0\" dir=\"ltr\">\n<p dir=\"ltr\">\n<p dir=\"ltr\">\n<p class=\"bbc-hhl7in e17g058b0\" dir=\"ltr\">Cuando asumi\u00f3 Milei, el d\u00e9ficit -o rojo- del Tesoro equival\u00eda al 4,6% del PIB. Pero el del Banco Central era el doble, por la \u201cbola\u201d de intereses que hab\u00eda generado esa deuda de corto plazo.<\/p>\n<\/div>\n<div class=\"bbc-19j92fr ebmt73l0\" dir=\"ltr\">\n<p class=\"bbc-hhl7in e17g058b0\" dir=\"ltr\">Para hacer frente al problema del Tesoro, Milei fue directamente a la ra\u00edz: blandiendo la metaf\u00f3rica\u00a0motosierra\u00a0que utiliz\u00f3 como s\u00edmbolo durante su campa\u00f1a, arras\u00f3 un tercio del gasto p\u00fablico de un saque.<\/p>\n<\/div>\n<div class=\"bbc-19j92fr ebmt73l0\" dir=\"ltr\">\n<p class=\"bbc-hhl7in e17g058b0\" dir=\"ltr\">As\u00ed, ya desde su primer mes de gobierno, logr\u00f3 reducir la emisi\u00f3n -principal causante de la inflaci\u00f3n- y\u00a0pas\u00f3 del d\u00e9ficit al super\u00e1vit fiscal\u00a0(m\u00e1s ingresos que egresos), algo que Argentina solo hab\u00eda logrado un pu\u00f1ado de veces en el \u00faltimo siglo.<\/p>\n<\/div>\n<div class=\"bbc-19j92fr ebmt73l0\" dir=\"ltr\">\n<p class=\"bbc-hhl7in e17g058b0\" dir=\"ltr\">Para resolver la deuda del Banco Central (y cortar la emisi\u00f3n que generaba) apel\u00f3 a otro aparato: la licuadora, cuenta Boggiano.<\/p>\n<\/div>\n<div class=\"bbc-19j92fr ebmt73l0\" dir=\"ltr\">\n<p class=\"bbc-hhl7in e17g058b0\" dir=\"ltr\">\u201cFue bajando la tasa de inter\u00e9s que pagaban los pasivos remunerados y adem\u00e1s devalu\u00f3 el peso, sincerando el tipo de cambio oficial que hab\u00eda quedado atrasado y llev\u00e1ndolo casi al mismo nivel que el tipo de cambio de mercado&#8221;.<\/p>\n<\/div>\n<div class=\"bbc-19j92fr ebmt73l0\" dir=\"ltr\">\n<p class=\"bbc-hhl7in e17g058b0\" dir=\"ltr\">&#8220;Eso produjo un acomodamiento de precios relativos que signific\u00f3 un\u00a0salto en la inflaci\u00f3n, que fue superior a los intereses\u00a0que pagaba por esa deuda. De esa forma licu\u00f3 los pasivos remunerados, dej\u00e1ndolos con tasas de inter\u00e9s reales negativas\u201d, explica el asesor.<\/p>\n<\/div>\n<div class=\"bbc-19j92fr ebmt73l0\" dir=\"ltr\">\n<p class=\"bbc-hhl7in e17g058b0\" dir=\"ltr\">Hablando ante un foro de empresarios la semana pasadaa, Milei se enorgulleci\u00f3 por su estrategia: &#8220;Nadia sab\u00eda c\u00f3mo resolverlo y nosotros lo resolvimos en seis meses.\u00a0Algo que parec\u00eda imposible, lo hicimos posible&#8221;, resalt\u00f3.<\/p>\n<\/div>\n<div class=\"bbc-19j92fr ebmt73l0\" dir=\"ltr\">\n<h2 id=\"Sostenibilidad\" class=\"bbc-1f03ibc eglt09e0\" tabindex=\"-1\">Sostenibilidad<\/h2>\n<\/div>\n<div class=\"bbc-19j92fr ebmt73l0\" dir=\"ltr\">\n<p class=\"bbc-hhl7in e17g058b0\" dir=\"ltr\">A pesar de que muchos de sus cr\u00edticos aseguraban que\u00a0le ser\u00eda imposible mantener el super\u00e1vit, porque requerir\u00eda seguir postergando pagos que eventualmente deb\u00edan realizarse y congelar el gasto p\u00fablico en m\u00ednimos hist\u00f3ricos, lo cierto es que el gobierno libertario\u00a0lo ha sostenido en sus primeros nueve meses de gobierno.<\/p>\n<\/div>\n<div class=\"bbc-19j92fr ebmt73l0\" dir=\"ltr\">\n<p class=\"bbc-hhl7in e17g058b0\" dir=\"ltr\">Incluso ha logrado tener un excedente tras el pago de intereses de la deuda p\u00fablica,\u00a0algo in\u00e9dito en este pa\u00eds\u00a0y considerado clave para equilibrar las cuentas.<\/p>\n<\/div>\n<div class=\"bbc-19j92fr ebmt73l0\" dir=\"ltr\">\n<p class=\"bbc-hhl7in e17g058b0\" dir=\"ltr\">Sin embargo, algunos acusan al presidente y al ministro de Econom\u00eda, Luis Caputo, de realizar una gimnasia financiera que simplemente\u00a0&#8220;esconde&#8221; el d\u00e9ficit.<\/p>\n<\/div>\n<div class=\"bbc-19j92fr ebmt73l0\" dir=\"ltr\">\n<p class=\"bbc-hhl7in e17g058b0\" dir=\"ltr\">Un exasesor de Milei, el economista Carlos Rodr\u00edguez, quien fue secretario de Pol\u00edtica Econ\u00f3mica durante el gobierno de Carlos Menem, advirti\u00f3 en su cuenta de X (ex Twitter) que el gobierno no tendr\u00eda super\u00e1vit si no fuera que se financia con letras del Tesoro, conocidas como Lecap y LEFI, que permiten diferir el pago de intereses ya que estos se pagan, junto con el capital, reci\u00e9n cuando vence el t\u00edtulo de deuda.<\/p>\n<\/div>\n<div class=\"bbc-19j92fr ebmt73l0\" dir=\"ltr\">\n<p class=\"bbc-hhl7in e17g058b0\" dir=\"ltr\">Seg\u00fan Rodr\u00edguez, esa deuda remunerada que se va acumulando &#8220;no figura en el d\u00e9ficit financiero del Tesoro ni en el cuasifical (nombre oficial del d\u00e9ficit del Banco Central). Solamente\u00a0aumenta la deuda p\u00fablica&#8221;.<\/p>\n<\/div>\n<div class=\"bbc-19j92fr ebmt73l0\" dir=\"ltr\">\n<p class=\"bbc-hhl7in e17g058b0\" dir=\"ltr\">&#8220;Como por arte de magia, desapareci\u00f3 el d\u00e9ficit cuasifiscal y Milei instant\u00e1neamente redujo el d\u00e9ficit del Estado en varios puntos del PIB. Eso es simplemente una\u00a0<i class=\"bbc-h1y5j7 eih42320\">chantada<\/i>\u00a0(enga\u00f1o).\u00a0El d\u00e9ficit sigue. No enga\u00f1an a nadie, solamente pierden credibilidad&#8221;, escribi\u00f3.<\/p>\n<p dir=\"ltr\">\n<\/div>\n<figure class=\"bbc-1qn0xuy\">\n<div class=\"bbc-18ywsw9\">\n<div style=\"width: 1034px\" class=\"wp-caption alignnone\"><img loading=\"lazy\" decoding=\"async\" class=\"bbc-139onq\" src=\"https:\/\/ichef.bbci.co.uk\/ace\/ws\/640\/cpsprodpb\/aa96\/live\/58030c20-8ffc-11ef-89ae-5575c76d98e6.jpg.webp\" alt=\"Cristina Fern\u00e1ndez de Kirchner y Javier Milei el d\u00eda de su asunci\u00f3n presidencial\" width=\"1024\" height=\"683\" \/><p class=\"wp-caption-text\">Fuente de la imagen,Getty Images.\u00a0\u00a0Una de las que cuestiona m\u00e1s duramente la estrategia econ\u00f3mica de Milei es la expresidente convixcta por corrupci\u00f3n, Cristina Fern\u00e1ndez de Kirchner.<\/p><\/div>\n<\/div>\n<\/figure>\n<div class=\"bbc-19j92fr ebmt73l0\" dir=\"ltr\">\n<p dir=\"ltr\">\n<p dir=\"ltr\">\n<p class=\"bbc-hhl7in e17g058b0\" dir=\"ltr\">En igual l\u00ednea, este lunes la expresidenta Cristina Fern\u00e1ndez de Kirchner tambi\u00e9n denunci\u00f3 a trav\u00e9s de X que Milei, quien dijo en campa\u00f1a que iba a cerrar el Banco Central,\u00a0termin\u00f3 &#8220;pasando sus pasivos al Estado argentino\u00a0con las LEFI y las Lecaps que est\u00e1n generando intereses mensuales por m\u00e1s de 2 billones de pesos (US$2.000 millones) y\u00a0armando una bola que, cuando explote, mejor no estar cerca&#8221;.<\/p>\n<\/div>\n<div class=\"bbc-19j92fr ebmt73l0\" dir=\"ltr\">\n<p class=\"bbc-hhl7in e17g058b0\" dir=\"ltr\">M\u00e1s all\u00e1 de este debate,\u00a0Milei se muestra confiado\u00a0de que manteniendo su pol\u00edtica de &#8220;d\u00e9ficit cero&#8221; lograr\u00e1 abatir la inflaci\u00f3n, que fue una de sus principales promesas electorales.<\/p>\n<\/div>\n<div class=\"bbc-19j92fr ebmt73l0\" dir=\"ltr\">\n<p class=\"bbc-hhl7in e17g058b0\" dir=\"ltr\">En su proyecto de ley del Prespuesto 2025, que present\u00f3 en septiembre, estim\u00f3 que este a\u00f1o la inflaci\u00f3n\u00a0cerrar\u00e1 en 104,4%, la mitad de lo que fue en 2023\u00a0(211,4%). Y el a\u00f1o pr\u00f3ximo\u00a0se derrumbar\u00e1 al 18,3% anual.<\/p>\n<\/div>\n<div class=\"bbc-19j92fr ebmt73l0\" dir=\"ltr\">\n<p class=\"bbc-hhl7in e17g058b0\" dir=\"ltr\">El mercado es un poco menos optimista, pero coincide en que habr\u00e1 una desaceleraci\u00f3n importante: el \u00faltimo Relevamiento de Expectativas de Mercado del Banco Central proyect\u00f3 que en 2024 la inflaci\u00f3n ser\u00e1 del 123,6%, un poco m\u00e1s baja que la que estim\u00f3 el FMI (140%).<\/p>\n<\/div>\n<div class=\"bbc-19j92fr ebmt73l0\" dir=\"ltr\">\n<p class=\"bbc-hhl7in e17g058b0\" dir=\"ltr\">\u201cY si esta vez sale bien???\u201d, se esperanz\u00f3 en X Mariano -un abogado \u201ccon el deseo irrefrenable de ver una Argentina pr\u00f3spera\u201d- en medio de los muchos posts que cuestionan si son realistas las metas del gobierno.<\/p>\n<\/div>\n<div class=\"bbc-19j92fr ebmt73l0\" dir=\"ltr\">\n<h2 id=\"El-d\u00f3lar\" class=\"bbc-1f03ibc eglt09e0\" tabindex=\"-1\">El d\u00f3lar<\/h2>\n<\/div>\n<div class=\"bbc-19j92fr ebmt73l0\" dir=\"ltr\">\n<p class=\"bbc-hhl7in e17g058b0\" dir=\"ltr\">A diferencia de la inflaci\u00f3n, que ha bajado progresivamente del 20,6% en enero al 3,5% en septiembre, el d\u00f3lar paralelo, que refleja la confianza del mercado en el gobierno y es referencia incondicional en este pa\u00eds, ha tenido\u00a0un recorrido m\u00e1s err\u00e1tico.<\/p>\n<\/div>\n<div class=\"bbc-19j92fr ebmt73l0\" dir=\"ltr\">\n<p class=\"bbc-hhl7in e17g058b0\" dir=\"ltr\">Cuando Milei asumi\u00f3, val\u00eda $1.000, cifra que aument\u00f3 un 25% para fines de enero ($1.250). Si bien volvi\u00f3 a bajar, y se mantuvo nuevamente cercano a los $1.000 entre marzo y mayo, a partir de ah\u00ed comenz\u00f3 una escalada que gener\u00f3 preocupaci\u00f3n entre los argentinos, que saben que el valor del \u201cblue\u201d se suele trasladar r\u00e1pidamente a precios.<\/p>\n<\/div>\n<div class=\"bbc-19j92fr ebmt73l0\" dir=\"ltr\">\n<p class=\"bbc-hhl7in e17g058b0\" dir=\"ltr\">Para julio, el billete verde hab\u00eda alcanzado\u00a0su cifra m\u00e1s alta: $1.500, cerca de un 50% m\u00e1s que el valor del d\u00f3lar oficial, que es regulado por el gobierno y se aprecia a una tasa fija del 2% mensual, como &#8220;ancla&#8221; contra la inflaci\u00f3n.<\/p>\n<\/div>\n<div class=\"bbc-19j92fr ebmt73l0\" dir=\"ltr\">\n<p class=\"bbc-hhl7in e17g058b0\" dir=\"ltr\">Esto llev\u00f3 a nuevas se\u00f1ales de alarma ante el temor de que ponga presi\u00f3n sobre los precios.<\/p>\n<\/div>\n<div class=\"bbc-19j92fr ebmt73l0\" dir=\"ltr\">\n<p class=\"bbc-hhl7in e17g058b0\" dir=\"ltr\">Sin embargo, desde entonces\u00a0el &#8220;blue&#8221; ha vuelto a los niveles de enero, algo considerado una victoria para el gobierno libertario.<\/p>\n<\/div>\n<div class=\"bbc-19j92fr ebmt73l0\" dir=\"ltr\">\n<p class=\"bbc-hhl7in e17g058b0\" dir=\"ltr\">\u201cEl d\u00f3lar baja, las expensas no suben, el alquiler de la cochera no sube, mi sueldo sube. GRACIAS MILEI\u201d, escribi\u00f3 Mat\u00edas, hincha de Boca Juniors y simpatizante del gobierno, en X.<\/p>\n<p dir=\"ltr\">\n<\/div>\n<figure class=\"bbc-1qn0xuy\">\n<div class=\"bbc-18ywsw9\">\n<div style=\"width: 1034px\" class=\"wp-caption alignnone\"><img loading=\"lazy\" decoding=\"async\" class=\"bbc-139onq\" src=\"https:\/\/ichef.bbci.co.uk\/ace\/ws\/640\/cpsprodpb\/3632\/live\/14a37810-8ffd-11ef-89ae-5575c76d98e6.jpg.webp\" alt=\"Billetes de 100 d\u00f3lares\" width=\"1024\" height=\"683\" \/><p class=\"wp-caption-text\">Fuente de la imagen,Getty Images.\u00a0\u00a0Los argentinos siempre est\u00e1n muy pendientes de la evoluci\u00f3n del d\u00f3lar de mercado o &#8220;blue&#8221;.<\/p><\/div>\n<p class=\"bbc-by8ykd\" role=\"text\">\n<\/div>\n<\/figure>\n<div class=\"bbc-19j92fr ebmt73l0\" dir=\"ltr\">\n<p dir=\"ltr\">\n<p dir=\"ltr\">\n<p class=\"bbc-hhl7in e17g058b0\" dir=\"ltr\">Pero \u00bfqu\u00e9 hizo Milei para contener el d\u00f3lar?<\/p>\n<\/div>\n<div class=\"bbc-19j92fr ebmt73l0\" dir=\"ltr\">\n<p class=\"bbc-hhl7in e17g058b0\" dir=\"ltr\">Hay quienes consideran que un factor no menor para explicar la ca\u00edda en el tipo de cambio ha sido el\u00a0&#8220;blanqueo&#8221; de capitales\u00a0que lleva a cabo el gobierno y que permite declarar hasta US$100.000 no registrados sin penalidades ni impuestos adicionales (cifras mayores pagan entre el 5% y el 15%).<\/p>\n<\/div>\n<div class=\"bbc-19j92fr ebmt73l0\" dir=\"ltr\">\n<p class=\"bbc-hhl7in e17g058b0\" dir=\"ltr\">Esto ha generado una\u00a0mayor oferta de d\u00f3lares, lo que contribuye a reducir su valor.<\/p>\n<\/div>\n<div class=\"bbc-19j92fr ebmt73l0\" dir=\"ltr\">\n<p class=\"bbc-hhl7in e17g058b0\" dir=\"ltr\">Sin embargo, el gobierno niega que lo que se est\u00e1 viviendo es un &#8220;veranito cambiario&#8221;, causado por el blanqueo, y afirma que la baja del d\u00f3lar es parte de su plan.<\/p>\n<\/div>\n<div class=\"bbc-19j92fr ebmt73l0\" dir=\"ltr\">\n<p class=\"bbc-hhl7in e17g058b0\" dir=\"ltr\">El propio presidente lo explic\u00f3 en su discurso ante los hombres y mujeres de negocios reunidos en el foro del Instituto para el Desarrollo Empresarial de la Argentina (IDEA), el pasado 18 de octubre.<\/p>\n<\/div>\n<div class=\"bbc-19j92fr ebmt73l0\" dir=\"ltr\">\n<p class=\"bbc-hhl7in e17g058b0\" dir=\"ltr\">&#8220;Frente a un ataque especulativo donde el d\u00f3lar cotizaba a $1.500 y nos anticipaban que la semana siguiente se iba a $2.000, y as\u00ed sucesivamente, decidimos cambiar el esquema monetario e ir directamente a emisi\u00f3n cero&#8221;, afirm\u00f3.<\/p>\n<\/div>\n<div class=\"bbc-19j92fr ebmt73l0\" dir=\"ltr\">\n<p class=\"bbc-hhl7in e17g058b0\" dir=\"ltr\">&#8220;Parece que tambi\u00e9n funcion\u00f3 y pas\u00f3 algo que nunca pas\u00f3 en Argentina, que es que el d\u00f3lar de $1.500 se cay\u00f3 a $1.100. As\u00ed que\u00a0eso que tambi\u00e9n parec\u00eda imposible, nosotros tambi\u00e9n lo hicimos posible&#8221;, se ufan\u00f3.<\/p>\n<\/div>\n<div class=\"bbc-19j92fr ebmt73l0\" dir=\"ltr\">\n<p class=\"bbc-hhl7in e17g058b0\" dir=\"ltr\">Boggiano explic\u00f3 la estrategia en m\u00e1s detalle.<\/p>\n<\/div>\n<div class=\"bbc-19j92fr ebmt73l0\" dir=\"ltr\">\n<p class=\"bbc-hhl7in e17g058b0\" dir=\"ltr\">&#8220;Al principio de la gesti\u00f3n del presidente Milei el Banco Central estuvo emitiendo pesos para comprar d\u00f3lares e ir reconstruyendo sus reservas (que el gobierno hered\u00f3 con un saldo negativo de m\u00e1s de US$11.000 millones)&#8221;, se\u00f1al\u00f3.<\/p>\n<\/div>\n<div class=\"bbc-19j92fr ebmt73l0\" dir=\"ltr\">\n<p class=\"bbc-hhl7in e17g058b0\" dir=\"ltr\">&#8220;Hace dos o tres meses el Banco Central decidi\u00f3 directamente no emitir m\u00e1s pesos para comprar d\u00f3lares, con lo cual\u00a0no hay emisi\u00f3n por ning\u00fan concepto&#8221;.<\/p>\n<\/div>\n<div class=\"bbc-19j92fr ebmt73l0\" dir=\"ltr\">\n<p class=\"bbc-hhl7in e17g058b0\" dir=\"ltr\">&#8220;Y como, adem\u00e1s, el Tesoro tiene super\u00e1vit fiscal -es decir, gasta menos de lo que recauda en impuestos- el propio Tesoro va absorbiendo pesos de la econom\u00eda. El resultado es que no hay m\u00e1s pesos y\u00a0eso est\u00e1 haciendo que el d\u00f3lar vaya bajando&#8221;, afirm\u00f3.<\/p>\n<\/div>\n<div class=\"bbc-19j92fr ebmt73l0\" dir=\"ltr\">\n<h2 id=\"Argentina-cara-en-d\u00f3lares\" class=\"bbc-1f03ibc eglt09e0\" tabindex=\"-1\">Argentina cara en d\u00f3lares<\/h2>\n<\/div>\n<div class=\"bbc-19j92fr ebmt73l0\" dir=\"ltr\">\n<p class=\"bbc-hhl7in e17g058b0\" dir=\"ltr\">La paradoja de la estrategia de Milei es que alguien que habl\u00f3 de dolarizar la econom\u00eda y durante su campa\u00f1a\u00a0llam\u00f3 &#8220;excremento&#8221; al peso argentino\u00a0ha\u00a0apreciado su valor\u00a0tanto que ahora el pa\u00eds se ha puesto caro en d\u00f3lares.<\/p>\n<p dir=\"ltr\">\n<\/div>\n<figure class=\"bbc-1qn0xuy\">\n<div class=\"bbc-18ywsw9\">\n<div style=\"width: 899px\" class=\"wp-caption alignnone\"><img loading=\"lazy\" decoding=\"async\" class=\"bbc-139onq\" src=\"https:\/\/ichef.bbci.co.uk\/ace\/ws\/640\/cpsprodpb\/a14e\/live\/9d4cab00-8ffd-11ef-bdde-a9ecbeabda78.jpg.webp\" alt=\"La cara de Milei en un billete de 100 d\u00f3lares\" width=\"889\" height=\"593\" \/><p class=\"wp-caption-text\">Fuente de la imagen,Getty Images.\u00a0\u00a0Milei ha mantenido el valor del d\u00f3lar por debajo de la inflaci\u00f3n, generando un atraso cambiario y la paradoja de un peso fuerte.<\/p><\/div>\n<\/div>\n<\/figure>\n<div class=\"bbc-19j92fr ebmt73l0\" dir=\"ltr\">\n<p dir=\"ltr\">\n<p dir=\"ltr\">\n<p class=\"bbc-hhl7in e17g058b0\" dir=\"ltr\">&#8220;Si el tipo de cambio quedara donde est\u00e1 hoy en d\u00eda, en los primeros 12 meses del a\u00f1o Argentina tendr\u00eda\u00a0104%-105% de inflaci\u00f3n en d\u00f3lares&#8221;, resalt\u00f3 otro exsocio y ahora cr\u00edtico del presidente, Diego Giacomini.<\/p>\n<\/div>\n<div class=\"bbc-19j92fr ebmt73l0\" dir=\"ltr\">\n<p class=\"bbc-hhl7in e17g058b0\" dir=\"ltr\">&#8220;Significa que, si a principio de a\u00f1o, cuando subi\u00f3 Milei, necesitabas 100 d\u00f3lares para pagar la luz, a fin de a\u00f1o vas a necesitar entre 200 y 210 d\u00f3lares para pagar la luz&#8221;, grafic\u00f3 durante una reciente entrevista con Radio con vos.<\/p>\n<\/div>\n<div class=\"bbc-19j92fr ebmt73l0\" dir=\"ltr\">\n<p class=\"bbc-hhl7in e17g058b0\" dir=\"ltr\">Seg\u00fan el economista &#8220;es un tipo de cambio que\u00a0no le sirve\u00a0ni a los que producen adentro para el mercado internista ni a los que exportan. Entonces,\u00a0el nivel de actividad est\u00e1 condenado a ser malo&#8221;.<\/p>\n<\/div>\n<div class=\"bbc-19j92fr ebmt73l0\" dir=\"ltr\">\n<p class=\"bbc-hhl7in e17g058b0\" dir=\"ltr\">&#8220;Eso\u00a0se va a tener que corregir\u00a0en alg\u00fan momento con\u00a0salto cambiario\u00a0y posterior\u00a0aceleraci\u00f3n de inflaci\u00f3n&#8221;, diagnostic\u00f3.<\/p>\n<\/div>\n<div class=\"bbc-19j92fr ebmt73l0\" dir=\"ltr\">\n<p class=\"bbc-hhl7in e17g058b0\" dir=\"ltr\">Algunos argentinos comparten su pesimismo. \u201cEstamos caros en d\u00f3lares porque esta recontra atrasado el valor del d\u00f3lar porque lo tienen pisado!!!\u00a0Esta pel\u00edcula ya la vi y ya s\u00e9 el final: 2001, te suena?!!!\u201d, escribi\u00f3 el tuitero Jean Valjean.<\/p>\n<\/div>\n<div class=\"bbc-19j92fr ebmt73l0\" dir=\"ltr\">\n<p class=\"bbc-hhl7in e17g058b0\" dir=\"ltr\">Sin embargo,\u00a0Milei ha descartado una nueva devaluaci\u00f3n\u00a0y afirm\u00f3 que mantendr\u00e1 su estrategia de apreciar el d\u00f3lar oficial un 2% cada mes, a pesar de que esto ha dejado su valor retrasado con respecto a la inflaci\u00f3n.<\/p>\n<\/div>\n<div class=\"bbc-19j92fr ebmt73l0\" dir=\"ltr\">\n<p class=\"bbc-hhl7in e17g058b0\" dir=\"ltr\">El ministro de Econom\u00eda Caputo se\u00f1al\u00f3 que el plan del gobierno es que eventulamente\u00a0convergan el d\u00f3lar oficial y el &#8220;blue&#8221;, un paso importante antes de poder\u00a0levantar los controles de capital\u00a0(aqu\u00ed apodados &#8220;cepo&#8221;) que limitan el acceso al billete estadounidense en este pa\u00eds.<\/p>\n<\/div>\n<div class=\"bbc-19j92fr ebmt73l0\" dir=\"ltr\">\n<p class=\"bbc-hhl7in e17g058b0\" dir=\"ltr\">Y tambi\u00e9n algo que deber\u00e1 preceder a una eventual dolarizaci\u00f3n, que sigue siendo parte de los planes oficiales, a trav\u00e9s de una libre &#8220;competencia de monedas&#8221;.<\/p>\n<\/div>\n<div class=\"bbc-19j92fr ebmt73l0\" dir=\"ltr\">\n<p class=\"bbc-hhl7in e17g058b0\" dir=\"ltr\">En tanto, el gobierno desestima las preocupaciones de quienes advierten que, m\u00e1s all\u00e1 de las buenas noticias financieras,\u00a0la &#8220;econom\u00eda real&#8221; no despega.<\/p>\n<\/div>\n<div class=\"bbc-19j92fr ebmt73l0\" dir=\"ltr\">\n<p class=\"bbc-hhl7in e17g058b0\" dir=\"ltr\">Se\u00f1ala que, si bien las comparaciones interanuales de la actividad econ\u00f3mica son negativas, si se compara mes a mes se ve que\u00a0la tendencia es positiva, un cambio que ya se est\u00e1 empezando a notar en algunos sectores.<\/p>\n<\/div>\n<div class=\"bbc-19j92fr ebmt73l0\" dir=\"ltr\">\n<p class=\"bbc-hhl7in e17g058b0\" dir=\"ltr\">&#8220;De ac\u00e1 para adelante solo vienen buenas noticias&#8221;, repite Milei en sus discursos y entrevistas.<\/p>\n<\/div>\n<div class=\"bbc-19j92fr ebmt73l0\" dir=\"ltr\">\n<p class=\"bbc-hhl7in e17g058b0\" dir=\"ltr\">Su optimismo es compartido por el Banco Mundial y el FMI, que han estimado que en 2025\u00a0Argentina crecer\u00e1 un 5%, pasando de ser la econom\u00eda latinoamericana con la mayor contracci\u00f3n econ\u00f3mica a\u00a0la de mayor crecimiento.<\/p>\n<\/div>\n<div class=\"bbc-19j92fr ebmt73l0\" dir=\"ltr\">\n<p class=\"bbc-hhl7in e17g058b0\" dir=\"ltr\">Habr\u00e1 que esperar para ver si ese rebote econ\u00f3mico es un trampol\u00edn hac\u00eda un futuro m\u00e1s pr\u00f3spero, que logre mejorar las vidas de algunos de los 25 millones de pobres que hoy tiene el pa\u00eds, como promete Milei, o si Argentina vuelve a quedar atrapada en otra espiral de deuda, como alertan sus adversarios.<\/p>\n<\/div>\n","protected":false},"excerpt":{"rendered":"<p>&nbsp; &nbsp; Cuando Javier Milei asumi\u00f3 la presidencia de Argentina en diciembre de 2023, la inflaci\u00f3n, que ya alcanzaba casi el 13% mensual, se duplic\u00f3.&hellip;<\/p>\n","protected":false},"author":99,"featured_media":523431,"comment_status":"open","ping_status":"open","sticky":false,"template":"","format":"standard","meta":{"footnotes":""},"categories":[23],"tags":[],"class_list":["post-523430","post","type-post","status-publish","format-standard","has-post-thumbnail","hentry","category-latinoamerica"],"_links":{"self":[{"href":"https:\/\/diarioelpopular.com\/index.php\/wp-json\/wp\/v2\/posts\/523430","targetHints":{"allow":["GET"]}}],"collection":[{"href":"https:\/\/diarioelpopular.com\/index.php\/wp-json\/wp\/v2\/posts"}],"about":[{"href":"https:\/\/diarioelpopular.com\/index.php\/wp-json\/wp\/v2\/types\/post"}],"author":[{"embeddable":true,"href":"https:\/\/diarioelpopular.com\/index.php\/wp-json\/wp\/v2\/users\/99"}],"replies":[{"embeddable":true,"href":"https:\/\/diarioelpopular.com\/index.php\/wp-json\/wp\/v2\/comments?post=523430"}],"version-history":[{"count":1,"href":"https:\/\/diarioelpopular.com\/index.php\/wp-json\/wp\/v2\/posts\/523430\/revisions"}],"predecessor-version":[{"id":523432,"href":"https:\/\/diarioelpopular.com\/index.php\/wp-json\/wp\/v2\/posts\/523430\/revisions\/523432"}],"wp:featuredmedia":[{"embeddable":true,"href":"https:\/\/diarioelpopular.com\/index.php\/wp-json\/wp\/v2\/media\/523431"}],"wp:attachment":[{"href":"https:\/\/diarioelpopular.com\/index.php\/wp-json\/wp\/v2\/media?parent=523430"}],"wp:term":[{"taxonomy":"category","embeddable":true,"href":"https:\/\/diarioelpopular.com\/index.php\/wp-json\/wp\/v2\/categories?post=523430"},{"taxonomy":"post_tag","embeddable":true,"href":"https:\/\/diarioelpopular.com\/index.php\/wp-json\/wp\/v2\/tags?post=523430"}],"curies":[{"name":"wp","href":"https:\/\/api.w.org\/{rel}","templated":true}]}}