{"id":523481,"date":"2024-10-24T09:13:43","date_gmt":"2024-10-24T13:13:43","guid":{"rendered":"https:\/\/diarioelpopular.com\/?p=523481"},"modified":"2024-10-24T09:13:43","modified_gmt":"2024-10-24T13:13:43","slug":"profesores-se-ven-obligados-a-usar-equipo-de-proteccion-ante-violencia-escolar","status":"publish","type":"post","link":"https:\/\/diarioelpopular.com\/index.php\/2024\/10\/24\/profesores-se-ven-obligados-a-usar-equipo-de-proteccion-ante-violencia-escolar\/","title":{"rendered":"Profesores se ven obligados a usar equipo de protecci\u00f3n ante violencia escolar"},"content":{"rendered":"<p><img loading=\"lazy\" decoding=\"async\" class=\"alignnone size-custom-full-size wp-image-523482\" src=\"https:\/\/diarioelpopular.com\/wp-content\/uploads\/2024\/10\/Screen-Shot-2024-10-24-at-9.13.09-AM-636x391.png\" alt=\"\" width=\"636\" height=\"391\" srcset=\"https:\/\/diarioelpopular.com\/wp-content\/uploads\/2024\/10\/Screen-Shot-2024-10-24-at-9.13.09-AM-636x391.png 636w, https:\/\/diarioelpopular.com\/wp-content\/uploads\/2024\/10\/Screen-Shot-2024-10-24-at-9.13.09-AM-300x185.png 300w, https:\/\/diarioelpopular.com\/wp-content\/uploads\/2024\/10\/Screen-Shot-2024-10-24-at-9.13.09-AM-768x473.png 768w, https:\/\/diarioelpopular.com\/wp-content\/uploads\/2024\/10\/Screen-Shot-2024-10-24-at-9.13.09-AM-119x73.png 119w, https:\/\/diarioelpopular.com\/wp-content\/uploads\/2024\/10\/Screen-Shot-2024-10-24-at-9.13.09-AM.png 858w\" sizes=\"auto, (max-width: 636px) 100vw, 636px\" \/><\/p>\n<p>&nbsp;<\/p>\n<ul>\n<li><em><strong>Ontario pide a la provincia que haga m\u00e1s para combatir la violencia en las escuelas, ya que algunos profesores se ven obligados a llevar equipo de protecci\u00f3n<\/strong><\/em><\/li>\n<\/ul>\n<p>&nbsp;<\/p>\n<p>Los NDP de Ontario piden a la provincia que haga m\u00e1s para combatir el aumento de violencia en las escuelas, junto con los educadores que revelaron que algunos de ellos se han visto obligados a llevar equipo de protecci\u00f3n en clase.<\/p>\n<p>En una conferencia de prensa el mi\u00e9rcoles, la cr\u00edtica de educaci\u00f3n del NDP, Chandra Pasma, y \u200b\u200bel cr\u00edtico del Partido Laborista del NDP, Jamie West, anunciaron que est\u00e1n presentando una moci\u00f3n que pide al gobierno que implemente de inmediato un plan de emergencia para poner fin a la violencia escolar.<\/p>\n<p>A Pasma y West tambi\u00e9n se unieron los l\u00edderes de seis sindicatos de educaci\u00f3n en apoyo de la moci\u00f3n.<\/p>\n<p>La cuesti\u00f3n de la seguridad de los maestros y los trabajadores de la educaci\u00f3n se ha planteado en el pasado, y los sindicatos y los l\u00edderes de la oposici\u00f3n han pedido al gobierno de Ford que proporcione fondos adicionales, directamente relacionados con el tratamiento de la violencia.<\/p>\n<p>El plan incluir\u00eda fondos para contratar personal calificado adicional, incluidos profesionales de la salud mental, asistentes educativos, trabajadores infantiles y juveniles y otros trabajadores de la educaci\u00f3n, y una capacitaci\u00f3n integral para todos los trabajadores y supervisores.<\/p>\n<p>Tambi\u00e9n sugiere la creaci\u00f3n de un sistema de denuncia en l\u00ednea a nivel provincial para incidentes violentos y la recopilaci\u00f3n de datos para comprender el alcance total del problema.<\/p>\n<p>En la conferencia de prensa, dijeron que la falta de esos recursos adicionales genera frustraci\u00f3n y ataques de ira por parte de los estudiantes, hasta el punto de que esos trabajadores usan equipo de protecci\u00f3n.<\/p>\n<p>\u201cImag\u00ednese ser un padre que ingresa a una escuela de necesidades especiales y ve al personal con brazos acolchados, guantes, casco y chaqueta\u201d, dijo Shauna Heath, una trabajadora infantil y juvenil. \u201cEs por seguridad, para proteger una escuela\u201d.<\/p>\n<p>\u201cA menudo debo esconder mi equipo para que los estudiantes no lo vean porque a veces me he convertido en el objetivo de la violencia y me patean m\u00e1s\u201d, agreg\u00f3 Amie Boyak, una asistente educativa.<\/p>\n<p>La ministra de Educaci\u00f3n Jill Dunlop fue interrogada en la legislatura sobre la moci\u00f3n y dijo que la provincia, en este momento, ha proporcionado $ 58 millones en el presupuesto de este a\u00f1o para combatir los problemas de seguridad en las escuelas y dice que son las juntas escolares las que tienen que hacer algo con ese dinero para combatirlo.<\/p>\n","protected":false},"excerpt":{"rendered":"<p>&nbsp; Ontario pide a la provincia que haga m\u00e1s para combatir la violencia en las escuelas, ya que algunos profesores se ven obligados a llevar&hellip;<\/p>\n","protected":false},"author":99,"featured_media":523482,"comment_status":"open","ping_status":"open","sticky":false,"template":"","format":"standard","meta":{"footnotes":""},"categories":[11364],"tags":[],"class_list":["post-523481","post","type-post","status-publish","format-standard","has-post-thumbnail","hentry","category-toronto-gta"],"_links":{"self":[{"href":"https:\/\/diarioelpopular.com\/index.php\/wp-json\/wp\/v2\/posts\/523481","targetHints":{"allow":["GET"]}}],"collection":[{"href":"https:\/\/diarioelpopular.com\/index.php\/wp-json\/wp\/v2\/posts"}],"about":[{"href":"https:\/\/diarioelpopular.com\/index.php\/wp-json\/wp\/v2\/types\/post"}],"author":[{"embeddable":true,"href":"https:\/\/diarioelpopular.com\/index.php\/wp-json\/wp\/v2\/users\/99"}],"replies":[{"embeddable":true,"href":"https:\/\/diarioelpopular.com\/index.php\/wp-json\/wp\/v2\/comments?post=523481"}],"version-history":[{"count":1,"href":"https:\/\/diarioelpopular.com\/index.php\/wp-json\/wp\/v2\/posts\/523481\/revisions"}],"predecessor-version":[{"id":523483,"href":"https:\/\/diarioelpopular.com\/index.php\/wp-json\/wp\/v2\/posts\/523481\/revisions\/523483"}],"wp:featuredmedia":[{"embeddable":true,"href":"https:\/\/diarioelpopular.com\/index.php\/wp-json\/wp\/v2\/media\/523482"}],"wp:attachment":[{"href":"https:\/\/diarioelpopular.com\/index.php\/wp-json\/wp\/v2\/media?parent=523481"}],"wp:term":[{"taxonomy":"category","embeddable":true,"href":"https:\/\/diarioelpopular.com\/index.php\/wp-json\/wp\/v2\/categories?post=523481"},{"taxonomy":"post_tag","embeddable":true,"href":"https:\/\/diarioelpopular.com\/index.php\/wp-json\/wp\/v2\/tags?post=523481"}],"curies":[{"name":"wp","href":"https:\/\/api.w.org\/{rel}","templated":true}]}}