{"id":523504,"date":"2024-10-24T09:45:02","date_gmt":"2024-10-24T13:45:02","guid":{"rendered":"https:\/\/diarioelpopular.com\/?p=523504"},"modified":"2024-10-24T09:45:02","modified_gmt":"2024-10-24T13:45:02","slug":"un-informe-publicado-recientemente-describe-la-precaria-situacion-de-la-atencion-sanitaria","status":"publish","type":"post","link":"https:\/\/diarioelpopular.com\/index.php\/2024\/10\/24\/un-informe-publicado-recientemente-describe-la-precaria-situacion-de-la-atencion-sanitaria\/","title":{"rendered":"Un informe publicado recientemente describe la precaria situaci\u00f3n de la atenci\u00f3n sanitaria"},"content":{"rendered":"<p><img loading=\"lazy\" decoding=\"async\" class=\"alignnone size-custom-full-size wp-image-523505\" src=\"https:\/\/diarioelpopular.com\/wp-content\/uploads\/2024\/10\/Screen-Shot-2024-10-24-at-9.44.12-AM-636x517.png\" alt=\"\" width=\"636\" height=\"517\" srcset=\"https:\/\/diarioelpopular.com\/wp-content\/uploads\/2024\/10\/Screen-Shot-2024-10-24-at-9.44.12-AM-636x517.png 636w, https:\/\/diarioelpopular.com\/wp-content\/uploads\/2024\/10\/Screen-Shot-2024-10-24-at-9.44.12-AM-300x244.png 300w, https:\/\/diarioelpopular.com\/wp-content\/uploads\/2024\/10\/Screen-Shot-2024-10-24-at-9.44.12-AM-768x624.png 768w, https:\/\/diarioelpopular.com\/wp-content\/uploads\/2024\/10\/Screen-Shot-2024-10-24-at-9.44.12-AM-90x73.png 90w, https:\/\/diarioelpopular.com\/wp-content\/uploads\/2024\/10\/Screen-Shot-2024-10-24-at-9.44.12-AM.png 852w\" sizes=\"auto, (max-width: 636px) 100vw, 636px\" \/><\/p>\n<p>&nbsp;<\/p>\n<p>&nbsp;<\/p>\n<ul>\n<li><em><strong>Un nuevo informe del Instituto Canadiense de Informaci\u00f3n sobre la Salud dice que el 83 por ciento de los adultos de este pa\u00eds tienen un proveedor de atenci\u00f3n primaria regular, pero eso deja a 5,4 millones de adultos sin uno.<\/strong><\/em><\/li>\n<\/ul>\n<p>&nbsp;<\/p>\n<p>&nbsp;<\/p>\n<p>Dice que las personas mayores de 65 a\u00f1os tienen m\u00e1s probabilidades de tener acceso a un m\u00e9dico de familia o a una enfermera especializada que los adultos m\u00e1s j\u00f3venes entre 18 y 34 a\u00f1os.<\/p>\n<p>El acceso a la atenci\u00f3n primaria es m\u00e1s alto en Ontario y m\u00e1s bajo en Nunavut.<\/p>\n<p>El informe del CIHI publicado este jueves por la ma\u00f1ana mide la l\u00ednea de base de las prioridades de salud acordadas por el gobierno federal y las provincias y territorios.<\/p>\n<p>El ministro federal de salud, Mark Holland, dice que habr\u00e1 un informe cada a\u00f1o para medir el progreso en todo el pa\u00eds.<\/p>\n<p>Adem\u00e1s de mejorar el acceso a la atenci\u00f3n primaria, las prioridades incluyen reducir los tiempos de espera para el asesoramiento sobre salud mental y consumo de sustancias, contratar m\u00e1s trabajadores de la salud, disminuir los tiempos de espera para cirug\u00edas y aumentar el uso de informaci\u00f3n sanitaria electr\u00f3nica.<\/p>\n<p>El CIHI dice que tambi\u00e9n recopilar\u00e1 datos para medir el progreso en otras dos prioridades de salud en el futuro cercano, que incluyen garantizar que las personas mayores puedan envejecer con dignidad y mejorar la seguridad cultural de los pacientes ind\u00edgenas en el sistema de atenci\u00f3n m\u00e9dica.<\/p>\n<p>El informe del jueves dice que los retrasos quir\u00fargicos que ocurrieron durante la pandemia de COVID-19 han disminuido y que la cantidad de cirug\u00edas realizadas ha regresado en su mayor\u00eda a los niveles previos a la pandemia en todo Canad\u00e1.<\/p>\n<p>Holland dijo que cada uno de los acuerdos de financiaci\u00f3n de la atenci\u00f3n m\u00e9dica firmados con las provincias y territorios incluye objetivos para la cantidad de m\u00e9dicos y enfermeras que deben agregarse a la fuerza laboral.<\/p>\n<p>Muchas comunidades rurales e ind\u00edgenas se ven particularmente afectadas por la escasez de atenci\u00f3n primaria, dijo el ministro en una entrevista telef\u00f3nica el mi\u00e9rcoles.<\/p>\n<p>Adem\u00e1s de reclutar m\u00e9dicos, enfermeras practicantes y enfermeras de otras jurisdicciones, la soluci\u00f3n requiere un &#8220;esfuerzo sostenido&#8221; para alentar a m\u00e1s personas de las Primeras Naciones, m\u00e9tis e inuit, as\u00ed como a otras personas que viven en pueblos peque\u00f1os y \u00e1reas rurales, &#8220;a elegir carreras de salud y realmente ver a muchas m\u00e1s personas sirviendo a sus propias comunidades&#8221;, dijo Holland.<\/p>\n","protected":false},"excerpt":{"rendered":"<p>&nbsp; &nbsp; Un nuevo informe del Instituto Canadiense de Informaci\u00f3n sobre la Salud dice que el 83 por ciento de los adultos de este pa\u00eds&hellip;<\/p>\n","protected":false},"author":99,"featured_media":523505,"comment_status":"open","ping_status":"open","sticky":false,"template":"","format":"standard","meta":{"footnotes":""},"categories":[21,11191],"tags":[],"class_list":["post-523504","post","type-post","status-publish","format-standard","has-post-thumbnail","hentry","category-canada","category-top-news"],"_links":{"self":[{"href":"https:\/\/diarioelpopular.com\/index.php\/wp-json\/wp\/v2\/posts\/523504","targetHints":{"allow":["GET"]}}],"collection":[{"href":"https:\/\/diarioelpopular.com\/index.php\/wp-json\/wp\/v2\/posts"}],"about":[{"href":"https:\/\/diarioelpopular.com\/index.php\/wp-json\/wp\/v2\/types\/post"}],"author":[{"embeddable":true,"href":"https:\/\/diarioelpopular.com\/index.php\/wp-json\/wp\/v2\/users\/99"}],"replies":[{"embeddable":true,"href":"https:\/\/diarioelpopular.com\/index.php\/wp-json\/wp\/v2\/comments?post=523504"}],"version-history":[{"count":1,"href":"https:\/\/diarioelpopular.com\/index.php\/wp-json\/wp\/v2\/posts\/523504\/revisions"}],"predecessor-version":[{"id":523506,"href":"https:\/\/diarioelpopular.com\/index.php\/wp-json\/wp\/v2\/posts\/523504\/revisions\/523506"}],"wp:featuredmedia":[{"embeddable":true,"href":"https:\/\/diarioelpopular.com\/index.php\/wp-json\/wp\/v2\/media\/523505"}],"wp:attachment":[{"href":"https:\/\/diarioelpopular.com\/index.php\/wp-json\/wp\/v2\/media?parent=523504"}],"wp:term":[{"taxonomy":"category","embeddable":true,"href":"https:\/\/diarioelpopular.com\/index.php\/wp-json\/wp\/v2\/categories?post=523504"},{"taxonomy":"post_tag","embeddable":true,"href":"https:\/\/diarioelpopular.com\/index.php\/wp-json\/wp\/v2\/tags?post=523504"}],"curies":[{"name":"wp","href":"https:\/\/api.w.org\/{rel}","templated":true}]}}