{"id":523508,"date":"2024-10-24T09:55:15","date_gmt":"2024-10-24T13:55:15","guid":{"rendered":"https:\/\/diarioelpopular.com\/?p=523508"},"modified":"2024-10-24T09:55:15","modified_gmt":"2024-10-24T13:55:15","slug":"los-seguidores-de-evo-morales-paralizan-bolivia-a-20-dias-de-la-investigacion-por-presunto-abuso-de-menores","status":"publish","type":"post","link":"https:\/\/diarioelpopular.com\/index.php\/2024\/10\/24\/los-seguidores-de-evo-morales-paralizan-bolivia-a-20-dias-de-la-investigacion-por-presunto-abuso-de-menores\/","title":{"rendered":"Los seguidores de Evo Morales paralizan Bolivia a 20 d\u00edas de la investigaci\u00f3n por presunto abuso de menores"},"content":{"rendered":"<div id=\"attachment_523509\" style=\"width: 1210px\" class=\"wp-caption alignnone\"><img loading=\"lazy\" decoding=\"async\" aria-describedby=\"caption-attachment-523509\" class=\"wp-image-523509 size-custom-big-size\" src=\"https:\/\/diarioelpopular.com\/wp-content\/uploads\/2024\/10\/Screen-Shot-2024-10-24-at-9.54.37-AM-1200x796.png\" alt=\"\" width=\"1200\" height=\"796\" srcset=\"https:\/\/diarioelpopular.com\/wp-content\/uploads\/2024\/10\/Screen-Shot-2024-10-24-at-9.54.37-AM-1200x796.png 1200w, https:\/\/diarioelpopular.com\/wp-content\/uploads\/2024\/10\/Screen-Shot-2024-10-24-at-9.54.37-AM-300x199.png 300w, https:\/\/diarioelpopular.com\/wp-content\/uploads\/2024\/10\/Screen-Shot-2024-10-24-at-9.54.37-AM-768x510.png 768w, https:\/\/diarioelpopular.com\/wp-content\/uploads\/2024\/10\/Screen-Shot-2024-10-24-at-9.54.37-AM-85x55.png 85w, https:\/\/diarioelpopular.com\/wp-content\/uploads\/2024\/10\/Screen-Shot-2024-10-24-at-9.54.37-AM-636x422.png 636w, https:\/\/diarioelpopular.com\/wp-content\/uploads\/2024\/10\/Screen-Shot-2024-10-24-at-9.54.37-AM-110x73.png 110w, https:\/\/diarioelpopular.com\/wp-content\/uploads\/2024\/10\/Screen-Shot-2024-10-24-at-9.54.37-AM.png 1024w\" sizes=\"auto, (max-width: 1200px) 100vw, 1200px\" \/><p id=\"caption-attachment-523509\" class=\"wp-caption-text\">Un hombre carga contenedores con combustible en una gasolinera debido a la escasez, en Santa Cruz de la Sierra, Bolivia, el 22 de octubre de 2024. Ipa Ibanez (REUTERS)<\/p><\/div>\n<p>&nbsp;<\/p>\n<p>&nbsp;<\/p>\n<h4 class=\"a_st\"><em>&#8211; El comercio de la mitad del pa\u00eds est\u00e1 bloqueado por una veintena de cortes de carreteras desde hace m\u00e1s de 10 d\u00edas<\/em><\/h4>\n<p>&nbsp;<\/p>\n<p class=\"\">Han pasado 20 d\u00edas desde que se revel\u00f3 que la fiscal\u00eda de Bolivia volver\u00eda a\u00a0<a href=\"https:\/\/elpais.com\/america\/2024-10-04\/evo-morales-acusado-en-bolivia-de-haber-tenido-un-hijo-con-una-menor-de-15-anos.html\" data-link-track-dtm=\"\" data-mrf-link=\"https:\/\/elpais.com\/america\/2024-10-04\/evo-morales-acusado-en-bolivia-de-haber-tenido-un-hijo-con-una-menor-de-15-anos.html\">investigar al expresidente boliviano Evo Morales<\/a>\u00a0por un caso de abuso de menores y\u00a0<a href=\"https:\/\/elpais.com\/america\/2024-10-15\/los-seguidores-de-evo-morales-amenazan-con-incendiar-bolivia-contra-su-posible-arresto-por-un-caso-de-violacion.html\" data-link-track-dtm=\"\" data-mrf-link=\"https:\/\/elpais.com\/america\/2024-10-15\/los-seguidores-de-evo-morales-amenazan-con-incendiar-bolivia-contra-su-posible-arresto-por-un-caso-de-violacion.html\">sus seguidores han cumplido su promesa de \u201cconvulsionar al pa\u00eds\u201d<\/a>\u00a0para evitar que lo detengan.<\/p>\n<p class=\"\">El comercio de la mitad del pa\u00eds est\u00e1 bloqueado por los m\u00e1s de 20 cortes de ruta que han cumplido diez d\u00edas. Los productores de alimentos ven con desesperaci\u00f3n c\u00f3mo su producci\u00f3n se pudre sobre los caminos y ensayan protestas inusuales como echar esti\u00e9rcol sobre la fachada de la Gobernaci\u00f3n de Cochabamba, dirigida por el \u201cevismo\u201d, para exigir que los bloqueos cesen. Esta ciudad se encuentra en el epicentro del conflicto, porque es la capital de la regi\u00f3n en la que se encuentra el Chapare, la zona cocalera y el basti\u00f3n pol\u00edtico y organizativo de Morales. All\u00ed es donde\u00a0<a href=\"https:\/\/elpais.com\/america\/2024-10-12\/evo-morales-se-refugia-en-su-bastion-cocalero-frente-a-la-orden-de-arresto-por-presunto-abuso-de-menores.html\" data-link-track-dtm=\"\" data-mrf-link=\"https:\/\/elpais.com\/america\/2024-10-12\/evo-morales-se-refugia-en-su-bastion-cocalero-frente-a-la-orden-de-arresto-por-presunto-abuso-de-menores.html\">el expresidente se ha refugiado para evitar ser arrestado\u00a0<\/a>y en ella se han montado los cortes de ruta m\u00e1s fuertes.<\/p>\n<p class=\"\">Las filas frente a las estaciones de servicio en La Paz son de una longitud nunca antes vista. La carest\u00eda de gasolina no solo se debe a los bloqueos de los \u201cevistas\u201d, sino a una protesta local en Arica, el puerto chileno en el que atracan los cargueros que transportan combustible ruso para Bolivia. Seg\u00fan el Gobierno de Luis Arce, este problema ya se ha resuelto. El 23 de octubre,\u00a0<a href=\"https:\/\/elpais.com\/america\/2024-08-02\/transportistas-cortan-rutas-por-la-falta-de-combustibles-en-bolivia.html\" data-link-track-dtm=\"\" data-mrf-link=\"https:\/\/elpais.com\/america\/2024-08-02\/transportistas-cortan-rutas-por-la-falta-de-combustibles-en-bolivia.html\">la carest\u00eda de combustible ocasion\u00f3 un eficaz paro de los transportistas\u00a0<\/a>locales que paraliz\u00f3 totalmente a la capital administrativa del pa\u00eds. Las colas por gasolina en La Paz contin\u00faan.<\/p>\n<p>&nbsp;<\/p>\n<figure class=\"a_m a_m-h \">\n<p><div style=\"width: 424px\" class=\"wp-caption alignnone\"><img loading=\"lazy\" decoding=\"async\" class=\"_re lazyload a_m-h\" src=\"https:\/\/imagenes.elpais.com\/resizer\/v2\/HAO4XICGB5DVDH24MWYE22ELDM.jpg?auth=831b810e0d42cdb52222c2177585f63225c26e1745978a18e7333d67b9487d87&amp;width=414\" sizes=\"auto, (min-width:1199px) 1155px,(min-width:1001px) calc(100vw - 44px),(min-width:768px) 767px, 100vw\" srcset=\"https:\/\/imagenes.elpais.com\/resizer\/v2\/HAO4XICGB5DVDH24MWYE22ELDM.jpg?auth=831b810e0d42cdb52222c2177585f63225c26e1745978a18e7333d67b9487d87&amp;width=414 414w,https:\/\/imagenes.elpais.com\/resizer\/v2\/HAO4XICGB5DVDH24MWYE22ELDM.jpg?auth=831b810e0d42cdb52222c2177585f63225c26e1745978a18e7333d67b9487d87&amp;width=828 640w,https:\/\/imagenes.elpais.com\/resizer\/v2\/HAO4XICGB5DVDH24MWYE22ELDM.jpg?auth=831b810e0d42cdb52222c2177585f63225c26e1745978a18e7333d67b9487d87&amp;width=980 1000w,https:\/\/imagenes.elpais.com\/resizer\/v2\/HAO4XICGB5DVDH24MWYE22ELDM.jpg?auth=831b810e0d42cdb52222c2177585f63225c26e1745978a18e7333d67b9487d87&amp;width=1960 1960w\" alt=\"Veh\u00edculos hacen fila para ingresar a una gasolinera despu\u00e9s de d\u00edas de bloqueos de carreteras por parte de partidarios del expresidente Evo Morales en La Paz, Bolivia.\" width=\"414\" height=\"268\" \/><p class=\"wp-caption-text\">Veh\u00edculos hacen fila para ingresar a una gasolinera despu\u00e9s de d\u00edas de bloqueos de carreteras por parte de partidarios del expresidente Evo Morales en La Paz, Bolivia.Juan Karita (AP)<\/p><\/div><figcaption class=\"a_m_p\"><\/figcaption><\/figure>\n<p>&nbsp;<\/p>\n<p class=\"\">El Gobierno ha desbloqueado algunas carreteras con las fuerzas policiales, algunas uniformadas y otras no, lo que ha dado lugar a que se denuncie el uso de \u201cparamilitares\u201d. La Uni\u00f3n Juvenil Cruce\u00f1ista, el grupo de choque del Comit\u00e9 C\u00edvico de Santa Cruz, enemigo declarado de la izquierda boliviana, particip\u00f3 en un desbloqueo en Santa Cruz en coordinaci\u00f3n con la polic\u00eda, seg\u00fan un reporte de la televisi\u00f3n UNITEL. \u201cEl pueblo est\u00e1 emputado y ya sali\u00f3 a desbloquear. Buena Vista ya est\u00e1 expedito. Los masistas [militantes del Movimiento al Socialismo o MAS] y avasalladores han huido. El pueblo ya no se va a dejar\u201d, exclam\u00f3 ante las c\u00e1maras un dirigente de este grupo.<\/p>\n<p class=\"\">Simult\u00e1neamente, el Gobierno ha acusado a los manifestantes de portar armas de fuego e incluso de haber disparado contra un equipo policial que intentaba desbloquear un corte de ruta en la regi\u00f3n de Oruro.<\/p>\n<p class=\"\">El responsable formal de los bloqueos, el dirigente campesino Ponciano Santos, hombre de confianza de Morales,\u00a0<a href=\"https:\/\/elpais.com\/america\/2024-02-21\/bolivia-flexibiliza-su-modelo-economico-para-enfrentar-la-crisis-cambiaria.html\" data-link-track-dtm=\"\" data-mrf-link=\"https:\/\/elpais.com\/america\/2024-02-21\/bolivia-flexibiliza-su-modelo-economico-para-enfrentar-la-crisis-cambiaria.html\">declar\u00f3 que los suyos est\u00e1n protestando contra la crisis econ\u00f3mica,<\/a>\u00a0que seg\u00fan \u00e9l ha sido causada por la corrupci\u00f3n del presidente. \u201cLos campesinos no seremos derrotados por Arce, [al] que nosotros hemos puesto\u201d, manifest\u00f3. Y desahuci\u00f3 la posibilidad de hacer concesiones. \u201cSi quieren resolver, que aprueben lo que hemos pedido\u201d, exigi\u00f3.<\/p>\n<p class=\"\">El presidente Arce viaj\u00f3 inesperadamente en medio de la crisis a la reuni\u00f3n de los BRIC en Rusia; all\u00ed se acept\u00f3 la asociaci\u00f3n no plena de Bolivia al grupo internacional. Antes de partir, se\u00f1al\u00f3 a la prensa que no son admisibles las movilizaciones que buscan habilitar como candidato a Morales, \u201ccuando la Constituci\u00f3n no lo permite\u201d, ni las que buscan impunidad \u201cpara quienes hacen da\u00f1o a las ni\u00f1as\u201d.<\/p>\n<p class=\"\">Morales es acusado en varios procesos; \u00e9l asegura que son nueve. El m\u00e1s serio le atribuye haber concebido una hija con una adolescente de 15 a\u00f1os en 2016, cuando era presidente y ten\u00eda 56 a\u00f1os. Existe un certificado de nacimiento, que hasta ahora nadie ha desmentido, en el que Morales aparece reconociendo a su supuesta hija. La acusaci\u00f3n se basa en este documento, porque hasta ahora no ha habido una declaraci\u00f3n de la presunta v\u00edctima, que se encuentra \u201cen la clandestinidad\u201d.<\/p>\n<p class=\"\">La defensa de Morales insiste en que sin esta declaraci\u00f3n no se puede procesar el supuesto estupro, ya que\u00a0<a href=\"https:\/\/elpais.com\/america\/2024-10-20\/caso-evo-morales-cuando-la-violencia-sexual-contra-las-mujeres-queda-atrapada-en-el-lodo-politico.html\" data-link-track-dtm=\"\" data-mrf-link=\"https:\/\/elpais.com\/america\/2024-10-20\/caso-evo-morales-cuando-la-violencia-sexual-contra-las-mujeres-queda-atrapada-en-el-lodo-politico.html\">en Bolivia este es un delito de orden privado.<\/a>\u00a0\u201cLa fiscal\u00eda no puede actuar de oficio en estos casos\u201d, ha se\u00f1alado el abogado de Morales, Nelson Cox. Para eludir esta dificultad, las autoridades tambi\u00e9n han acusado a Morales de \u201ctrata de personas\u201d. Afirman que el expresidente accedi\u00f3 a la chica ofreciendo favores pol\u00edticos a sus padres, lo que calzar\u00eda con ese delito. Por eso es que los progenitores est\u00e1n entre los acusados del caso. El padre ya ha sido detenido y se supone que la madre se halla escondida junto con su hija. Las declaraciones del padre a la fiscal\u00eda no han sido concluyentes: aleg\u00f3 que viv\u00eda separado de su familia y que no estaba enterado de casi nada. La \u00fanica vez en que un periodista pudo preguntarle directamente a Evo Morales si hab\u00eda tenido una hija en 2016,\u00a0<a href=\"https:\/\/elpais.com\/america\/2024-10-04\/evo-morales-rechaza-la-acusacion-de-abuso-de-menores-todo-falso-no-se-metan-con-la-familia.html\" data-link-track-dtm=\"\" data-mrf-link=\"https:\/\/elpais.com\/america\/2024-10-04\/evo-morales-rechaza-la-acusacion-de-abuso-de-menores-todo-falso-no-se-metan-con-la-familia.html\">este se enfad\u00f3 y respondi\u00f3 que \u201cla familia es sagrada\u201d y<\/a>, por tanto, no debe ser usada para fines pol\u00edticos.<\/p>\n<p>&nbsp;<\/p>\n<figure class=\"a_m a_m-h \">\n<p><div style=\"width: 424px\" class=\"wp-caption alignnone\"><img loading=\"lazy\" decoding=\"async\" class=\"_re lazyload a_m-h\" src=\"https:\/\/imagenes.elpais.com\/resizer\/v2\/4HYK33KII267XI4PDL6JZPFMCA.jpg?auth=7c6da6fe30ba7d1e768f72daef54e526c60c3f10c7767c064c4d2dcbfb2a2dd5&amp;width=414\" sizes=\"auto, (min-width:1199px) 1155px,(min-width:1001px) calc(100vw - 44px),(min-width:768px) 767px, 100vw\" srcset=\"https:\/\/imagenes.elpais.com\/resizer\/v2\/4HYK33KII267XI4PDL6JZPFMCA.jpg?auth=7c6da6fe30ba7d1e768f72daef54e526c60c3f10c7767c064c4d2dcbfb2a2dd5&amp;width=414 414w,https:\/\/imagenes.elpais.com\/resizer\/v2\/4HYK33KII267XI4PDL6JZPFMCA.jpg?auth=7c6da6fe30ba7d1e768f72daef54e526c60c3f10c7767c064c4d2dcbfb2a2dd5&amp;width=828 640w,https:\/\/imagenes.elpais.com\/resizer\/v2\/4HYK33KII267XI4PDL6JZPFMCA.jpg?auth=7c6da6fe30ba7d1e768f72daef54e526c60c3f10c7767c064c4d2dcbfb2a2dd5&amp;width=980 1000w,https:\/\/imagenes.elpais.com\/resizer\/v2\/4HYK33KII267XI4PDL6JZPFMCA.jpg?auth=7c6da6fe30ba7d1e768f72daef54e526c60c3f10c7767c064c4d2dcbfb2a2dd5&amp;width=1960 1960w\" alt=\"Conductores del transporte p\u00fablico bloquean el paso en una calle durante una jornada de protesta este mi\u00e9rcoles, en La Paz (Bolivia). El 23 de octubre 2024. \" width=\"414\" height=\"276\" \/><p class=\"wp-caption-text\">Conductores del transporte p\u00fablico bloquean el paso en una calle durante una jornada de protesta este mi\u00e9rcoles, en La Paz (Bolivia). El 23 de octubre 2024.Luis Gandarillas (EFE)<\/p><\/div><figcaption class=\"a_m_p\"><\/figcaption><\/figure>\n<h3><\/h3>\n<h3 class=\"\">Sin avances en la investigaci\u00f3n<\/h3>\n<p class=\"\">Mientras las autoridades no encuentren a la chica y a su madre, el proceso no podr\u00e1 hacer avances serios. A cambio, abundan las denuncias sin pruebas, como las de una funcionaria del Gobierno que describi\u00f3 el supuesto trato del expresidente con menores de edad durante su exilio argentino, en 2020. Tambi\u00e9n se alude un problema similar que tuvo Morales ese mismo a\u00f1o, pero que no se investig\u00f3 hasta el final por falta de la denuncia de la mujer que supuestamente hab\u00eda sido afectada y que en ese momento ten\u00eda 19 a\u00f1os.<\/p>\n<p class=\"\">El principal medio de comunicaci\u00f3n \u201cevista\u201d de hoy, Radio Kausachun Coca, ha reconocido indirectamente que la adolescente y su hija s\u00ed existen, porque ha acusado al ministro de Gobierno (Seguridad) de Arce, Eduardo del Castillo, de haber ayudado a esconderlas en 2019, cuando el caso actual se denunci\u00f3 por primera vez, para pronto ser rechazado por la fiscal\u00eda por falta de pruebas. En ese momento, Del Castillo era un h\u00e1bil operador del MAS, que a\u00fan no se hab\u00eda dividido.<\/p>\n<p class=\"\">Tanto el proceso contra Morales como los conflictos sociales que sufre el pa\u00eds se producen en el marco de\u00a0<a href=\"https:\/\/elpais.com\/america\/2024-10-06\/evo-morales-y-luis-arce-una-guerra-fratricida-en-el-corazon-del-poder-en-bolivia.html\" data-link-track-dtm=\"\" data-mrf-link=\"https:\/\/elpais.com\/america\/2024-10-06\/evo-morales-y-luis-arce-una-guerra-fratricida-en-el-corazon-del-poder-en-bolivia.html\">una \u201cguerra total\u201d entre este y el presidente Arce por la candidatura de la izquierda boliviana<\/a>. Todos los militantes han tenido que optar entre uno u otro l\u00edder. Las protestas buscan centralmente asegurar que Evo Morales sea habilitado para las elecciones de 2025 y que el nombre electoral \u201cMAS\u201d contin\u00fae en sus manos.<\/p>\n","protected":false},"excerpt":{"rendered":"<p>&nbsp; &nbsp; &#8211; El comercio de la mitad del pa\u00eds est\u00e1 bloqueado por una veintena de cortes de carreteras desde hace m\u00e1s de 10 d\u00edas&hellip;<\/p>\n","protected":false},"author":99,"featured_media":523509,"comment_status":"open","ping_status":"open","sticky":false,"template":"","format":"standard","meta":{"footnotes":""},"categories":[23],"tags":[],"class_list":["post-523508","post","type-post","status-publish","format-standard","has-post-thumbnail","hentry","category-latinoamerica"],"_links":{"self":[{"href":"https:\/\/diarioelpopular.com\/index.php\/wp-json\/wp\/v2\/posts\/523508","targetHints":{"allow":["GET"]}}],"collection":[{"href":"https:\/\/diarioelpopular.com\/index.php\/wp-json\/wp\/v2\/posts"}],"about":[{"href":"https:\/\/diarioelpopular.com\/index.php\/wp-json\/wp\/v2\/types\/post"}],"author":[{"embeddable":true,"href":"https:\/\/diarioelpopular.com\/index.php\/wp-json\/wp\/v2\/users\/99"}],"replies":[{"embeddable":true,"href":"https:\/\/diarioelpopular.com\/index.php\/wp-json\/wp\/v2\/comments?post=523508"}],"version-history":[{"count":1,"href":"https:\/\/diarioelpopular.com\/index.php\/wp-json\/wp\/v2\/posts\/523508\/revisions"}],"predecessor-version":[{"id":523510,"href":"https:\/\/diarioelpopular.com\/index.php\/wp-json\/wp\/v2\/posts\/523508\/revisions\/523510"}],"wp:featuredmedia":[{"embeddable":true,"href":"https:\/\/diarioelpopular.com\/index.php\/wp-json\/wp\/v2\/media\/523509"}],"wp:attachment":[{"href":"https:\/\/diarioelpopular.com\/index.php\/wp-json\/wp\/v2\/media?parent=523508"}],"wp:term":[{"taxonomy":"category","embeddable":true,"href":"https:\/\/diarioelpopular.com\/index.php\/wp-json\/wp\/v2\/categories?post=523508"},{"taxonomy":"post_tag","embeddable":true,"href":"https:\/\/diarioelpopular.com\/index.php\/wp-json\/wp\/v2\/tags?post=523508"}],"curies":[{"name":"wp","href":"https:\/\/api.w.org\/{rel}","templated":true}]}}