{"id":523526,"date":"2024-10-24T10:24:03","date_gmt":"2024-10-24T14:24:03","guid":{"rendered":"https:\/\/diarioelpopular.com\/?p=523526"},"modified":"2024-10-24T10:24:03","modified_gmt":"2024-10-24T14:24:03","slug":"amazonia-en-emergencia-un-mandato-de-accion-desde-los-pueblos-indigenas","status":"publish","type":"post","link":"https:\/\/diarioelpopular.com\/index.php\/2024\/10\/24\/amazonia-en-emergencia-un-mandato-de-accion-desde-los-pueblos-indigenas\/","title":{"rendered":"Amazonia en emergencia: un mandato de acci\u00f3n desde los pueblos ind\u00edgenas"},"content":{"rendered":"<div id=\"attachment_523527\" style=\"width: 646px\" class=\"wp-caption alignnone\"><img loading=\"lazy\" decoding=\"async\" aria-describedby=\"caption-attachment-523527\" class=\"wp-image-523527 size-custom-full-size\" src=\"https:\/\/diarioelpopular.com\/wp-content\/uploads\/2024\/10\/Screen-Shot-2024-10-24-at-10.23.23-AM-636x427.png\" alt=\"\" width=\"636\" height=\"427\" srcset=\"https:\/\/diarioelpopular.com\/wp-content\/uploads\/2024\/10\/Screen-Shot-2024-10-24-at-10.23.23-AM-636x427.png 636w, https:\/\/diarioelpopular.com\/wp-content\/uploads\/2024\/10\/Screen-Shot-2024-10-24-at-10.23.23-AM-300x202.png 300w, https:\/\/diarioelpopular.com\/wp-content\/uploads\/2024\/10\/Screen-Shot-2024-10-24-at-10.23.23-AM-768x516.png 768w, https:\/\/diarioelpopular.com\/wp-content\/uploads\/2024\/10\/Screen-Shot-2024-10-24-at-10.23.23-AM-80x55.png 80w, https:\/\/diarioelpopular.com\/wp-content\/uploads\/2024\/10\/Screen-Shot-2024-10-24-at-10.23.23-AM-109x73.png 109w, https:\/\/diarioelpopular.com\/wp-content\/uploads\/2024\/10\/Screen-Shot-2024-10-24-at-10.23.23-AM.png 982w\" sizes=\"auto, (max-width: 636px) 100vw, 636px\" \/><p id=\"caption-attachment-523527\" class=\"wp-caption-text\">Anselmo, un miembro del pueblo kakataibo y quien es el encargado de patrullar y defender su aldea en Unipacuyacu, en la Amazon\u00eda peruana. Hugo Alejos<\/p><\/div>\n<p>&nbsp;<\/p>\n<p>&nbsp;<\/p>\n<h4 class=\"a_st\"><em>&#8211; Tras participar en la COP sobre crimen organizado transnacional en Viena, y mientras se celebra la cumbre de la biodiversidad en Cali, Colombia, dos l\u00edderes del Per\u00fa muestran c\u00f3mo las econom\u00edas criminales son la principal amenaza de la selva y los pueblos que la cuidan<\/em><\/h4>\n<p>&nbsp;<\/p>\n<p class=\"\">Las amenazas llegaron primero como rumores; personas extra\u00f1as comentaron que nos iban a matar. Luego mensajes de texto. Empezaron a llegar im\u00e1genes de cuerpos mutilados, diciendo que esto nos podr\u00eda pasar si seguimos\u00a0<a href=\"https:\/\/elpais.com\/america-futura\/2024-10-08\/los-gobiernos-y-donantes-nos-deben-escuchar-a-las-mujeres-y-ninas-indigenas-para-salvar-el-planeta.html\" data-link-track-dtm=\"\" data-mrf-link=\"https:\/\/elpais.com\/america-futura\/2024-10-08\/los-gobiernos-y-donantes-nos-deben-escuchar-a-las-mujeres-y-ninas-indigenas-para-salvar-el-planeta.html\">denunciando los impactos<\/a>\u00a0del narcotr\u00e1fico y los monocultivos en nuestros territorios. Al comienzo, no lo tomamos tan en serio. Pero todo cambi\u00f3 el 12 de abril del 2020, cuando sucedi\u00f3 el primer asesinato de un l\u00edder Kakataibo.<\/p>\n<p class=\"\">Arbildo Mel\u00e9ndez fue un l\u00edder muy fuerte en la comunidad de Unipakayaku, una comunidad invadida por cocaleros, que sigue reclamando su t\u00edtulo de propiedad del territorio comunal. Hab\u00eda denunciado las amenazas que recib\u00eda del narcotr\u00e1fico ante el relator de derechos humanos de las Naciones Unidas. Dos semanas despu\u00e9s fue asesinado en su chacra. All\u00ed sab\u00edamos que todo pod\u00eda pasar. Ya desde 2021 nos ha tocado desplazarnos de\u00a0<a href=\"https:\/\/elpais.com\/america-futura\/2024-10-18\/polinizar-un-bosque-flor-a-flor-el-rescate-de-la-vainilla-amazonica-de-los-awajun.html\" data-link-track-dtm=\"\" data-mrf-link=\"https:\/\/elpais.com\/america-futura\/2024-10-18\/polinizar-un-bosque-flor-a-flor-el-rescate-de-la-vainilla-amazonica-de-los-awajun.html\">nuestras comunidades.<\/a><\/p>\n<p class=\"\">Tuvimos que dejar nuestras chacras. En Flor de Ucayali, Miguel cultiva pi\u00f1a, pl\u00e1tano y cacao. Su comunidad apuesta por una agricultura ancestral, en equilibrio con la naturaleza. Ahora vivimos en ciudades contaminadas, ruidosas y con comida poco sana. Pero lo peor es que se siente como si perdi\u00e9ramos los ra\u00edces de nuestra lucha. En la comunidad luchamos como colectivo. Ahora, estando fuera, debemos incidir como individuos.<\/p>\n<p class=\"\">A\u00fan as\u00ed, decidimos insistir en nuestra denuncia. Pues<a href=\"https:\/\/elpais.com\/america-futura\/2024-10-21\/america-latina-saca-musculo-en-la-cumbre-de-la-biodiversidad-mundial.html\" data-link-track-dtm=\"\" data-mrf-link=\"https:\/\/elpais.com\/america-futura\/2024-10-21\/america-latina-saca-musculo-en-la-cumbre-de-la-biodiversidad-mundial.html\">\u00a0nuestra casa com\u00fan\u00a0<\/a>est\u00e1 en emergencia. Aparte de los incendios m\u00e1s fuertes que hemos vivido, vemos un crecimiento y convergencia de la miner\u00eda ilegal, la producci\u00f3n de coca\u00edna, la tala ilegal y otras actividades il\u00edcitas alrededor de la Amazonia. Las econom\u00edas criminales deforestan la selva, contaminan nuestros r\u00edos, despojan nuestros territorios ancestrales, reclutan a nuestros ni\u00f1os, y da\u00f1an nuestra salud. Inclusive, ponen en peligro la vida de nuestros hermanos que viven en aislamiento, como es el caso de parte del pueblo Kakataibo, cuyas reservas destinadas a protegerlos han sido usadas para instalar pistas de aterrizaje, laboratorios y caminos clandestinos.<\/p>\n<p class=\"\">La selva tropical m\u00e1s grande y biodiversa del mundo se ha convertido en la m\u00e1s peligrosa para quienes la protegemos. La organizaci\u00f3n nacional de pueblos ind\u00edgenas de la Amazon\u00eda del Per\u00fa, Aidesep, ha registrado el asesinato de 36 l\u00edderes ind\u00edgenas amaz\u00f3nicos en el Per\u00fa desde 2014. Ochenta por ciento de estos sucedieron en los \u00faltimos cuatro a\u00f1os, lo que evidencia el escalamiento de la violencia. En cada caso, hubo meses o hasta a\u00f1os previos de amenazas y de denuncias. Sin embargo, no hubo acci\u00f3n estatal para prevenir la violencia. A su vez, hay m\u00e1s de 200 dirigentes amaz\u00f3nicos amenazados en la actualidad, y cientos de comunidades invadidas o asediadas por econom\u00edas criminales.<\/p>\n<p class=\"\">A pesar de nuestras denuncias, vemos que las pol\u00edticas p\u00fablicas no logran proteger\u00a0<a href=\"https:\/\/elpais.com\/america-colombia\/2024-10-14\/los-indigenas-de-colombia-piden-a-petro-saldar-una-deuda-historica-aprovechando-la-cop16.html\" data-link-track-dtm=\"\" data-mrf-link=\"https:\/\/elpais.com\/america-colombia\/2024-10-14\/los-indigenas-de-colombia-piden-a-petro-saldar-una-deuda-historica-aprovechando-la-cop16.html\">nuestros derechos y territorios.\u00a0<\/a>Hay impunidad y falta de acceso a la justicia. Vemos que la corrupci\u00f3n permite a los grupos criminales apoderarse incluso de las estructuras locales de gobierno. De esta manera,\u00a0<a href=\"https:\/\/amazonwatch.org\/news\/2023\/1121-amazon-underworld\" target=\"_blank\" rel=\"noopener\" data-link-track-dtm=\"\" data-mrf-link=\"https:\/\/amazonwatch.org\/news\/2023\/1121-amazon-underworld\">hoy en d\u00eda las econom\u00edas criminales<\/a>\u00a0se han convertido en una de las principales amenazas para nuestra capacidad de responder a la crisis clim\u00e1tica, al afectar exactamente los territorios de mayor biodiversidad y autodeterminaci\u00f3n ind\u00edgena.<\/p>\n<p class=\"\">Ante la falta de intervenci\u00f3n estatal y de\u00a0<a href=\"https:\/\/elpais.com\/america-futura\/2024-10-17\/nuestra-promesa-para-que-america-latina-y-el-caribe-cumpla-con-sus-compromisos-climaticos.html\" data-link-track-dtm=\"\" data-mrf-link=\"https:\/\/elpais.com\/america-futura\/2024-10-17\/nuestra-promesa-para-que-america-latina-y-el-caribe-cumpla-con-sus-compromisos-climaticos.html\">una acci\u00f3n internacional limitada<\/a>, las comunidades ind\u00edgenas no tenemos m\u00e1s remedio que recurrir a formas de autodefensa cada vez m\u00e1s peligrosas. Guardias ind\u00edgenas Kakataibo, Ashaninka y Shipibo-Konibo se han enfrentado al narcotr\u00e1fico, monitorean su territorio y han denunciado el tr\u00e1fico de tierras. La guardia del Gobierno Territorial Aut\u00f3nomo Wampis patrulla sus r\u00edos, expulsa a los mineros ilegales, desarma las explotaciones ilegales de oro e incluso ha detenido a polic\u00edas implicados en el negocio del oro, entreg\u00e1ndolos a funcionarios del Estado.<\/p>\n<p class=\"\">Proteger la Amazonia y sus territorios ind\u00edgenas requiere\u00a0<a href=\"https:\/\/elpais.com\/america-colombia\/cop16\/2024-10-21\/colombia-pone-en-marcha-la-cop16-la-gran-vitrina-del-gobierno-petro-con-un-acento-indigena-afro-y-pacifico.html\" data-link-track-dtm=\"\" data-mrf-link=\"https:\/\/elpais.com\/america-colombia\/cop16\/2024-10-21\/colombia-pone-en-marcha-la-cop16-la-gran-vitrina-del-gobierno-petro-con-un-acento-indigena-afro-y-pacifico.html\">fortalecer la gobernanza territorial\u00a0<\/a>a trav\u00e9s de la titulaci\u00f3n colectiva, el apoyo estatal y sistemas de autoprotecci\u00f3n. Los Estados deben garantizar nuestros derechos sobre tierras ancestrales, proteger a los defensores de la tierra y promover salud, educaci\u00f3n y econom\u00edas sostenibles. A nivel internacional, es clave una mayor cooperaci\u00f3n para enfrentar los delitos ambientales, con la participaci\u00f3n de los pueblos ind\u00edgenas, como lo determina el Convenio 169 de la OIT y la Declaraci\u00f3n de las Naciones Unidas sobre los derechos de los pueblos ind\u00edgenas. Adem\u00e1s, se necesitan medidas contra sustancias t\u00f3xicas y contaminantes asociadas a actividades ilegales como la miner\u00eda y el narcotr\u00e1fico, y estrategias de seguridad regional basadas en la cooperaci\u00f3n y la lucha contra la corrupci\u00f3n.<\/p>\n<p class=\"\">Ya no nos queda tiempo. Es hora de actuar para nuestra supervivencia colectiva, como lo estamos haciendo los pueblos ind\u00edgenas.<\/p>\n","protected":false},"excerpt":{"rendered":"<p>&nbsp; &nbsp; &#8211; Tras participar en la COP sobre crimen organizado transnacional en Viena, y mientras se celebra la cumbre de la biodiversidad en Cali,&hellip;<\/p>\n","protected":false},"author":99,"featured_media":523527,"comment_status":"open","ping_status":"open","sticky":false,"template":"","format":"standard","meta":{"footnotes":""},"categories":[23],"tags":[],"class_list":["post-523526","post","type-post","status-publish","format-standard","has-post-thumbnail","hentry","category-latinoamerica"],"_links":{"self":[{"href":"https:\/\/diarioelpopular.com\/index.php\/wp-json\/wp\/v2\/posts\/523526","targetHints":{"allow":["GET"]}}],"collection":[{"href":"https:\/\/diarioelpopular.com\/index.php\/wp-json\/wp\/v2\/posts"}],"about":[{"href":"https:\/\/diarioelpopular.com\/index.php\/wp-json\/wp\/v2\/types\/post"}],"author":[{"embeddable":true,"href":"https:\/\/diarioelpopular.com\/index.php\/wp-json\/wp\/v2\/users\/99"}],"replies":[{"embeddable":true,"href":"https:\/\/diarioelpopular.com\/index.php\/wp-json\/wp\/v2\/comments?post=523526"}],"version-history":[{"count":1,"href":"https:\/\/diarioelpopular.com\/index.php\/wp-json\/wp\/v2\/posts\/523526\/revisions"}],"predecessor-version":[{"id":523528,"href":"https:\/\/diarioelpopular.com\/index.php\/wp-json\/wp\/v2\/posts\/523526\/revisions\/523528"}],"wp:featuredmedia":[{"embeddable":true,"href":"https:\/\/diarioelpopular.com\/index.php\/wp-json\/wp\/v2\/media\/523527"}],"wp:attachment":[{"href":"https:\/\/diarioelpopular.com\/index.php\/wp-json\/wp\/v2\/media?parent=523526"}],"wp:term":[{"taxonomy":"category","embeddable":true,"href":"https:\/\/diarioelpopular.com\/index.php\/wp-json\/wp\/v2\/categories?post=523526"},{"taxonomy":"post_tag","embeddable":true,"href":"https:\/\/diarioelpopular.com\/index.php\/wp-json\/wp\/v2\/tags?post=523526"}],"curies":[{"name":"wp","href":"https:\/\/api.w.org\/{rel}","templated":true}]}}