{"id":523569,"date":"2024-10-25T09:10:18","date_gmt":"2024-10-25T13:10:18","guid":{"rendered":"https:\/\/diarioelpopular.com\/?p=523569"},"modified":"2024-10-25T09:10:18","modified_gmt":"2024-10-25T13:10:18","slug":"gobierno-liberal-reduce-drasticamente-sus-objetivos-de-inmigracion-para-los-proximos-3-anos","status":"publish","type":"post","link":"https:\/\/diarioelpopular.com\/index.php\/2024\/10\/25\/gobierno-liberal-reduce-drasticamente-sus-objetivos-de-inmigracion-para-los-proximos-3-anos\/","title":{"rendered":"Gobierno liberal reduce dr\u00e1sticamente sus objetivos de inmigraci\u00f3n para los pr\u00f3ximos 3 a\u00f1os"},"content":{"rendered":"<p><img loading=\"lazy\" decoding=\"async\" class=\"alignnone size-custom-full-size wp-image-523570\" src=\"https:\/\/diarioelpopular.com\/wp-content\/uploads\/2024\/10\/Screen-Shot-2024-10-25-at-9.09.48-AM-636x521.png\" alt=\"\" width=\"636\" height=\"521\" srcset=\"https:\/\/diarioelpopular.com\/wp-content\/uploads\/2024\/10\/Screen-Shot-2024-10-25-at-9.09.48-AM-636x521.png 636w, https:\/\/diarioelpopular.com\/wp-content\/uploads\/2024\/10\/Screen-Shot-2024-10-25-at-9.09.48-AM-300x246.png 300w, https:\/\/diarioelpopular.com\/wp-content\/uploads\/2024\/10\/Screen-Shot-2024-10-25-at-9.09.48-AM-768x630.png 768w, https:\/\/diarioelpopular.com\/wp-content\/uploads\/2024\/10\/Screen-Shot-2024-10-25-at-9.09.48-AM-89x73.png 89w, https:\/\/diarioelpopular.com\/wp-content\/uploads\/2024\/10\/Screen-Shot-2024-10-25-at-9.09.48-AM.png 866w\" sizes=\"auto, (max-width: 636px) 100vw, 636px\" \/><\/p>\n<p>&nbsp;<\/p>\n<ul>\n<li><em><strong>Canad\u00e1 est\u00e1 reduciendo sus objetivos de inmigraci\u00f3n en al menos un 20 por ciento para el pr\u00f3ximo a\u00f1o.<\/strong><\/em><\/li>\n<\/ul>\n<p>&nbsp;<\/p>\n<p>&nbsp;<\/p>\n<p>El Primer Ministro Justin Trudeau y el Ministro de Inmigraci\u00f3n, Refugiados y Ciudadan\u00eda Marc Miller anunciaron los cambios en una conferencia en vivo el jueves.<\/p>\n<p>&#8220;Los canadienses est\u00e1n justificadamente orgullosos de nuestro sistema de inmigraci\u00f3n. Ha hecho que nuestra econom\u00eda sea la envidia del mundo. Es la forma en que hemos construido comunidades fuertes y diversas. Es la forma en que hemos demostrado que las diferencias pueden y deben ser una fuente de fortaleza, no una fuente de debilidad, para las comunidades y la sociedad. La inmigraci\u00f3n es vital para nuestro futuro. Y como gobierno federal, tenemos que asegurarnos de que ese orgullo, esa fe en la inmigraci\u00f3n, no se vea socavada&#8221;, comenz\u00f3 diciendo Trudeau.<\/p>\n<p>&#8220;Hoy, estamos anunciando que reduciremos la cantidad de inmigrantes que traemos durante los pr\u00f3ximos tres a\u00f1os, lo que resultar\u00e1 en una pausa en el crecimiento de la poblaci\u00f3n durante los pr\u00f3ximos dos a\u00f1os&#8221;.<\/p>\n<p>El primer ministro hab\u00eda anunciado el anuncio en una publicaci\u00f3n en X ayer.<\/p>\n<p>Anteriormente, el objetivo del gobierno para los pr\u00f3ximos dos a\u00f1os era de 500.000 residentes permanentes por a\u00f1o. Ahora, el objetivo para el pr\u00f3ximo a\u00f1o se ha fijado en 395.000 y se reducir\u00e1 a\u00fan m\u00e1s en 2026 (380.000) y 2027 (365.000).<\/p>\n<p>Los federales tambi\u00e9n planean reducir los residentes temporales en un 5 por ciento de la poblaci\u00f3n para fines de 2026, y agregaron que la poblaci\u00f3n &#8220;disminuir\u00e1 en los pr\u00f3ximos a\u00f1os a medida que significativamente m\u00e1s residentes temporales se conviertan en residentes permanentes o abandonen Canad\u00e1 en comparaci\u00f3n con los nuevos que lleguen&#8221;.<\/p>\n<p>En comparaci\u00f3n con el a\u00f1o anterior, el gobierno afirma que la poblaci\u00f3n de residentes temporales de Canad\u00e1 disminuir\u00e1 en 445.901 en 2025 y 445.662 en 2026. Se espera un aumento modesto de 17.439 en 2027.<\/p>\n<p>Las nuevas medidas se basan en las medidas anunciadas previamente por el gobierno para limitar los permisos de estudiantes internacionales y reformar el programa de trabajadores extranjeros temporales.<\/p>\n<p>Todas estas medidas se est\u00e1n implementando con un solo objetivo: &#8220;estabilizar nuestro crecimiento demogr\u00e1fico, dar tiempo a todos los niveles de gobierno para ponerse al d\u00eda, tiempo para hacer las inversiones necesarias en atenci\u00f3n m\u00e9dica, vivienda y servicios sociales para acomodar a m\u00e1s personas en el futuro&#8221;, comparti\u00f3 Trudeau.<\/p>\n<p>&#8220;Necesitamos que otros den un paso adelante y hagan su parte tambi\u00e9n. Demasiadas corporaciones han optado por abusar de nuestras medidas temporales empleadas para explotar a los trabajadores extranjeros mientras se niegan a contratar a canadienses por un salario justo, todo mientras, bajo la mirada de las provincias, algunas universidades est\u00e1n trayendo m\u00e1s estudiantes internacionales de los que las comunidades pueden acomodar&#8221;.<\/p>\n<p>Admiti\u00f3 que en los tiempos tumultuosos en los que Canad\u00e1 emergi\u00f3 de la pandemia, entre atender las necesidades laborales y mantener el crecimiento demogr\u00e1fico, el gobierno federal &#8220;no hizo las cosas bien&#8221;.<\/p>\n<p>&#8220;Hemos sido un pa\u00eds muy generoso y seguiremos si\u00e9ndolo&#8221;, dijo el Ministro Miller. &#8220;Las cifras que anunciamos hoy nos remontan aproximadamente a un plan muy ambicioso que se present\u00f3 en 2020. Reflejan el hecho de que hemos escuchado y seguiremos escuchando a los canadienses&#8221;.<\/p>\n","protected":false},"excerpt":{"rendered":"<p>&nbsp; Canad\u00e1 est\u00e1 reduciendo sus objetivos de inmigraci\u00f3n en al menos un 20 por ciento para el pr\u00f3ximo a\u00f1o. &nbsp; &nbsp; El Primer Ministro Justin&hellip;<\/p>\n","protected":false},"author":99,"featured_media":523570,"comment_status":"open","ping_status":"open","sticky":false,"template":"","format":"standard","meta":{"footnotes":""},"categories":[21,11191],"tags":[],"class_list":["post-523569","post","type-post","status-publish","format-standard","has-post-thumbnail","hentry","category-canada","category-top-news"],"_links":{"self":[{"href":"https:\/\/diarioelpopular.com\/index.php\/wp-json\/wp\/v2\/posts\/523569","targetHints":{"allow":["GET"]}}],"collection":[{"href":"https:\/\/diarioelpopular.com\/index.php\/wp-json\/wp\/v2\/posts"}],"about":[{"href":"https:\/\/diarioelpopular.com\/index.php\/wp-json\/wp\/v2\/types\/post"}],"author":[{"embeddable":true,"href":"https:\/\/diarioelpopular.com\/index.php\/wp-json\/wp\/v2\/users\/99"}],"replies":[{"embeddable":true,"href":"https:\/\/diarioelpopular.com\/index.php\/wp-json\/wp\/v2\/comments?post=523569"}],"version-history":[{"count":1,"href":"https:\/\/diarioelpopular.com\/index.php\/wp-json\/wp\/v2\/posts\/523569\/revisions"}],"predecessor-version":[{"id":523571,"href":"https:\/\/diarioelpopular.com\/index.php\/wp-json\/wp\/v2\/posts\/523569\/revisions\/523571"}],"wp:featuredmedia":[{"embeddable":true,"href":"https:\/\/diarioelpopular.com\/index.php\/wp-json\/wp\/v2\/media\/523570"}],"wp:attachment":[{"href":"https:\/\/diarioelpopular.com\/index.php\/wp-json\/wp\/v2\/media?parent=523569"}],"wp:term":[{"taxonomy":"category","embeddable":true,"href":"https:\/\/diarioelpopular.com\/index.php\/wp-json\/wp\/v2\/categories?post=523569"},{"taxonomy":"post_tag","embeddable":true,"href":"https:\/\/diarioelpopular.com\/index.php\/wp-json\/wp\/v2\/tags?post=523569"}],"curies":[{"name":"wp","href":"https:\/\/api.w.org\/{rel}","templated":true}]}}