{"id":523579,"date":"2024-10-25T09:30:43","date_gmt":"2024-10-25T13:30:43","guid":{"rendered":"https:\/\/diarioelpopular.com\/?p=523579"},"modified":"2024-10-25T09:30:43","modified_gmt":"2024-10-25T13:30:43","slug":"los-datos-dejan-mal-parada-la-politica-de-petro-contra-el-narcotrafico","status":"publish","type":"post","link":"https:\/\/diarioelpopular.com\/index.php\/2024\/10\/25\/los-datos-dejan-mal-parada-la-politica-de-petro-contra-el-narcotrafico\/","title":{"rendered":"Los datos dejan mal parada la pol\u00edtica de Petro contra el narcotr\u00e1fico"},"content":{"rendered":"<div id=\"attachment_523583\" style=\"width: 1210px\" class=\"wp-caption alignnone\"><img loading=\"lazy\" decoding=\"async\" aria-describedby=\"caption-attachment-523583\" class=\"wp-image-523583 size-custom-big-size\" src=\"https:\/\/diarioelpopular.com\/wp-content\/uploads\/2024\/10\/Screen-Shot-2024-10-25-at-9.29.52-AM-1200x775.png\" alt=\"\" width=\"1200\" height=\"775\" srcset=\"https:\/\/diarioelpopular.com\/wp-content\/uploads\/2024\/10\/Screen-Shot-2024-10-25-at-9.29.52-AM-1200x775.png 1200w, https:\/\/diarioelpopular.com\/wp-content\/uploads\/2024\/10\/Screen-Shot-2024-10-25-at-9.29.52-AM-300x194.png 300w, https:\/\/diarioelpopular.com\/wp-content\/uploads\/2024\/10\/Screen-Shot-2024-10-25-at-9.29.52-AM-768x496.png 768w, https:\/\/diarioelpopular.com\/wp-content\/uploads\/2024\/10\/Screen-Shot-2024-10-25-at-9.29.52-AM-85x55.png 85w, https:\/\/diarioelpopular.com\/wp-content\/uploads\/2024\/10\/Screen-Shot-2024-10-25-at-9.29.52-AM-636x411.png 636w, https:\/\/diarioelpopular.com\/wp-content\/uploads\/2024\/10\/Screen-Shot-2024-10-25-at-9.29.52-AM-113x73.png 113w, https:\/\/diarioelpopular.com\/wp-content\/uploads\/2024\/10\/Screen-Shot-2024-10-25-at-9.29.52-AM.png 1024w\" sizes=\"auto, (max-width: 1200px) 100vw, 1200px\" \/><p id=\"caption-attachment-523583\" class=\"wp-caption-text\">Soldados y polic\u00eda judicial documentan el escenario de un laboratorio masivo de coca\u00edna hallado en el Guaviare, Colombia, en mayo de 2023. Gena Steffens<\/p><\/div>\n<p>&nbsp;<\/p>\n<p>&nbsp;<\/p>\n<h4 class=\"a_st\"><em>&#8211; Aunque el Ejecutivo ha reivindicado el aumento en las toneladas de coca\u00edna incautadas en el \u00faltimo a\u00f1o, la producci\u00f3n ha crecido tanto que se trata de una parte m\u00e1s peque\u00f1a de la producci\u00f3n que en a\u00f1os anteriores<\/em><\/h4>\n<p>&nbsp;<\/p>\n<p class=\"\">El viernes pasado, el mismo d\u00eda que la oficina de las Naciones Unidas contra la Droga y el Delito (UNODC) expuso que en Colombia se incrementaron un 10% los cultivos de uso il\u00edcito en 2023, la ministra de Justicia anunci\u00f3 que regresar\u00eda la aspersi\u00f3n controlada con qu\u00edmicos distintos al glifosato, como forma justamente de afrontar el problema. Horas despu\u00e9s, el presidente Gustavo Petro anunci\u00f3 otra respuesta, en apariencia contraria a la mano dura de su subalterna: dijo que su Gobierno comprar\u00e1 coca a quienes la cultivan en 12.600 hect\u00e1reas del Ca\u00f1\u00f3n del Micay, el nuevo coraz\u00f3n del conflicto armado en el\u00a0<a href=\"https:\/\/elpais.com\/america-colombia\/2024-10-15\/el-plateado-de-pueblo-poco-conocido-a-simbolo-del-combate-con-las-disidencias-de-las-farc.html\" data-link-track-dtm=\"\" data-mrf-link=\"https:\/\/elpais.com\/america-colombia\/2024-10-15\/el-plateado-de-pueblo-poco-conocido-a-simbolo-del-combate-con-las-disidencias-de-las-farc.html\">Cauca<\/a>.<\/p>\n<p class=\"\">Esa aparente contradicci\u00f3n refleja una tensi\u00f3n. La agenda de drogas ha sido una de las banderas progresistas del presidente desde su \u00e9poca como senador, con una defensa permanente de dejar atr\u00e1s la prohibici\u00f3n de su producci\u00f3n y consumo para pasar a una regulaci\u00f3n por parte del Estado. Sus intenciones para lograrlo se han materializado en el anuncio del fin de semana pasado \u2014 tan previo que su ministro del Interior,\u00a0<a href=\"https:\/\/elpais.com\/america-colombia\/2024-07-22\/juan-fernando-cristo-si-no-cambiamos-la-forma-como-se-elige-el-congreso-no-se-van-a-acabar-nunca-los-escandalos-de-corrupcion.html\" data-link-track-dtm=\"\" data-mrf-link=\"https:\/\/elpais.com\/america-colombia\/2024-07-22\/juan-fernando-cristo-si-no-cambiamos-la-forma-como-se-elige-el-congreso-no-se-van-a-acabar-nunca-los-escandalos-de-corrupcion.html\">Juan Fernando Cristo<\/a>, dijo el lunes que \u201cla propuesta ser\u00e1 motivo de evaluaci\u00f3n del Gobierno, vamos a estudiarla\u201d\u2014y en el documento de una pol\u00edtica antidrogas que lanz\u00f3 en 2023 con dos pilares: asfixiar a los narcotraficantes y darle ox\u00edgeno a los eslabones m\u00e1s d\u00e9biles de la cadena.<\/p>\n<p class=\"\">Sin embargo, los primeros resultados del Gobierno no son positivos, seg\u00fan la informaci\u00f3n m\u00e1s reciente. El\u00a0<a href=\"https:\/\/elpais.com\/america-colombia\/2024-10-18\/colombia-bate-su-record-de-cultivos-de-coca-por-tercer-ano-consecutivo-con-25300-hectareas-en-2023.html\" target=\"_blank\" rel=\"noopener\" data-link-track-dtm=\"\" data-mrf-link=\"https:\/\/elpais.com\/america-colombia\/2024-10-18\/colombia-bate-su-record-de-cultivos-de-coca-por-tercer-ano-consecutivo-con-25300-hectareas-en-2023.html\">Sistema de Monitoreo de Cultivos Il\u00edcitos, Simci, muestra que el pa\u00eds cerr\u00f3 el 2023 con 23.000 hect\u00e1reas de sembrados de coca m\u00e1s que un a\u00f1o antes<\/a>, en una tendencia al incremento que viene desde 2013, con una ca\u00edda en el at\u00edpico y pand\u00e9mico 2020.<\/p>\n<p><img loading=\"lazy\" decoding=\"async\" class=\"alignnone size-custom-big-size wp-image-523580\" src=\"https:\/\/diarioelpopular.com\/wp-content\/uploads\/2024\/10\/Screen-Shot-2024-10-25-at-9.28.04-AM-1200x698.png\" alt=\"\" width=\"1200\" height=\"698\" srcset=\"https:\/\/diarioelpopular.com\/wp-content\/uploads\/2024\/10\/Screen-Shot-2024-10-25-at-9.28.04-AM-1200x698.png 1200w, https:\/\/diarioelpopular.com\/wp-content\/uploads\/2024\/10\/Screen-Shot-2024-10-25-at-9.28.04-AM-300x175.png 300w, https:\/\/diarioelpopular.com\/wp-content\/uploads\/2024\/10\/Screen-Shot-2024-10-25-at-9.28.04-AM-768x447.png 768w, https:\/\/diarioelpopular.com\/wp-content\/uploads\/2024\/10\/Screen-Shot-2024-10-25-at-9.28.04-AM-636x370.png 636w, https:\/\/diarioelpopular.com\/wp-content\/uploads\/2024\/10\/Screen-Shot-2024-10-25-at-9.28.04-AM-125x73.png 125w, https:\/\/diarioelpopular.com\/wp-content\/uploads\/2024\/10\/Screen-Shot-2024-10-25-at-9.28.04-AM.png 1024w\" sizes=\"auto, (max-width: 1200px) 100vw, 1200px\" \/><\/p>\n<p>&nbsp;<\/p>\n<p>Adem\u00e1s de ese dato, el informe realizado por los expertos de la UNODC indica que la producci\u00f3n potencial de coca\u00edna creci\u00f3 en un 53% en 2023. De acuerdo con el reporte, el a\u00f1o pasado el pa\u00eds pudo producir 2.664 toneladas de clorhidrato de coca\u00edna pura, el doble del dato de cinco a\u00f1os antes.<\/p>\n<p><img loading=\"lazy\" decoding=\"async\" class=\"alignnone size-custom-big-size wp-image-523581\" src=\"https:\/\/diarioelpopular.com\/wp-content\/uploads\/2024\/10\/Screen-Shot-2024-10-25-at-9.28.45-AM-1200x629.png\" alt=\"\" width=\"1200\" height=\"629\" srcset=\"https:\/\/diarioelpopular.com\/wp-content\/uploads\/2024\/10\/Screen-Shot-2024-10-25-at-9.28.45-AM-1200x629.png 1200w, https:\/\/diarioelpopular.com\/wp-content\/uploads\/2024\/10\/Screen-Shot-2024-10-25-at-9.28.45-AM-300x157.png 300w, https:\/\/diarioelpopular.com\/wp-content\/uploads\/2024\/10\/Screen-Shot-2024-10-25-at-9.28.45-AM-768x403.png 768w, https:\/\/diarioelpopular.com\/wp-content\/uploads\/2024\/10\/Screen-Shot-2024-10-25-at-9.28.45-AM-636x333.png 636w, https:\/\/diarioelpopular.com\/wp-content\/uploads\/2024\/10\/Screen-Shot-2024-10-25-at-9.28.45-AM-139x73.png 139w, https:\/\/diarioelpopular.com\/wp-content\/uploads\/2024\/10\/Screen-Shot-2024-10-25-at-9.28.45-AM.png 1024w\" sizes=\"auto, (max-width: 1200px) 100vw, 1200px\" \/><\/p>\n<p>&nbsp;<\/p>\n<p class=\"\">Aunque no es la primera vez que Luis Felipe Cruz, el investigador sobre asuntos de drogas de la organizaci\u00f3n Dejusticia, explica que se est\u00e1 produciendo m\u00e1s droga porque \u201cel mercado ilegal ha sido un motor de innovaci\u00f3n para que los campesinos maximicen sus beneficios\u201d. Una de las razones que encuentra es que se est\u00e1 aumentando la densidad de los cultivos de coca: las plantas que se siembran por hect\u00e1rea. Como fuere, la producci\u00f3n promedio de cada hect\u00e1rea fue la m\u00e1s alta de los a\u00f1os recientes, seg\u00fan los datos de la UNODC.<\/p>\n<div class=\"raw_html\"><img loading=\"lazy\" decoding=\"async\" class=\"alignnone size-custom-big-size wp-image-523582\" src=\"https:\/\/diarioelpopular.com\/wp-content\/uploads\/2024\/10\/Screen-Shot-2024-10-25-at-9.29.20-AM-1200x409.png\" alt=\"\" width=\"1200\" height=\"409\" srcset=\"https:\/\/diarioelpopular.com\/wp-content\/uploads\/2024\/10\/Screen-Shot-2024-10-25-at-9.29.20-AM-1200x409.png 1200w, https:\/\/diarioelpopular.com\/wp-content\/uploads\/2024\/10\/Screen-Shot-2024-10-25-at-9.29.20-AM-300x102.png 300w, https:\/\/diarioelpopular.com\/wp-content\/uploads\/2024\/10\/Screen-Shot-2024-10-25-at-9.29.20-AM-768x261.png 768w, https:\/\/diarioelpopular.com\/wp-content\/uploads\/2024\/10\/Screen-Shot-2024-10-25-at-9.29.20-AM-636x217.png 636w, https:\/\/diarioelpopular.com\/wp-content\/uploads\/2024\/10\/Screen-Shot-2024-10-25-at-9.29.20-AM-146x50.png 146w, https:\/\/diarioelpopular.com\/wp-content\/uploads\/2024\/10\/Screen-Shot-2024-10-25-at-9.29.20-AM.png 1024w\" sizes=\"auto, (max-width: 1200px) 100vw, 1200px\" \/><\/div>\n<div><\/div>\n<div><\/div>\n<div>\n<p class=\"\">Para Cruz, el crecimiento del 53% es inusualmente alto. En eso coincide Estefan\u00eda Ciro, doctora en Sociolog\u00eda e investigadora del Centro de Pensamiento desde la Amazonia AlaOrilladelR\u00edo, quien le dice a este diario que \u201cno es coherente que haya un incremento tan alto en la productividad, pero tan bajo en los cultivos\u201d. Sin embargo, los dos expertos concuerdan tambi\u00e9n en que no hay duda de que aument\u00f3 la producci\u00f3n en general, una cifra negativa para una pol\u00edtica antidrogas.<\/p>\n<p class=\"\">Eso, a pesar de la\u00a0<a href=\"https:\/\/elpais.com\/america-colombia\/2023-07-23\/el-negocio-de-la-coca-colapsa-y-asfixia-a-la-colombia-rural.html\" data-link-track-dtm=\"\" data-mrf-link=\"https:\/\/elpais.com\/america-colombia\/2023-07-23\/el-negocio-de-la-coca-colapsa-y-asfixia-a-la-colombia-rural.html\">crisis cocalera que se vivi\u00f3 en los \u00faltimos dos a\u00f1os<\/a>, que derrumb\u00f3 el precio en el mercado ilegal y dej\u00f3 a algunas zonas sin un mercado il\u00edcito pero necesario para subsistir. En Nari\u00f1o, el departamento con m\u00e1s cultivos de coca sembrados, la hoja de coca pas\u00f3 de costar $30.000 pesos (7 d\u00f3lares) por arroba, a poco menos de $8.000 pesos (1,8 d\u00f3lares) por los mismos 12,5 kilogramos.<\/p>\n<p class=\"\">Para la investigadora en temas de drogas Mar\u00eda Clara Torres, era claro que esa crisis no significaba el fin del cultivo, porque se ve\u00eda como algo pasajero y en todo caso no hab\u00eda alternativas econ\u00f3micas inmediatas. \u201cLa gente que vive de eso sabe que es un mercado de bonanzas y crisis constantes. Ellos saben adaptarse, entonces no lo erradican sino que \u2018soquean\u2019, cortan la mata sin arrancarla. La reducen de tama\u00f1o a la espera de que se vuelva a estabilizar el precio, porque as\u00ed ha funcionado desde comienzo de los a\u00f1os 80\u2033, se\u00f1ala en referencia al ya casi medio siglo en el que Colombia se ha convertido en el mayor productor de una droga cuyo mercado global ha crecido sin cesar. Ciro coincide, y a\u00f1ade que la mayor\u00eda de cocaleros de Nari\u00f1o, en la frontera andina con Ecuador, guardaron su producci\u00f3n en espera a que el precio repicara. \u201cLa gente ve la coca como la esperanza para vivir en el campo\u201d, dice.<\/p>\n<p class=\"\">Frente a esos datos de mayores cultivos (con sus consecuencias ambientales), producci\u00f3n r\u00e9cord y mejora en la productividad, el Gobierno ha reivindicado que su estrategia se concentra en la interdicci\u00f3n, es decir, en atacar la exportaci\u00f3n de la coca\u00edna. Se trata de la parte de asfixia de su pol\u00edtica, que ha buscado concentrarse no en el empobrecido campesino, sino en el poderoso narcotraficante. Y, por ello, ha subrayado el incremento en las toneladas incautadas, que en 2023 llegaron a 739,5, seg\u00fan el Ministerio de Defensa. Cifras, sin duda, mayores a las 659 de 2022. Pero Ciro se\u00f1ala que el dato no es tan positivo como parece. \u201cAs\u00ed como hay r\u00e9cord de incautaciones, hay r\u00e9cord en el mercado de coca\u00edna. \u201cEs l\u00f3gico que, cada vez que se produce m\u00e1s coca\u00edna, se incauta m\u00e1s\u201d, se\u00f1ala. En efecto, al comparar los datos de las incautaciones reportadas por el Ministerio y de la capacidad de producci\u00f3n del Simci, el porcentaje de coca\u00edna incautada ha ca\u00eddo en los \u00faltimos a\u00f1os.<\/p>\n<\/div>\n<p>Los expertos consultados comparten la preocupaci\u00f3n sobre que, aunque a\u00fan es temprano para hacer un balance de la pol\u00edtica antidrogas del Gobierno Petro, la apuesta a la sustituci\u00f3n voluntaria del cultivo no parece estar funcionando. En el Ca\u00f1\u00f3n del Micay, por ejemplo, donde el presidente anunci\u00f3 que el Estado comprar\u00e1 la hoja, el Gobierno tambi\u00e9n habl\u00f3 de sustituirla por cultivos de caf\u00e9. Torres advierte que esa apuesta es inviable y muestra la debilidad de la estrategia. \u201cUn cultivo de caf\u00e9 se demora tres a\u00f1os en dar sus primeras cosechas. Eso significa que el Gobierno no tendr\u00e1 forma de garantizar que su propio programa d\u00e9 los primeros frutos, porque le tocar\u00eda al pr\u00f3ximo mandatario\u201d. A eso se suma, adem\u00e1s, que para lograr el cambio de paradigma que ha propuesto la Casa de Nari\u00f1o, \u201chay que cambiar la ley y el C\u00f3digo Penal\u201d. Y, por ahora, con un Congreso en contra, el presidente est\u00e1 lejos de que su apuesta pol\u00edtica contra las drogas encuentre un espacio en la agenda pol\u00edtica.<\/p>\n","protected":false},"excerpt":{"rendered":"<p>&nbsp; &nbsp; &#8211; Aunque el Ejecutivo ha reivindicado el aumento en las toneladas de coca\u00edna incautadas en el \u00faltimo a\u00f1o, la producci\u00f3n ha crecido tanto&hellip;<\/p>\n","protected":false},"author":99,"featured_media":523583,"comment_status":"open","ping_status":"open","sticky":false,"template":"","format":"standard","meta":{"footnotes":""},"categories":[23],"tags":[],"class_list":["post-523579","post","type-post","status-publish","format-standard","has-post-thumbnail","hentry","category-latinoamerica"],"_links":{"self":[{"href":"https:\/\/diarioelpopular.com\/index.php\/wp-json\/wp\/v2\/posts\/523579","targetHints":{"allow":["GET"]}}],"collection":[{"href":"https:\/\/diarioelpopular.com\/index.php\/wp-json\/wp\/v2\/posts"}],"about":[{"href":"https:\/\/diarioelpopular.com\/index.php\/wp-json\/wp\/v2\/types\/post"}],"author":[{"embeddable":true,"href":"https:\/\/diarioelpopular.com\/index.php\/wp-json\/wp\/v2\/users\/99"}],"replies":[{"embeddable":true,"href":"https:\/\/diarioelpopular.com\/index.php\/wp-json\/wp\/v2\/comments?post=523579"}],"version-history":[{"count":1,"href":"https:\/\/diarioelpopular.com\/index.php\/wp-json\/wp\/v2\/posts\/523579\/revisions"}],"predecessor-version":[{"id":523584,"href":"https:\/\/diarioelpopular.com\/index.php\/wp-json\/wp\/v2\/posts\/523579\/revisions\/523584"}],"wp:featuredmedia":[{"embeddable":true,"href":"https:\/\/diarioelpopular.com\/index.php\/wp-json\/wp\/v2\/media\/523583"}],"wp:attachment":[{"href":"https:\/\/diarioelpopular.com\/index.php\/wp-json\/wp\/v2\/media?parent=523579"}],"wp:term":[{"taxonomy":"category","embeddable":true,"href":"https:\/\/diarioelpopular.com\/index.php\/wp-json\/wp\/v2\/categories?post=523579"},{"taxonomy":"post_tag","embeddable":true,"href":"https:\/\/diarioelpopular.com\/index.php\/wp-json\/wp\/v2\/tags?post=523579"}],"curies":[{"name":"wp","href":"https:\/\/api.w.org\/{rel}","templated":true}]}}