{"id":523589,"date":"2024-10-25T09:39:43","date_gmt":"2024-10-25T13:39:43","guid":{"rendered":"https:\/\/diarioelpopular.com\/?p=523589"},"modified":"2024-10-25T09:39:43","modified_gmt":"2024-10-25T13:39:43","slug":"escandalo-en-el-gobierno-de-milei-por-usar-falklands-en-un-comunicado-echaremos-al-responsable-malnacido","status":"publish","type":"post","link":"https:\/\/diarioelpopular.com\/index.php\/2024\/10\/25\/escandalo-en-el-gobierno-de-milei-por-usar-falklands-en-un-comunicado-echaremos-al-responsable-malnacido\/","title":{"rendered":"Esc\u00e1ndalo en el Gobierno de Milei por usar Falklands en un comunicado: \u201cEcharemos al responsable malnacido\u201d"},"content":{"rendered":"<div id=\"attachment_523590\" style=\"width: 1210px\" class=\"wp-caption alignnone\"><img loading=\"lazy\" decoding=\"async\" aria-describedby=\"caption-attachment-523590\" class=\"wp-image-523590 size-custom-big-size\" src=\"https:\/\/diarioelpopular.com\/wp-content\/uploads\/2024\/10\/Screen-Shot-2024-10-25-at-9.38.58-AM-1200x709.png\" alt=\"\" width=\"1200\" height=\"709\" srcset=\"https:\/\/diarioelpopular.com\/wp-content\/uploads\/2024\/10\/Screen-Shot-2024-10-25-at-9.38.58-AM-1200x709.png 1200w, https:\/\/diarioelpopular.com\/wp-content\/uploads\/2024\/10\/Screen-Shot-2024-10-25-at-9.38.58-AM-300x177.png 300w, https:\/\/diarioelpopular.com\/wp-content\/uploads\/2024\/10\/Screen-Shot-2024-10-25-at-9.38.58-AM-768x454.png 768w, https:\/\/diarioelpopular.com\/wp-content\/uploads\/2024\/10\/Screen-Shot-2024-10-25-at-9.38.58-AM-636x376.png 636w, https:\/\/diarioelpopular.com\/wp-content\/uploads\/2024\/10\/Screen-Shot-2024-10-25-at-9.38.58-AM-124x73.png 124w, https:\/\/diarioelpopular.com\/wp-content\/uploads\/2024\/10\/Screen-Shot-2024-10-25-at-9.38.58-AM.png 1024w\" sizes=\"auto, (max-width: 1200px) 100vw, 1200px\" \/><p id=\"caption-attachment-523590\" class=\"wp-caption-text\">El exprimer ministro de Reino Unido, Boris Johnson y su esposa Carrie Johnson, posan para una fotograf\u00eda con Javier Milei durante una visita a Argentina, el pasado 15 de octubre.RR SS<\/p><\/div>\n<p>&nbsp;<\/p>\n<p>&nbsp;<\/p>\n<h4 class=\"a_st\"><em>&#8211; La inclusi\u00f3n del t\u00e9rmino que usa el Reino Unido para identificar a las islas Malvinas desata una cacer\u00eda interna en el Gobierno, con cruce de acusaciones entre Canciller\u00eda y el Ministerio de Defensa<\/em><\/h4>\n<p>&nbsp;<\/p>\n<p class=\"\">El reclamo de soberan\u00eda de Argentina sobre las\u00a0<a href=\"https:\/\/elpais.com\/internacional\/2022-04-02\/argentina-reafirma-su-reclamo-de-soberania-a-40-anos-de-la-guerra-de-las-islas-malvinas.html\" data-link-track-dtm=\"\" data-mrf-link=\"https:\/\/elpais.com\/internacional\/2022-04-02\/argentina-reafirma-su-reclamo-de-soberania-a-40-anos-de-la-guerra-de-las-islas-malvinas.html\">islas Malvinas<\/a>\u00a0ha sido una pol\u00edtica de Estado inalterada en cuatro d\u00e9cadas de democracia y una de las pocas causas que no divide a la opini\u00f3n p\u00fablica argentina. A lo largo de todo el pa\u00eds hay calles, plazas, avenidas y municipios bautizados \u201cMalvinas argentinas\u201d.<\/p>\n<p class=\"\">La presencia de estas islas del Atl\u00e1ntico Sur es obligatoria en cualquier mapa oficial y cada 2 de abril se recuerda el inicio de la guerra librada \u2014y perdida\u2014 contra el Reino Unido en 1982 para recuperarlas. Javier Milei provoc\u00f3 un primer cortocircuito antes de llegar a la Presidencia, cuando\u00a0<a href=\"https:\/\/elpais.com\/argentina\/2023-11-13\/massa-lleva-a-milei-al-barro-en-el-ultimo-debate-presidencial-en-argentinamargaret-thatcher-es-tu-idola.html\" data-link-track-dtm=\"\" data-mrf-link=\"https:\/\/elpais.com\/argentina\/2023-11-13\/massa-lleva-a-milei-al-barro-en-el-ultimo-debate-presidencial-en-argentinamargaret-thatcher-es-tu-idola.html\">expres\u00f3 su admiraci\u00f3n por la ex primera ministra brit\u00e1nica Margaret Thatcher<\/a>, la mujer que derrot\u00f3 a Argentina. Ahora, su Gobierno se enfrenta a un nuevo temporal por la difusi\u00f3n de un comunicado oficial que identific\u00f3 el archipi\u00e9lago como Falklands, la denominaci\u00f3n brit\u00e1nica. Tras un cruce de acusaciones mutuas entre Canciller\u00eda y el Ministerio de Defensa, este \u00faltimo termin\u00f3 por admitir su responsabilidad. El titular de la cartera, Luis Petri, advirti\u00f3 que identificar\u00e1n al responsable y lo despedir\u00e1n.<\/p>\n<p class=\"\">\u201cEsto se va a saber porque ac\u00e1 el que manipul\u00f3 los datos dej\u00f3 las huellas pegadas. El sistema registra qui\u00e9n ingres\u00f3 y tuvo acceso a la modificaci\u00f3n de la nota\u201d, asegur\u00f3 Petri en radio Mitre. \u201cQueremos echar al responsable malnacido que cometi\u00f3 este acto malicioso\u201d, subray\u00f3.<\/p>\n<p class=\"\">El comunicado de la pol\u00e9mica informaba sobre la reuni\u00f3n que mantuvieron la semana pasada la canciller argentina, Diana Mondino, y el vicepresidente de la Cruz Roja Internacional, Gilles Carbonier. Ambos conversaron sobre el\u00a0<a href=\"https:\/\/elpais.com\/internacional\/2021-09-15\/cruz-roja-identifica-los-restos-de-combatientes-de-la-guerra-de-malvinas-enterrados-en-una-fosa-comun.html\" data-link-track-dtm=\"\" data-mrf-link=\"https:\/\/elpais.com\/internacional\/2021-09-15\/cruz-roja-identifica-los-restos-de-combatientes-de-la-guerra-de-malvinas-enterrados-en-una-fosa-comun.html\">programa de identificaci\u00f3n de cad\u00e1veres de combatientes de la guerra de Malvinas<\/a>, un proceso iniciado en 2012 por el que ya se ha puesto nombre a 121 v\u00edctimas que hab\u00edan sido enterradas bajo la leyenda \u201cNN Soldado Argentino s\u00f3lo conocido por Dios\u201d. Mondino recibi\u00f3 a Carbonier \u201cpara tratar la reanudaci\u00f3n de las negociaciones del Tercer Plan del Proyecto Humanitario, orientado a la identificaci\u00f3n de los combatientes argentinos ca\u00eddos en las Islas Falklands\/Malvinas\u2033, pod\u00eda leerse en el primer comunicado publicado en el sitio online del Gobierno argentino. Cuando estall\u00f3 el esc\u00e1ndalo, ese comunicado se elimin\u00f3 y fue reemplazado por otro en el que se hab\u00eda borrado la palabra Falklands.<\/p>\n<p class=\"\">En un primer momento todas las cr\u00edticas se dirigieron contra la Canciller\u00eda y, en especial, contra Mondino. La ministra, que\u00a0<a href=\"https:\/\/elpais.com\/argentina\/2024-05-04\/la-canciller-de-argentina-tras-la-inspeccion-a-una-estacion-espacial-china-en-la-patagonia-son-chinos-son-todos-iguales.html\" data-link-track-dtm=\"\" data-mrf-link=\"https:\/\/elpais.com\/argentina\/2024-05-04\/la-canciller-de-argentina-tras-la-inspeccion-a-una-estacion-espacial-china-en-la-patagonia-son-chinos-son-todos-iguales.html\">lleva meses en la cuerda floja por declaraciones que han provocado m\u00e1s de un problema diplom\u00e1tico<\/a>, sali\u00f3 con rapidez a negar su responsabilidad: \u201cEs absolutamente falso que desde Canciller\u00eda haya salido un comunicado donde llamamos a nuestras islas Malvinas con otro nombre\u201d.<\/p>\n<p class=\"\">La sospecha se traslad\u00f3 entonces al Ministerio de Defensa. Hubo silencio y, despu\u00e9s, un tuit que lo confirmaba y anticipaba represalias: \u201c[Petri] instruy\u00f3 a que se le realice un sumario de manera urgente al responsable para desvincularlo inmediatamente\u201d.<\/p>\n<p class=\"\">La autor\u00eda del comunicado se mantiene bajo llave, pero el ministro de Defensa hizo una reconstrucci\u00f3n de lo ocurrido. Seg\u00fan su versi\u00f3n, el coronel Jorge Zanella, quien tiene a cargo la Coordinaci\u00f3n de veteranos de la guerra de Malvinas, consider\u00f3 de gran inter\u00e9s la reuni\u00f3n entre Canciller\u00eda y la Cruz Roja y solicit\u00f3 que se publique el documento en el portal web de\u00a0<a href=\"http:\/\/argentina.gob.ar\/\" target=\"_blank\" rel=\"noopener\" data-link-track-dtm=\"\" data-mrf-link=\"http:\/\/argentina.gob.ar\/\">Argentina.gob.ar<\/a>. \u201cLa Coordinaci\u00f3n pide que se suba la nota y, cuando se sube, ah\u00ed s\u00ed aparentemente se habr\u00eda manipulado la gacetilla original, se habr\u00eda cambiado el texto y se habr\u00eda incorporado esta denominaci\u00f3n impropia de Malvinas. Con lo cual estamos iniciando todas las investigaciones para caer contra el responsable y aplicarle las m\u00e1ximas sanciones\u201d, indic\u00f3.<\/p>\n<p class=\"\">La pol\u00e9mica reaviv\u00f3 las cr\u00edticas por el acercamiento de Milei a las autoridades brit\u00e1nicas. Hace s\u00f3lo una semana, Milei recibi\u00f3 al ex primer ministro Boris Johnson en la Casa Rosada y este \u00faltimo sali\u00f3 a saludar al balc\u00f3n de la sede gubernamental. Seg\u00fan medios locales, Johnson se comprometi\u00f3 a presentarle a su \u00eddolo musical, Mick Jagger, el cantante de los Rolling Stones.<\/p>\n<p class=\"\">Petri asegur\u00f3 que la denominaci\u00f3n Falklands \u201cno refleja las posiciones\u201d del Gobierno de Javier Milei. \u201cNosotros reivindicamos a los h\u00e9roes de Malvinas, los hacemos marchar en los desfiles, reivindicamos la soberan\u00eda de las islas\u201d, concluy\u00f3.<\/p>\n","protected":false},"excerpt":{"rendered":"<p>&nbsp; &nbsp; &#8211; La inclusi\u00f3n del t\u00e9rmino que usa el Reino Unido para identificar a las islas Malvinas desata una cacer\u00eda interna en el Gobierno,&hellip;<\/p>\n","protected":false},"author":99,"featured_media":523590,"comment_status":"open","ping_status":"open","sticky":false,"template":"","format":"standard","meta":{"footnotes":""},"categories":[23],"tags":[],"class_list":["post-523589","post","type-post","status-publish","format-standard","has-post-thumbnail","hentry","category-latinoamerica"],"_links":{"self":[{"href":"https:\/\/diarioelpopular.com\/index.php\/wp-json\/wp\/v2\/posts\/523589","targetHints":{"allow":["GET"]}}],"collection":[{"href":"https:\/\/diarioelpopular.com\/index.php\/wp-json\/wp\/v2\/posts"}],"about":[{"href":"https:\/\/diarioelpopular.com\/index.php\/wp-json\/wp\/v2\/types\/post"}],"author":[{"embeddable":true,"href":"https:\/\/diarioelpopular.com\/index.php\/wp-json\/wp\/v2\/users\/99"}],"replies":[{"embeddable":true,"href":"https:\/\/diarioelpopular.com\/index.php\/wp-json\/wp\/v2\/comments?post=523589"}],"version-history":[{"count":1,"href":"https:\/\/diarioelpopular.com\/index.php\/wp-json\/wp\/v2\/posts\/523589\/revisions"}],"predecessor-version":[{"id":523591,"href":"https:\/\/diarioelpopular.com\/index.php\/wp-json\/wp\/v2\/posts\/523589\/revisions\/523591"}],"wp:featuredmedia":[{"embeddable":true,"href":"https:\/\/diarioelpopular.com\/index.php\/wp-json\/wp\/v2\/media\/523590"}],"wp:attachment":[{"href":"https:\/\/diarioelpopular.com\/index.php\/wp-json\/wp\/v2\/media?parent=523589"}],"wp:term":[{"taxonomy":"category","embeddable":true,"href":"https:\/\/diarioelpopular.com\/index.php\/wp-json\/wp\/v2\/categories?post=523589"},{"taxonomy":"post_tag","embeddable":true,"href":"https:\/\/diarioelpopular.com\/index.php\/wp-json\/wp\/v2\/tags?post=523589"}],"curies":[{"name":"wp","href":"https:\/\/api.w.org\/{rel}","templated":true}]}}