{"id":523640,"date":"2024-10-25T18:29:37","date_gmt":"2024-10-25T22:29:37","guid":{"rendered":"https:\/\/diarioelpopular.com\/?p=523640"},"modified":"2024-10-25T18:29:37","modified_gmt":"2024-10-25T22:29:37","slug":"el-director-del-banco-de-canada-dice-que-un-mundo-propenso-a-los-shocks-muestra-la-necesidad-de-productividad","status":"publish","type":"post","link":"https:\/\/diarioelpopular.com\/index.php\/2024\/10\/25\/el-director-del-banco-de-canada-dice-que-un-mundo-propenso-a-los-shocks-muestra-la-necesidad-de-productividad\/","title":{"rendered":"El director del Banco de Canad\u00e1 dice que un &#8220;mundo propenso a los shocks&#8221; muestra la necesidad de productividad"},"content":{"rendered":"<p>&nbsp;<\/p>\n<p><img loading=\"lazy\" decoding=\"async\" class=\"alignnone size-custom-full-size wp-image-523641\" src=\"https:\/\/diarioelpopular.com\/wp-content\/uploads\/2024\/10\/Screen-Shot-2024-10-25-at-6.29.13-PM-636x469.png\" alt=\"\" width=\"636\" height=\"469\" srcset=\"https:\/\/diarioelpopular.com\/wp-content\/uploads\/2024\/10\/Screen-Shot-2024-10-25-at-6.29.13-PM-636x469.png 636w, https:\/\/diarioelpopular.com\/wp-content\/uploads\/2024\/10\/Screen-Shot-2024-10-25-at-6.29.13-PM-300x221.png 300w, https:\/\/diarioelpopular.com\/wp-content\/uploads\/2024\/10\/Screen-Shot-2024-10-25-at-6.29.13-PM-768x567.png 768w, https:\/\/diarioelpopular.com\/wp-content\/uploads\/2024\/10\/Screen-Shot-2024-10-25-at-6.29.13-PM-99x73.png 99w, https:\/\/diarioelpopular.com\/wp-content\/uploads\/2024\/10\/Screen-Shot-2024-10-25-at-6.29.13-PM.png 802w\" sizes=\"auto, (max-width: 636px) 100vw, 636px\" \/><\/p>\n<p>&nbsp;<\/p>\n<ul>\n<li><em><strong>El gobernador del Banco de Canad\u00e1, Tiff Macklem, dice que el mundo se ha vuelto m\u00e1s propenso a los shocks de oferta, lo que crea m\u00e1s riesgos para la inflaci\u00f3n.<\/strong><\/em><\/li>\n<\/ul>\n<p>&nbsp;<\/p>\n<p>Dijo que ahora que la inflaci\u00f3n est\u00e1 bajo control, el banco central est\u00e1 en una mejor posici\u00f3n para lidiar con cualquier shock.<\/p>\n<p>Macklem habl\u00f3 con los periodistas desde Washington, donde asist\u00eda a las reuniones del Fondo Monetario Internacional.<\/p>\n<p>Habl\u00f3 sobre la necesidad de aumentar la productividad, o cu\u00e1nto trabajo se realiza en un per\u00edodo de tiempo determinado.<\/p>\n<p>Dijo que la productividad ha sido un problema de larga data en Canad\u00e1, lo que es un riesgo para el PIB y puede aumentar las presiones inflacionarias.<\/p>\n<p>Macklem tambi\u00e9n dijo que el Banco de Canad\u00e1 est\u00e1 digiriendo el anuncio del gobierno federal el jueves de que est\u00e1 recortando los objetivos de inmigraci\u00f3n para los pr\u00f3ximos a\u00f1os.<\/p>\n","protected":false},"excerpt":{"rendered":"<p>&nbsp; &nbsp; El gobernador del Banco de Canad\u00e1, Tiff Macklem, dice que el mundo se ha vuelto m\u00e1s propenso a los shocks de oferta, lo&hellip;<\/p>\n","protected":false},"author":99,"featured_media":523641,"comment_status":"open","ping_status":"open","sticky":false,"template":"","format":"standard","meta":{"footnotes":""},"categories":[21],"tags":[],"class_list":["post-523640","post","type-post","status-publish","format-standard","has-post-thumbnail","hentry","category-canada"],"_links":{"self":[{"href":"https:\/\/diarioelpopular.com\/index.php\/wp-json\/wp\/v2\/posts\/523640","targetHints":{"allow":["GET"]}}],"collection":[{"href":"https:\/\/diarioelpopular.com\/index.php\/wp-json\/wp\/v2\/posts"}],"about":[{"href":"https:\/\/diarioelpopular.com\/index.php\/wp-json\/wp\/v2\/types\/post"}],"author":[{"embeddable":true,"href":"https:\/\/diarioelpopular.com\/index.php\/wp-json\/wp\/v2\/users\/99"}],"replies":[{"embeddable":true,"href":"https:\/\/diarioelpopular.com\/index.php\/wp-json\/wp\/v2\/comments?post=523640"}],"version-history":[{"count":1,"href":"https:\/\/diarioelpopular.com\/index.php\/wp-json\/wp\/v2\/posts\/523640\/revisions"}],"predecessor-version":[{"id":523642,"href":"https:\/\/diarioelpopular.com\/index.php\/wp-json\/wp\/v2\/posts\/523640\/revisions\/523642"}],"wp:featuredmedia":[{"embeddable":true,"href":"https:\/\/diarioelpopular.com\/index.php\/wp-json\/wp\/v2\/media\/523641"}],"wp:attachment":[{"href":"https:\/\/diarioelpopular.com\/index.php\/wp-json\/wp\/v2\/media?parent=523640"}],"wp:term":[{"taxonomy":"category","embeddable":true,"href":"https:\/\/diarioelpopular.com\/index.php\/wp-json\/wp\/v2\/categories?post=523640"},{"taxonomy":"post_tag","embeddable":true,"href":"https:\/\/diarioelpopular.com\/index.php\/wp-json\/wp\/v2\/tags?post=523640"}],"curies":[{"name":"wp","href":"https:\/\/api.w.org\/{rel}","templated":true}]}}