{"id":523671,"date":"2024-10-26T10:59:38","date_gmt":"2024-10-26T14:59:38","guid":{"rendered":"https:\/\/diarioelpopular.com\/?p=523671"},"modified":"2024-10-26T10:59:38","modified_gmt":"2024-10-26T14:59:38","slug":"la-violencia-familiar-y-de-pareja-contra-los-hombres-esta-aumentando","status":"publish","type":"post","link":"https:\/\/diarioelpopular.com\/index.php\/2024\/10\/26\/la-violencia-familiar-y-de-pareja-contra-los-hombres-esta-aumentando\/","title":{"rendered":"La violencia familiar y de pareja contra los hombres est\u00e1 aumentando"},"content":{"rendered":"<p><img loading=\"lazy\" decoding=\"async\" class=\"alignnone size-custom-full-size wp-image-523672\" src=\"https:\/\/diarioelpopular.com\/wp-content\/uploads\/2024\/10\/Screen-Shot-2024-10-26-at-10.59.12-AM-636x478.png\" alt=\"\" width=\"636\" height=\"478\" srcset=\"https:\/\/diarioelpopular.com\/wp-content\/uploads\/2024\/10\/Screen-Shot-2024-10-26-at-10.59.12-AM-636x478.png 636w, https:\/\/diarioelpopular.com\/wp-content\/uploads\/2024\/10\/Screen-Shot-2024-10-26-at-10.59.12-AM-300x225.png 300w, https:\/\/diarioelpopular.com\/wp-content\/uploads\/2024\/10\/Screen-Shot-2024-10-26-at-10.59.12-AM-768x577.png 768w, https:\/\/diarioelpopular.com\/wp-content\/uploads\/2024\/10\/Screen-Shot-2024-10-26-at-10.59.12-AM-97x73.png 97w, https:\/\/diarioelpopular.com\/wp-content\/uploads\/2024\/10\/Screen-Shot-2024-10-26-at-10.59.12-AM.png 844w\" sizes=\"auto, (max-width: 636px) 100vw, 636px\" \/><\/p>\n<p>&nbsp;<\/p>\n<ul>\n<li><em><strong>La violencia familiar y de pareja en Canad\u00e1 est\u00e1 aumentando y, si bien las mujeres y las ni\u00f1as siguen siendo las principales v\u00edctimas, el n\u00famero de casos en los que los hombres y los ni\u00f1os son las v\u00edctimas tambi\u00e9n ha estado aumentando, seg\u00fan muestran los nuevos datos.<\/strong><\/em><\/li>\n<\/ul>\n<p>&nbsp;<\/p>\n<p>La violencia familiar denunciada por la polic\u00eda aument\u00f3 un 17 por ciento y la violencia de pareja un 13 por ciento entre 2018 y 2023, seg\u00fan un informe de Statistics Canada.<\/p>\n<p>En 2023, hubo un total de 139.020 v\u00edctimas de violencia familiar y 123.319 v\u00edctimas de violencia de pareja denunciadas a la polic\u00eda en todo el pa\u00eds.<\/p>\n<p>Esas cifras representan un aumento total del tres por ciento el a\u00f1o pasado en la violencia familiar, cometida por c\u00f3nyuges, padres, hijos, hermanos y miembros de la familia extendida, y un aumento total del uno por ciento en la violencia de pareja cometida por c\u00f3nyuges legalmente casados \u200b\u200bactuales y anteriores, parejas de hecho, parejas de novios y otros.<\/p>\n<p>\u201cSe observaron aumentos independientemente del g\u00e9nero, aunque fueron mayores para los hombres y los ni\u00f1os\u201d, se\u00f1al\u00f3 Statistics Canada en los datos.<\/p>\n<p>Humberto Carolo, director ejecutivo de White Ribbon, una organizaci\u00f3n canadiense que trabaja con hombres y ni\u00f1os para poner fin a la violencia y la discriminaci\u00f3n de g\u00e9nero, dijo que los datos son \u201cpreocupantes\u201d, pero probablemente no se denuncian, ya que muchas personas no denuncian o no pueden buscar apoyo.<\/p>\n<p>La tasa de violencia familiar denunciada para mujeres y ni\u00f1as en 2023 fue el doble de la denunciada para hombres y ni\u00f1os, mientras que las denuncias de violencia de pareja fueron casi cuatro veces m\u00e1s altas.<\/p>\n<p>Las mujeres y las ni\u00f1as tambi\u00e9n constituyeron la mayor\u00eda de las v\u00edctimas de este tipo de violencia el a\u00f1o pasado.<\/p>\n<p>Esto ocurre cuando el t\u00e9rmino \u201cfeminicidio\u201d, generalmente definido como el asesinato de una mujer o ni\u00f1a en funci\u00f3n de su g\u00e9nero, fue utilizado por primera vez en agosto por el Servicio de Polic\u00eda de Ottawa.<\/p>\n<p>Carolo dijo que el impacto desproporcionado de la violencia en las mujeres y las ni\u00f1as tiene su ra\u00edz en el \u201cdesequilibrio de poder\u201d que existe entre hombres y mujeres, as\u00ed como en la forma en que los ni\u00f1os y los j\u00f3venes suelen ser socializados para ser dominantes y contener sus emociones.<\/p>\n<p>\u201cMuchos hombres recurren a la violencia como una forma de abordar sus dolores, como una forma de controlar la situaci\u00f3n y eso tiene un impacto significativo en las vidas de las mujeres y las ni\u00f1as que son las v\u00edctimas de esa experiencia, de esas acciones, de esa violencia\u201d, dijo.<\/p>\n<p><em><strong>\u00bfPor qu\u00e9 los hombres informan de un aumento mayor de la violencia familiar?<\/strong><\/em><br \/>\nLos datos de StatCan mostraron que la tasa de violencia familiar observada contra hombres y ni\u00f1os aument\u00f3 un 19 por ciento y la tasa de violencia de pareja aument\u00f3 un 20 por ciento entre 2018 y 2023.<\/p>\n<p>En comparaci\u00f3n, las mujeres y las ni\u00f1as informaron de un aumento del 15 por ciento en la tasa de violencia familiar y un aumento del 12 por ciento en la tasa de violencia de pareja durante ese mismo per\u00edodo de tiempo.<\/p>\n<p>Este aumento es digno de menci\u00f3n porque puede reflejar una mayor concienciaci\u00f3n y una mejor educaci\u00f3n tras el movimiento Me Too que comenz\u00f3 en 2017 y que est\u00e1 llevando a que \u201cm\u00e1s hombres den un paso al frente\u201d, dijo Carolo.<\/p>\n<p>\u201cEstamos tratando de romper esos estereotipos, expectativas y normas de g\u00e9nero donde se espera que los hombres simplemente toleren los desaf\u00edos y las dificultades en su vida\u201d, dijo.<\/p>\n<p>\u201cEn cambio, estamos alentando a los hombres a salir de esos estereotipos y a presentarse y buscar ayuda para lidiar con las dificultades, el estr\u00e9s, las crisis y, en muchos casos, la violencia que tambi\u00e9n est\u00e1n experimentando\u201d.<\/p>\n<p>StatCan se\u00f1al\u00f3 una investigaci\u00f3n que sugiere que \u201clos hombres y los ni\u00f1os que experimentan violencia de pareja pueden ser m\u00e1s reacios a denunciarlo a las autoridades debido al estigma que rodea a las v\u00edctimas masculinas\u201d.<\/p>\n<p>Seg\u00fan la Agencia de Salud P\u00fablica de Canad\u00e1, a algunos hombres y ni\u00f1os les resulta dif\u00edcil hablar sobre la violencia de pareja debido a la presi\u00f3n de parecer fuertes, en control y como si no necesitaran ayuda.<\/p>\n<p>Carolo dijo que parece haber una mejor comprensi\u00f3n entre los hombres y los ni\u00f1os de los signos de violencia, su impacto y la necesidad de buscar apoyo para prevenir la escalada.<\/p>\n<p><em><strong>\u00bfEst\u00e1n aumentando tambi\u00e9n otros tipos de violencia?<\/strong><\/em><br \/>\nLa violencia familiar contra ni\u00f1os, j\u00f3venes y personas mayores se dispar\u00f3 a un nivel r\u00e9cord el a\u00f1o pasado, inform\u00f3 tambi\u00e9n StatCan.<\/p>\n<p>La violencia familiar contra ni\u00f1os y j\u00f3venes provino con mayor frecuencia de uno de los padres (60 por ciento), mientras que la violencia contra personas mayores fue perpetrada por su hijo en el 35 por ciento de los casos.<\/p>\n<p>Carolo dijo que se necesita una mayor inversi\u00f3n en prevenci\u00f3n primaria, as\u00ed como una concienciaci\u00f3n continua para hombres y ni\u00f1os, en particular, para ayudarlos a &#8220;romper esos estereotipos&#8221;.<\/p>\n<p>Desarrollar programas comunitarios, poner fin a los prejuicios policiales y proporcionar una mejor capacitaci\u00f3n y capacidad a las fuerzas del orden tambi\u00e9n podr\u00eda ayudar a frenar la violencia, dijo.<\/p>\n<p>Carolo inst\u00f3 a la gente a hablar cuando vean signos de violencia, ya sea en casa, en el vecindario o incluso en el lugar de trabajo.<\/p>\n","protected":false},"excerpt":{"rendered":"<p>&nbsp; La violencia familiar y de pareja en Canad\u00e1 est\u00e1 aumentando y, si bien las mujeres y las ni\u00f1as siguen siendo las principales v\u00edctimas, el&hellip;<\/p>\n","protected":false},"author":99,"featured_media":523672,"comment_status":"open","ping_status":"open","sticky":false,"template":"","format":"standard","meta":{"footnotes":""},"categories":[21],"tags":[],"class_list":["post-523671","post","type-post","status-publish","format-standard","has-post-thumbnail","hentry","category-canada"],"_links":{"self":[{"href":"https:\/\/diarioelpopular.com\/index.php\/wp-json\/wp\/v2\/posts\/523671","targetHints":{"allow":["GET"]}}],"collection":[{"href":"https:\/\/diarioelpopular.com\/index.php\/wp-json\/wp\/v2\/posts"}],"about":[{"href":"https:\/\/diarioelpopular.com\/index.php\/wp-json\/wp\/v2\/types\/post"}],"author":[{"embeddable":true,"href":"https:\/\/diarioelpopular.com\/index.php\/wp-json\/wp\/v2\/users\/99"}],"replies":[{"embeddable":true,"href":"https:\/\/diarioelpopular.com\/index.php\/wp-json\/wp\/v2\/comments?post=523671"}],"version-history":[{"count":1,"href":"https:\/\/diarioelpopular.com\/index.php\/wp-json\/wp\/v2\/posts\/523671\/revisions"}],"predecessor-version":[{"id":523673,"href":"https:\/\/diarioelpopular.com\/index.php\/wp-json\/wp\/v2\/posts\/523671\/revisions\/523673"}],"wp:featuredmedia":[{"embeddable":true,"href":"https:\/\/diarioelpopular.com\/index.php\/wp-json\/wp\/v2\/media\/523672"}],"wp:attachment":[{"href":"https:\/\/diarioelpopular.com\/index.php\/wp-json\/wp\/v2\/media?parent=523671"}],"wp:term":[{"taxonomy":"category","embeddable":true,"href":"https:\/\/diarioelpopular.com\/index.php\/wp-json\/wp\/v2\/categories?post=523671"},{"taxonomy":"post_tag","embeddable":true,"href":"https:\/\/diarioelpopular.com\/index.php\/wp-json\/wp\/v2\/tags?post=523671"}],"curies":[{"name":"wp","href":"https:\/\/api.w.org\/{rel}","templated":true}]}}