{"id":523736,"date":"2024-10-27T11:17:45","date_gmt":"2024-10-27T15:17:45","guid":{"rendered":"https:\/\/diarioelpopular.com\/?p=523736"},"modified":"2024-10-27T11:17:45","modified_gmt":"2024-10-27T15:17:45","slug":"la-rebelion-liberal-contra-trudeau-es-una-situacion-de-perdida-perdida-para-todos-los-bandos-experto","status":"publish","type":"post","link":"https:\/\/diarioelpopular.com\/index.php\/2024\/10\/27\/la-rebelion-liberal-contra-trudeau-es-una-situacion-de-perdida-perdida-para-todos-los-bandos-experto\/","title":{"rendered":"La rebeli\u00f3n liberal contra Trudeau es una \u201csituaci\u00f3n de p\u00e9rdida-p\u00e9rdida\u201d para todos los bandos: experto"},"content":{"rendered":"<div id=\"attachment_523741\" style=\"width: 646px\" class=\"wp-caption alignnone\"><img loading=\"lazy\" decoding=\"async\" aria-describedby=\"caption-attachment-523741\" class=\"wp-image-523741 size-custom-full-size\" src=\"https:\/\/diarioelpopular.com\/wp-content\/uploads\/2024\/10\/Screen-Shot-2024-10-27-at-11.16.48-AM-636x425.png\" alt=\"\" width=\"636\" height=\"425\" srcset=\"https:\/\/diarioelpopular.com\/wp-content\/uploads\/2024\/10\/Screen-Shot-2024-10-27-at-11.16.48-AM-636x425.png 636w, https:\/\/diarioelpopular.com\/wp-content\/uploads\/2024\/10\/Screen-Shot-2024-10-27-at-11.16.48-AM-300x201.png 300w, https:\/\/diarioelpopular.com\/wp-content\/uploads\/2024\/10\/Screen-Shot-2024-10-27-at-11.16.48-AM-768x514.png 768w, https:\/\/diarioelpopular.com\/wp-content\/uploads\/2024\/10\/Screen-Shot-2024-10-27-at-11.16.48-AM-1200x802.png 1200w, https:\/\/diarioelpopular.com\/wp-content\/uploads\/2024\/10\/Screen-Shot-2024-10-27-at-11.16.48-AM-109x73.png 109w, https:\/\/diarioelpopular.com\/wp-content\/uploads\/2024\/10\/Screen-Shot-2024-10-27-at-11.16.48-AM.png 1024w\" sizes=\"auto, (max-width: 636px) 100vw, 636px\" \/><p id=\"caption-attachment-523741\" class=\"wp-caption-text\">El primer ministro Justin Trudeau escucha la pregunta de un periodista durante una conferencia de prensa en Parliament Hill en Ottawa, el lunes 14 de octubre de 2024.\u00a0 \u00a0 \u00a0 \u00a0 \u00a0 \u00a0 \u00a0 \u00a0 \u00a0 \u00a0 \u00a0 \u00a0 \u00a0 \u00a0 \u00a0 \u00a0 \u00a0 \u00a0 \u00a0 \u00a0 \u00a0 \u00a0 \u00a0 \u00a0 \u00a0 \u00a0 \u00a0 \u00a0THE CANADIAN PRESS\/Justin Tang. JDT Deja un comentario<\/p><\/div>\n<p>&nbsp;<\/p>\n<p>&nbsp;<\/p>\n<p>&nbsp;<\/p>\n<ul>\n<li><em><strong>La rebeli\u00f3n de algunos parlamentarios liberales contra el liderazgo del primer ministro Justin Trudeau puede no haber llevado a su destituci\u00f3n, pero un analista pol\u00edtico dice que las tensiones dentro del partido durar\u00e1n alg\u00fan tiempo y pueden da\u00f1ar a\u00fan m\u00e1s las perspectivas electorales de los liberales.<\/strong><\/em><\/li>\n<\/ul>\n<p>&nbsp;<\/p>\n<p>&nbsp;<\/p>\n<p>Trudeau dej\u00f3 en claro el jueves que permanecer\u00eda como l\u00edder despu\u00e9s de que algunos parlamentarios liberales firmaran un documento interno pidiendo al primer ministro que se hiciera a un lado, y esos miembros expresaron sus frustraciones a Trudeau en una reuni\u00f3n del grupo parlamentario que dur\u00f3 horas el mi\u00e9rcoles.<\/p>\n<p>En una entrevista que se emiti\u00f3 el domingo en The West Block, Lori Turnbull, profesora de ciencias pol\u00edticas en la Universidad de Dalhousie, le dijo a la presentadora Mercedes Stephenson que la promesa de Trudeau de quedarse significa que nada ha cambiado desde antes de que comenzara la revuelta liberal interna, sin capacidad para que los miembros del grupo parlamentario disidentes fuercen la renuncia de Trudeau.<\/p>\n<p>\u201cAhora creo que todo se vuelve inc\u00f3modo por un tiempo\u201d, dijo Turnbull. \u201cY veremos cu\u00e1nto puede durar eso hasta las pr\u00f3ximas elecciones\u201d.<\/p>\n<p>Los liberales no han adoptado los poderes que se ponen a disposici\u00f3n de los partidos en virtud de la Ley de Reforma, que incluye la opci\u00f3n de que al menos el 20 por ciento del grupo parlamentario de un partido active una revisi\u00f3n del liderazgo si un grupo parlamentario vota a favor de adoptar la ley, lo que tienen la oportunidad de hacer despu\u00e9s de las elecciones federales.<\/p>\n<p>El grupo parlamentario conservador lo ha hecho y se convirti\u00f3 en el primer partido en invocar la legislaci\u00f3n federal para forzar una votaci\u00f3n sobre si mantener a Erin O\u2019Toole como l\u00edder en 2022, lo que llev\u00f3 a su destituci\u00f3n y a la posterior elecci\u00f3n del l\u00edder conservador Pierre Poilievre.<\/p>\n<p>Turnbull dijo que los liberales estar\u00edan en una mejor posici\u00f3n hoy si tuvieran esos mismos mecanismos en funcionamiento.<\/p>\n<p>\u201cDesde la perspectiva de Justin Trudeau, (\u00e9l puede decir): \u2018\u00bfSaben qu\u00e9? Si quieren echarme, consigan los n\u00fameros y si tienen los n\u00fameros, me voy. Y si no, c\u00e1llense\u2019\u201d, dijo. \u201cY ser\u00eda mejor para el grupo parlamentario porque realmente tendr\u00edan un mecanismo para hacerlo. Habr\u00eda claridad.<\/p>\n<p>\u201cEn este momento, es el peor de los mundos\u201d.<\/p>\n<p>Cuanto m\u00e1s dure el disenso dentro de los liberales, dijo Tunrbull, m\u00e1s dif\u00edcil ser\u00e1 para Trudeau y su partido defender ante los canadienses por qu\u00e9 merecen ser elegidos y ganar un cuarto mandato.<\/p>\n<p>\u201cEs una situaci\u00f3n en la que todos pierden\u201d, dijo.<\/p>\n<p>Los liberales han pasado m\u00e1s de un a\u00f1o con un d\u00e9ficit de dos d\u00edgitos en las encuestas frente a los conservadores, que se han beneficiado de la creciente ira p\u00fablica hacia Trudeau y su enfoque lento de las preocupaciones sobre la asequibilidad.<\/p>\n<p>Una encuesta realizada para Global News por Ipsos en septiembre encontr\u00f3 que la popularidad de Trudeau estaba en un \u201cnuevo m\u00ednimo\u201d en sus nueve a\u00f1os como primer ministro.<\/p>\n<p>Turnbull dijo que si bien los desaf\u00edos de liderazgo anteriores han sido menos urgentes, la actual revuelta liberal se basa en los temores de los parlamentarios sobre su propia supervivencia pol\u00edtica.<\/p>\n<p>\u201cCreo que los peores escenarios para los liberales son bastante malos\u201d, dijo.<\/p>\n<p>\u201cAlgunas de estas personas dicen: \u2018Si Justin Trudeau no se hace a un lado, voy a perder mi asiento. Creo que mucha gente va a perder el suyo. \u00bfHay alguna manera de que \u00e9l haga un sacrificio por el equipo y deje que alguien m\u00e1s entre, para ver si podemos salvar algo?\u2019\u201d<\/p>\n<p>Hasta ahora, ning\u00fan miembro del grupo parlamentario ha surgido p\u00fablicamente como un posible sucesor.<\/p>\n<p>La ex primera ministra de Columbia Brit\u00e1nica, Christy Clark, dijo la semana pasada que quer\u00eda ser \u201cparte de la conversaci\u00f3n\u201d sobre el futuro de los liberales federales en caso de que Trudeau decida hacerse a un lado.<\/p>\n","protected":false},"excerpt":{"rendered":"<p>&nbsp; &nbsp; &nbsp; La rebeli\u00f3n de algunos parlamentarios liberales contra el liderazgo del primer ministro Justin Trudeau puede no haber llevado a su destituci\u00f3n, pero&hellip;<\/p>\n","protected":false},"author":99,"featured_media":523741,"comment_status":"open","ping_status":"open","sticky":false,"template":"","format":"standard","meta":{"footnotes":""},"categories":[21,11191],"tags":[],"class_list":["post-523736","post","type-post","status-publish","format-standard","has-post-thumbnail","hentry","category-canada","category-top-news"],"_links":{"self":[{"href":"https:\/\/diarioelpopular.com\/index.php\/wp-json\/wp\/v2\/posts\/523736","targetHints":{"allow":["GET"]}}],"collection":[{"href":"https:\/\/diarioelpopular.com\/index.php\/wp-json\/wp\/v2\/posts"}],"about":[{"href":"https:\/\/diarioelpopular.com\/index.php\/wp-json\/wp\/v2\/types\/post"}],"author":[{"embeddable":true,"href":"https:\/\/diarioelpopular.com\/index.php\/wp-json\/wp\/v2\/users\/99"}],"replies":[{"embeddable":true,"href":"https:\/\/diarioelpopular.com\/index.php\/wp-json\/wp\/v2\/comments?post=523736"}],"version-history":[{"count":1,"href":"https:\/\/diarioelpopular.com\/index.php\/wp-json\/wp\/v2\/posts\/523736\/revisions"}],"predecessor-version":[{"id":523742,"href":"https:\/\/diarioelpopular.com\/index.php\/wp-json\/wp\/v2\/posts\/523736\/revisions\/523742"}],"wp:featuredmedia":[{"embeddable":true,"href":"https:\/\/diarioelpopular.com\/index.php\/wp-json\/wp\/v2\/media\/523741"}],"wp:attachment":[{"href":"https:\/\/diarioelpopular.com\/index.php\/wp-json\/wp\/v2\/media?parent=523736"}],"wp:term":[{"taxonomy":"category","embeddable":true,"href":"https:\/\/diarioelpopular.com\/index.php\/wp-json\/wp\/v2\/categories?post=523736"},{"taxonomy":"post_tag","embeddable":true,"href":"https:\/\/diarioelpopular.com\/index.php\/wp-json\/wp\/v2\/tags?post=523736"}],"curies":[{"name":"wp","href":"https:\/\/api.w.org\/{rel}","templated":true}]}}