{"id":523781,"date":"2024-10-28T09:17:12","date_gmt":"2024-10-28T13:17:12","guid":{"rendered":"https:\/\/diarioelpopular.com\/?p=523781"},"modified":"2024-10-28T09:17:12","modified_gmt":"2024-10-28T13:17:12","slug":"un-vehiculo-sospechoso-de-participar-en-un-tiroteo-en-toronto-se-estrella-contra-una-escuela-y-se-incendia-policia","status":"publish","type":"post","link":"https:\/\/diarioelpopular.com\/index.php\/2024\/10\/28\/un-vehiculo-sospechoso-de-participar-en-un-tiroteo-en-toronto-se-estrella-contra-una-escuela-y-se-incendia-policia\/","title":{"rendered":"Un veh\u00edculo sospechoso de participar en un tiroteo en Toronto se estrella contra una escuela y se incendia: polic\u00eda"},"content":{"rendered":"<div id=\"attachment_523786\" style=\"width: 1210px\" class=\"wp-caption alignnone\"><img loading=\"lazy\" decoding=\"async\" aria-describedby=\"caption-attachment-523786\" class=\"wp-image-523786 size-custom-big-size\" src=\"https:\/\/diarioelpopular.com\/wp-content\/uploads\/2024\/10\/Screen-Shot-2024-10-28-at-9.16.15-AM-1200x676.png\" alt=\"\" width=\"1200\" height=\"676\" srcset=\"https:\/\/diarioelpopular.com\/wp-content\/uploads\/2024\/10\/Screen-Shot-2024-10-28-at-9.16.15-AM-1200x676.png 1200w, https:\/\/diarioelpopular.com\/wp-content\/uploads\/2024\/10\/Screen-Shot-2024-10-28-at-9.16.15-AM-300x169.png 300w, https:\/\/diarioelpopular.com\/wp-content\/uploads\/2024\/10\/Screen-Shot-2024-10-28-at-9.16.15-AM-768x433.png 768w, https:\/\/diarioelpopular.com\/wp-content\/uploads\/2024\/10\/Screen-Shot-2024-10-28-at-9.16.15-AM-636x358.png 636w, https:\/\/diarioelpopular.com\/wp-content\/uploads\/2024\/10\/Screen-Shot-2024-10-28-at-9.16.15-AM-130x73.png 130w, https:\/\/diarioelpopular.com\/wp-content\/uploads\/2024\/10\/Screen-Shot-2024-10-28-at-9.16.15-AM.png 1024w\" sizes=\"auto, (max-width: 1200px) 100vw, 1200px\" \/><p id=\"caption-attachment-523786\" class=\"wp-caption-text\">La polic\u00eda dice que el conductor de un veh\u00edculo involucrado en un tiroteo en el centro de Toronto el 27 de octubre de 2024 se estrell\u00f3 contra una escuela en Etobicoke y fue arrestado. (CP24\/Jacob Estrin)<\/p><\/div>\n<p>&nbsp;<\/p>\n<p>&nbsp;<\/p>\n<ul>\n<li><em><strong>La polic\u00eda de Toronto dijo que un veh\u00edculo sospechoso de participar en un tiroteo en el centro de la ciudad el domingo por la noche que dej\u00f3 a una persona gravemente herida se estrell\u00f3 contra una escuela de Etobicoke y se incendi\u00f3.<\/strong><\/em><\/li>\n<\/ul>\n<p>&nbsp;<\/p>\n<p>&nbsp;<\/p>\n<p>Los oficiales fueron llamados a la zona de las calles Sherbourne y Dundas poco antes de las 9:30 p.m. por informes de disparos. Cuando llegaron al lugar, la polic\u00eda dijo que encontraron a una v\u00edctima masculina con heridas graves, pero que no pon\u00edan en peligro su vida.<\/p>\n<p>Dos sospechosos, identificados por la polic\u00eda solo como un hombre y una mujer, fueron vistos huyendo de la escena en un veh\u00edculo.<\/p>\n<p>El veh\u00edculo fue ubicado m\u00e1s tarde a m\u00e1s de 25 kil\u00f3metros de la escena del tiroteo, en Etobicoke, y estuvo involucrado en un choque de un solo veh\u00edculo. Un sospechoso huy\u00f3 del lugar a pie y fue arrestado. Fueron llevados bajo detenci\u00f3n, al hospital como medida de precauci\u00f3n.<\/p>\n<p>En un correo electr\u00f3nico enviado a CP24 este lunes por la ma\u00f1ana, la polic\u00eda confirm\u00f3 que el veh\u00edculo se estrell\u00f3 contra la escuela secundaria Dixon Grove, cerca de The Westway y Kipling Avenue, y se incendi\u00f3. La polic\u00eda no dijo si hab\u00eda alguien dentro del edificio en ese momento.<\/p>\n<p>Si bien no est\u00e1 claro si la polic\u00eda particip\u00f3 en la persecuci\u00f3n del veh\u00edculo sospechoso antes del accidente, un portavoz de la polic\u00eda de Toronto dijo que la Unidad de Investigaciones Especiales no ha invocado su mandato.<\/p>\n<p>Se recuper\u00f3 un arma de fuego en el momento del arresto, dijo la polic\u00eda, y agreg\u00f3 que no hay otros sospechosos pendientes.<\/p>\n<p>La polic\u00eda no ha identificado todav\u00eda a los sospechosos y no est\u00e1 claro a qu\u00e9 cargos se enfrentan.<\/p>\n","protected":false},"excerpt":{"rendered":"<p>&nbsp; &nbsp; La polic\u00eda de Toronto dijo que un veh\u00edculo sospechoso de participar en un tiroteo en el centro de la ciudad el domingo por&hellip;<\/p>\n","protected":false},"author":99,"featured_media":523786,"comment_status":"open","ping_status":"open","sticky":false,"template":"","format":"standard","meta":{"footnotes":""},"categories":[11364],"tags":[],"class_list":["post-523781","post","type-post","status-publish","format-standard","has-post-thumbnail","hentry","category-toronto-gta"],"_links":{"self":[{"href":"https:\/\/diarioelpopular.com\/index.php\/wp-json\/wp\/v2\/posts\/523781","targetHints":{"allow":["GET"]}}],"collection":[{"href":"https:\/\/diarioelpopular.com\/index.php\/wp-json\/wp\/v2\/posts"}],"about":[{"href":"https:\/\/diarioelpopular.com\/index.php\/wp-json\/wp\/v2\/types\/post"}],"author":[{"embeddable":true,"href":"https:\/\/diarioelpopular.com\/index.php\/wp-json\/wp\/v2\/users\/99"}],"replies":[{"embeddable":true,"href":"https:\/\/diarioelpopular.com\/index.php\/wp-json\/wp\/v2\/comments?post=523781"}],"version-history":[{"count":1,"href":"https:\/\/diarioelpopular.com\/index.php\/wp-json\/wp\/v2\/posts\/523781\/revisions"}],"predecessor-version":[{"id":523787,"href":"https:\/\/diarioelpopular.com\/index.php\/wp-json\/wp\/v2\/posts\/523781\/revisions\/523787"}],"wp:featuredmedia":[{"embeddable":true,"href":"https:\/\/diarioelpopular.com\/index.php\/wp-json\/wp\/v2\/media\/523786"}],"wp:attachment":[{"href":"https:\/\/diarioelpopular.com\/index.php\/wp-json\/wp\/v2\/media?parent=523781"}],"wp:term":[{"taxonomy":"category","embeddable":true,"href":"https:\/\/diarioelpopular.com\/index.php\/wp-json\/wp\/v2\/categories?post=523781"},{"taxonomy":"post_tag","embeddable":true,"href":"https:\/\/diarioelpopular.com\/index.php\/wp-json\/wp\/v2\/tags?post=523781"}],"curies":[{"name":"wp","href":"https:\/\/api.w.org\/{rel}","templated":true}]}}