{"id":523790,"date":"2024-10-28T09:27:05","date_gmt":"2024-10-28T13:27:05","guid":{"rendered":"https:\/\/diarioelpopular.com\/?p=523790"},"modified":"2024-10-28T09:27:05","modified_gmt":"2024-10-28T13:27:05","slug":"grupo-de-medicos-canadienses-dicen-que-las-notas-medicas-laborales-deben-desaparecer","status":"publish","type":"post","link":"https:\/\/diarioelpopular.com\/index.php\/2024\/10\/28\/grupo-de-medicos-canadienses-dicen-que-las-notas-medicas-laborales-deben-desaparecer\/","title":{"rendered":"Grupo de m\u00e9dicos canadienses dicen que las notas m\u00e9dicas laborales deben desaparecer"},"content":{"rendered":"<p><img loading=\"lazy\" decoding=\"async\" class=\"alignnone size-custom-full-size wp-image-523791\" src=\"https:\/\/diarioelpopular.com\/wp-content\/uploads\/2024\/10\/Screen-Shot-2024-10-28-at-9.26.34-AM-636x404.png\" alt=\"\" width=\"636\" height=\"404\" srcset=\"https:\/\/diarioelpopular.com\/wp-content\/uploads\/2024\/10\/Screen-Shot-2024-10-28-at-9.26.34-AM-636x404.png 636w, https:\/\/diarioelpopular.com\/wp-content\/uploads\/2024\/10\/Screen-Shot-2024-10-28-at-9.26.34-AM-300x191.png 300w, https:\/\/diarioelpopular.com\/wp-content\/uploads\/2024\/10\/Screen-Shot-2024-10-28-at-9.26.34-AM-768x488.png 768w, https:\/\/diarioelpopular.com\/wp-content\/uploads\/2024\/10\/Screen-Shot-2024-10-28-at-9.26.34-AM-85x55.png 85w, https:\/\/diarioelpopular.com\/wp-content\/uploads\/2024\/10\/Screen-Shot-2024-10-28-at-9.26.34-AM-115x73.png 115w, https:\/\/diarioelpopular.com\/wp-content\/uploads\/2024\/10\/Screen-Shot-2024-10-28-at-9.26.34-AM.png 840w\" sizes=\"auto, (max-width: 636px) 100vw, 636px\" \/><\/p>\n<p>&nbsp;<\/p>\n<p>&nbsp;<\/p>\n<ul>\n<li><em><strong>Muchas personas necesitan una nota m\u00e9dica para su empleador o escuela si no trabajan por razones m\u00e9dicas, una pol\u00edtica que un grupo de m\u00e9dicos est\u00e1 tratando de cambiar.<\/strong><\/em><\/li>\n<\/ul>\n<p>&nbsp;<\/p>\n<p>&nbsp;<\/p>\n<p>La Asociaci\u00f3n M\u00e9dica Canadiense, que hace un llamado a los lugares de trabajo y a otros que exigen estas notas m\u00e9dicas incluso para ausencias breves (algunas de ellas de un solo d\u00eda), insta a que se elimine el requisito, al menos cuando se trata de enfermedades menores de corta duraci\u00f3n.<\/p>\n<p>Con una escasez de m\u00e9dicos de familia en Canad\u00e1, las notas m\u00e9dicas laborales son una carga adicional para los m\u00e9dicos agotados, dijo el grupo que representa a los m\u00e9dicos de Canad\u00e1 en un comunicado publicado este lunes. La CMA dijo que eliminarlas para problemas de salud menores podr\u00eda evitar hasta 12,5 millones de visitas de atenci\u00f3n m\u00e9dica &#8220;innecesarias&#8221; en un a\u00f1o.<\/p>\n<p>El presidente de la CMA, el Dr. Joss Reimer, calific\u00f3 estas notas como &#8220;un problema de recursos humanos&#8221; y dijo: &#8220;Entendemos que las organizaciones tienen pol\u00edticas establecidas para gestionar sus recursos humanos, pero cuando 6,5 millones de personas no tienen acceso a un m\u00e9dico de familia y los pacientes esperan demasiado tiempo para recibir atenci\u00f3n especializada, los m\u00e9dicos deben concentrar su tiempo en atender a los pacientes que necesitan atenci\u00f3n m\u00e9dica&#8221;.<\/p>\n<p>Alrededor de un tercio de la gente que trabaja dijeron que sus empleadores les pidieron que presentaran una nota de baja por enfermedad por una ausencia de corta duraci\u00f3n al menos una vez en el \u00faltimo a\u00f1o, seg\u00fan una nueva encuesta realizada por Abacus Data en nombre de la CMA.<\/p>\n<p>La CMA dijo que no define un n\u00famero particular de d\u00edas como &#8220;de corta duraci\u00f3n&#8221;. Se refiere a aquellos con afecciones de salud comunes, sin complicaciones y de corta duraci\u00f3n que pueden manejar por s\u00ed solos sin un profesional de la salud.<\/p>\n<p>La misma encuesta encontr\u00f3 que el 72 por ciento dijo que apoya la legislaci\u00f3n para restringir las solicitudes de notas de baja por enfermedad.<\/p>\n<p>Adem\u00e1s, los resultados de una encuesta de la CMA de 2021 sugirieron que las tareas administrativas, incluida la redacci\u00f3n de este tipo de notas, estaban entre las principales razones por las que el 53 por ciento de los m\u00e9dicos dijeron que se sent\u00edan muy agotados.<\/p>\n<p>Para aliviar el estr\u00e9s de los m\u00e9dicos y permitirles centrarse en los pacientes con problemas de salud m\u00e1s graves, la CMA dijo que recomienda que el gobierno realice cambios legislativos para restringir la necesidad de certificados de baja por enfermedad para los empleadores y las instituciones educativas. Los m\u00e9dicos canadienses sugirieron que se podr\u00edan implementar otras opciones, como declaraciones firmadas por los empleados y pol\u00edticas de licencia flexibles.<\/p>\n<p>La encuesta abarc\u00f3 una muestra aleatoria de 1.500 adultos que trabajaban en Canad\u00e1 del 7 al 10 de octubre a trav\u00e9s de paneles en l\u00ednea. El margen de error para una muestra aleatoria comparable del mismo tama\u00f1o es de +\/- 2,53%, 19 veces de cada 20, seg\u00fan la CMA.<\/p>\n","protected":false},"excerpt":{"rendered":"<p>&nbsp; &nbsp; Muchas personas necesitan una nota m\u00e9dica para su empleador o escuela si no trabajan por razones m\u00e9dicas, una pol\u00edtica que un grupo de&hellip;<\/p>\n","protected":false},"author":99,"featured_media":523791,"comment_status":"open","ping_status":"open","sticky":false,"template":"","format":"standard","meta":{"footnotes":""},"categories":[21],"tags":[],"class_list":["post-523790","post","type-post","status-publish","format-standard","has-post-thumbnail","hentry","category-canada"],"_links":{"self":[{"href":"https:\/\/diarioelpopular.com\/index.php\/wp-json\/wp\/v2\/posts\/523790","targetHints":{"allow":["GET"]}}],"collection":[{"href":"https:\/\/diarioelpopular.com\/index.php\/wp-json\/wp\/v2\/posts"}],"about":[{"href":"https:\/\/diarioelpopular.com\/index.php\/wp-json\/wp\/v2\/types\/post"}],"author":[{"embeddable":true,"href":"https:\/\/diarioelpopular.com\/index.php\/wp-json\/wp\/v2\/users\/99"}],"replies":[{"embeddable":true,"href":"https:\/\/diarioelpopular.com\/index.php\/wp-json\/wp\/v2\/comments?post=523790"}],"version-history":[{"count":1,"href":"https:\/\/diarioelpopular.com\/index.php\/wp-json\/wp\/v2\/posts\/523790\/revisions"}],"predecessor-version":[{"id":523792,"href":"https:\/\/diarioelpopular.com\/index.php\/wp-json\/wp\/v2\/posts\/523790\/revisions\/523792"}],"wp:featuredmedia":[{"embeddable":true,"href":"https:\/\/diarioelpopular.com\/index.php\/wp-json\/wp\/v2\/media\/523791"}],"wp:attachment":[{"href":"https:\/\/diarioelpopular.com\/index.php\/wp-json\/wp\/v2\/media?parent=523790"}],"wp:term":[{"taxonomy":"category","embeddable":true,"href":"https:\/\/diarioelpopular.com\/index.php\/wp-json\/wp\/v2\/categories?post=523790"},{"taxonomy":"post_tag","embeddable":true,"href":"https:\/\/diarioelpopular.com\/index.php\/wp-json\/wp\/v2\/tags?post=523790"}],"curies":[{"name":"wp","href":"https:\/\/api.w.org\/{rel}","templated":true}]}}