{"id":523812,"date":"2024-10-28T10:29:22","date_gmt":"2024-10-28T14:29:22","guid":{"rendered":"https:\/\/diarioelpopular.com\/?p=523812"},"modified":"2024-10-28T10:29:22","modified_gmt":"2024-10-28T14:29:22","slug":"el-chapo-se-juega-sus-ultimas-cartas-desde-la-carcel-la-ineficiencia-de-mis-abogados-me-costo-mi-libertad","status":"publish","type":"post","link":"https:\/\/diarioelpopular.com\/index.php\/2024\/10\/28\/el-chapo-se-juega-sus-ultimas-cartas-desde-la-carcel-la-ineficiencia-de-mis-abogados-me-costo-mi-libertad\/","title":{"rendered":"El Chapo se juega sus \u00faltimas cartas desde la c\u00e1rcel: \u201cLa ineficiencia de mis abogados me cost\u00f3 mi libertad\u201d"},"content":{"rendered":"<p><img loading=\"lazy\" decoding=\"async\" class=\"alignnone size-custom-big-size wp-image-523813\" src=\"https:\/\/diarioelpopular.com\/wp-content\/uploads\/2024\/10\/Screen-Shot-2024-10-28-at-10.28.31-AM-1200x791.png\" alt=\"\" width=\"1200\" height=\"791\" srcset=\"https:\/\/diarioelpopular.com\/wp-content\/uploads\/2024\/10\/Screen-Shot-2024-10-28-at-10.28.31-AM-1200x791.png 1200w, https:\/\/diarioelpopular.com\/wp-content\/uploads\/2024\/10\/Screen-Shot-2024-10-28-at-10.28.31-AM-300x198.png 300w, https:\/\/diarioelpopular.com\/wp-content\/uploads\/2024\/10\/Screen-Shot-2024-10-28-at-10.28.31-AM-768x506.png 768w, https:\/\/diarioelpopular.com\/wp-content\/uploads\/2024\/10\/Screen-Shot-2024-10-28-at-10.28.31-AM-85x55.png 85w, https:\/\/diarioelpopular.com\/wp-content\/uploads\/2024\/10\/Screen-Shot-2024-10-28-at-10.28.31-AM-636x419.png 636w, https:\/\/diarioelpopular.com\/wp-content\/uploads\/2024\/10\/Screen-Shot-2024-10-28-at-10.28.31-AM-111x73.png 111w, https:\/\/diarioelpopular.com\/wp-content\/uploads\/2024\/10\/Screen-Shot-2024-10-28-at-10.28.31-AM.png 1024w\" sizes=\"auto, (max-width: 1200px) 100vw, 1200px\" \/><\/p>\n<p>&nbsp;<\/p>\n<p>&nbsp;<\/p>\n<h4 class=\"a_st\"><em>&#8211; El capo da la espalda a sus representantes legales y asume desde enero su defensa, sin hablar ni escribir en ingl\u00e9s, para afrontar su nueva vida tras las rejas, desde pedir m\u00e1s visitas de Emma Coronel hasta exigir que se repita su juicio<\/em><\/h4>\n<p>&nbsp;<\/p>\n<p class=\"\">\u201cTengo m\u00e1s de siete a\u00f1os desde que llegu\u00e9 extraditado a Estados Unidos y hasta el d\u00eda de hoy no me ha dado el sol\u201d. As\u00ed arranca una de\u00a0<a href=\"https:\/\/elpais.com\/mexico\/2023-08-09\/el-chapo-guzman-denuncia-que-en-la-carcel-lo-discriminan-y-violan-sus-derechos-humanos.html\" data-link-track-dtm=\"\" data-mrf-link=\"https:\/\/elpais.com\/mexico\/2023-08-09\/el-chapo-guzman-denuncia-que-en-la-carcel-lo-discriminan-y-violan-sus-derechos-humanos.html\">las cartas que Joaqu\u00edn\u00a0<i>El Chapo<\/i>\u00a0Guzm\u00e1n<\/a>\u00a0ha escrito de su pu\u00f1o y letra desde la prisi\u00f3n de m\u00e1xima seguridad de Florence (Colorado), donde purga una condena de por vida tras ser sentenciado en 2019. El capo de 67 a\u00f1os, uno de los criminales m\u00e1s famosos del mundo, se ha quejado una y otra vez del trato que recibe de las autoridades estadounidenses y ha calificado las condiciones de su reclusi\u00f3n como \u201cuna tortura muy grande las 24 horas\u201d. Harto de que sus peticiones no sean atendidas, el fundador del\u00a0<a href=\"https:\/\/elpais.com\/mexico\/2024-08-04\/el-cartel-de-sinaloa-despues-de-el-mayo-mexico-teme-un-estallido-de-violencia-tras-la-detencion-de-zambada.html\" data-link-track-dtm=\"\" data-mrf-link=\"https:\/\/elpais.com\/mexico\/2024-08-04\/el-cartel-de-sinaloa-despues-de-el-mayo-mexico-teme-un-estallido-de-violencia-tras-la-detencion-de-zambada.html\">Cartel de Sinaloa<\/a>\u00a0dio la espalda a sus abogados y asumi\u00f3 su propia defensa desde la c\u00e1rcel desde enero pasado. \u201cTen\u00edan las evidencias necesarias para enfrentarse a las autoridades, pero no lo hicieron y por eso, fueron muy ineficientes\u201d, acusa. Sin saber hablar ni escribir en ingl\u00e9s, El Chapo se ha apoyado en solo una de sus representantes legales para que traduzca y escriba al dictado, en un intento desesperado para cambiar su vida entre rejas y exigir que se repita su juicio. \u201cEsa ineficiencia le cost\u00f3 a Guzm\u00e1n su libertad\u201d, afirma el narcotraficante, en tercera persona, ahora como abogado de s\u00ed mismo.<\/p>\n<p class=\"\">El Chapo ha enviado cientos y cientos de p\u00e1ginas desde la c\u00e1rcel. A veces escribe al sistema penitenciario para pedir m\u00e1s tiempo fuera de su celda, para exigir que se le permitan m\u00e1s visitas de su esposa\u00a0<a href=\"https:\/\/elpais.com\/mexico\/2024-09-21\/emma-coronel-la-esposa-de-el-chapo-guzman-llega-a-la-fashion-week-de-milan-para-retomar-su-carrera-de-modelo.html\" data-link-track-dtm=\"\" data-mrf-link=\"https:\/\/elpais.com\/mexico\/2024-09-21\/emma-coronel-la-esposa-de-el-chapo-guzman-llega-a-la-fashion-week-de-milan-para-retomar-su-carrera-de-modelo.html\">Emma Coronel<\/a>\u00a0y sus dos hijas de 13 a\u00f1os o para que se le faciliten materiales y cursos de ingl\u00e9s. En otras ocasiones analiza minuciosamente los testimonios de otros capos en su contra, se deslinda de sus antiguos aliados y viejas acusaciones e insiste para que una corte de apelaciones reconsidere su caso. Env\u00eda tambi\u00e9n correspondencia para exigir clemencia al juez\u00a0<a href=\"https:\/\/elpais.com\/mexico\/2024-10-18\/el-mayo-se-enfrenta-por-primera-vez-con-el-juez-que-condeno-a-el-chapo-y-garcia-luna.html\" data-link-track-dtm=\"\" data-mrf-link=\"https:\/\/elpais.com\/mexico\/2024-10-18\/el-mayo-se-enfrenta-por-primera-vez-con-el-juez-que-condeno-a-el-chapo-y-garcia-luna.html\">Brian Cogan<\/a>, el hombre que dict\u00f3 su futuro y que lo conden\u00f3 a cadena perpetua. Antes de asumir su defensa, el capo reclam\u00f3 el a\u00f1o pasado que no se le facilitaron documentos clave para su caso y envi\u00f3 una misiva al entonces presidente\u00a0<a href=\"https:\/\/elpais.com\/mexico\/2023-01-17\/el-chapo-pide-a-lopez-obrador-que-interceda-por-el-no-he-visto-la-luz-del-sol.html\" data-link-track-dtm=\"\" data-mrf-link=\"https:\/\/elpais.com\/mexico\/2023-01-17\/el-chapo-pide-a-lopez-obrador-que-interceda-por-el-no-he-visto-la-luz-del-sol.html\">Andr\u00e9s Manuel L\u00f3pez Obrador<\/a>\u00a0para pedir su intervenci\u00f3n.<\/p>\n<div id=\"gallery-summary-14\" class=\"gallery-summary-container\">\n<div class=\"gal__figs-scl\">\n<div class=\"a_gl\">\n<figure class=\"a_m _pr gallery-photo-1 gallery-slider__photo a_m-v c_m--nf\"><span class=\"a_m_w _db\"><img loading=\"lazy\" decoding=\"async\" class=\"_re  a_m-v\" src=\"https:\/\/imagenes.elpais.com\/resizer\/v2\/IROJPSPVPNGTRKRCMN4H73BRXY.jpg?auth=82904b4255700fc1b2ff2bc441de526d79cdebded846d3da62642c04cf258dc0&amp;width=414\" srcset=\"https:\/\/imagenes.elpais.com\/resizer\/v2\/IROJPSPVPNGTRKRCMN4H73BRXY.jpg?auth=82904b4255700fc1b2ff2bc441de526d79cdebded846d3da62642c04cf258dc0&amp;width=414 414w,https:\/\/imagenes.elpais.com\/resizer\/v2\/IROJPSPVPNGTRKRCMN4H73BRXY.jpg?auth=82904b4255700fc1b2ff2bc441de526d79cdebded846d3da62642c04cf258dc0&amp;width=828 828w\" alt=\"CHAPO GUZM\u00c1N - CORRESPONDENCIA - C\u00c1RCEL\" width=\"414\" height=\"536\" data-src=\"https:\/\/imagenes.elpais.com\/resizer\/v2\/IROJPSPVPNGTRKRCMN4H73BRXY.jpg?auth=82904b4255700fc1b2ff2bc441de526d79cdebded846d3da62642c04cf258dc0&amp;width=414\" \/><\/span><figcaption class=\"a_m_p\"><span class=\"a_m_m\">USDC Colorado<\/span><\/figcaption><\/figure>\n<figure class=\"a_m _pr gallery-photo-2 gallery-slider__photo _dn a_m-v c_m--nf\"><span class=\"a_m_w _db\"><img loading=\"lazy\" decoding=\"async\" class=\"_re lazyload a_m-v\" src=\"https:\/\/imagenes.elpais.com\/resizer\/v2\/LHYT4H2A5JD7XOIUH3AHXAKQLE.jpg?auth=8b4d36514d2874e5c0e35fbca05a2f8915ca10851c2d54eabe2aeecd5c2bc0a0&amp;width=414\" srcset=\"https:\/\/imagenes.elpais.com\/resizer\/v2\/LHYT4H2A5JD7XOIUH3AHXAKQLE.jpg?auth=8b4d36514d2874e5c0e35fbca05a2f8915ca10851c2d54eabe2aeecd5c2bc0a0&amp;width=414 414w,https:\/\/imagenes.elpais.com\/resizer\/v2\/LHYT4H2A5JD7XOIUH3AHXAKQLE.jpg?auth=8b4d36514d2874e5c0e35fbca05a2f8915ca10851c2d54eabe2aeecd5c2bc0a0&amp;width=828 828w\" alt=\"CHAPO GUZM\u00c1N - CORRESPONDENCIA - C\u00c1RCEL\" width=\"414\" height=\"536\" data-src=\"https:\/\/imagenes.elpais.com\/resizer\/v2\/LHYT4H2A5JD7XOIUH3AHXAKQLE.jpg?auth=8b4d36514d2874e5c0e35fbca05a2f8915ca10851c2d54eabe2aeecd5c2bc0a0&amp;width=414\" \/><\/span><figcaption class=\"a_m_p\"><\/figcaption><\/figure>\n<figure class=\"a_m _pr gallery-photo-3 gallery-slider__photo _dn a_m-v c_m--nf\"><span class=\"a_m_w _db\"><img loading=\"lazy\" decoding=\"async\" class=\"_re lazyload a_m-v\" src=\"https:\/\/imagenes.elpais.com\/resizer\/v2\/FCTYH3DB3JFNJJMMDVAQ4OLFEE.jpg?auth=2f3d1c25a2670ac07c66be7b96865c744399db96e4ca315f62025ba07c2fbe6f&amp;width=414\" srcset=\"https:\/\/imagenes.elpais.com\/resizer\/v2\/FCTYH3DB3JFNJJMMDVAQ4OLFEE.jpg?auth=2f3d1c25a2670ac07c66be7b96865c744399db96e4ca315f62025ba07c2fbe6f&amp;width=414 414w,https:\/\/imagenes.elpais.com\/resizer\/v2\/FCTYH3DB3JFNJJMMDVAQ4OLFEE.jpg?auth=2f3d1c25a2670ac07c66be7b96865c744399db96e4ca315f62025ba07c2fbe6f&amp;width=828 828w\" alt=\"CHAPO GUZM\u00c1N - CORRESPONDENCIA - C\u00c1RCEL\" width=\"414\" height=\"538\" data-src=\"https:\/\/imagenes.elpais.com\/resizer\/v2\/FCTYH3DB3JFNJJMMDVAQ4OLFEE.jpg?auth=2f3d1c25a2670ac07c66be7b96865c744399db96e4ca315f62025ba07c2fbe6f&amp;width=414\" \/><\/span><figcaption class=\"a_m_p\"><\/figcaption><\/figure>\n<figure class=\"a_m _pr gallery-photo-4 gallery-slider__photo _dn a_m-v c_m--nf\"><span class=\"a_m_w _db\"><img loading=\"lazy\" decoding=\"async\" class=\"_re lazyload a_m-v\" src=\"https:\/\/imagenes.elpais.com\/resizer\/v2\/GB3VOVYTKRGTPAPHNVTSKW2MHE.jpg?auth=310c701197ce5b056fdc1ef9b841d69f5573ded03beb6155665ae7a85ea6de7e&amp;width=414\" srcset=\"https:\/\/imagenes.elpais.com\/resizer\/v2\/GB3VOVYTKRGTPAPHNVTSKW2MHE.jpg?auth=310c701197ce5b056fdc1ef9b841d69f5573ded03beb6155665ae7a85ea6de7e&amp;width=414 414w,https:\/\/imagenes.elpais.com\/resizer\/v2\/GB3VOVYTKRGTPAPHNVTSKW2MHE.jpg?auth=310c701197ce5b056fdc1ef9b841d69f5573ded03beb6155665ae7a85ea6de7e&amp;width=828 828w\" alt=\"CHAPO GUZM\u00c1N - CORRESPONDENCIA - C\u00c1RCEL\" width=\"414\" height=\"536\" data-src=\"https:\/\/imagenes.elpais.com\/resizer\/v2\/GB3VOVYTKRGTPAPHNVTSKW2MHE.jpg?auth=310c701197ce5b056fdc1ef9b841d69f5573ded03beb6155665ae7a85ea6de7e&amp;width=414\" \/><\/span><figcaption class=\"a_m_p\"><\/figcaption><\/figure>\n<figure class=\"a_m _pr gallery-photo-5 gallery-slider__photo _dn a_m-v c_m--nf\"><span class=\"a_m_w _db\"><img loading=\"lazy\" decoding=\"async\" class=\"_re lazyload a_m-v\" src=\"https:\/\/imagenes.elpais.com\/resizer\/v2\/XDRFJOZPAVHVPOI7A74PPBFGJM.jpg?auth=035ffdacba7409640b72c392991d50106e626e638c1d7a57ec61966365513acd&amp;width=414\" srcset=\"https:\/\/imagenes.elpais.com\/resizer\/v2\/XDRFJOZPAVHVPOI7A74PPBFGJM.jpg?auth=035ffdacba7409640b72c392991d50106e626e638c1d7a57ec61966365513acd&amp;width=414 414w,https:\/\/imagenes.elpais.com\/resizer\/v2\/XDRFJOZPAVHVPOI7A74PPBFGJM.jpg?auth=035ffdacba7409640b72c392991d50106e626e638c1d7a57ec61966365513acd&amp;width=828 828w\" alt=\"CHAPO GUZM\u00c1N - CORRESPONDENCIA - C\u00c1RCEL\" width=\"414\" height=\"536\" data-src=\"https:\/\/imagenes.elpais.com\/resizer\/v2\/XDRFJOZPAVHVPOI7A74PPBFGJM.jpg?auth=035ffdacba7409640b72c392991d50106e626e638c1d7a57ec61966365513acd&amp;width=414\" \/><\/span><figcaption class=\"a_m_p\"><\/figcaption><\/figure>\n<div id=\"gallery-slider-controls\" class=\"_btn a_gl_nav gallery-slider__controls \"><\/div>\n<div id=\"fullscreen-icon\" class=\"a_gl_pl\"><\/div>\n<div id=\"summary-dots\" class=\"a_gl_n _df\"><\/div>\n<\/div>\n<\/div>\n<\/div>\n<p class=\"\">En su \u00faltima serie de escritos, Guzm\u00e1n desacredita las declaraciones de\u00a0<a href=\"https:\/\/elpais.com\/mexico\/2024-08-04\/el-cartel-de-sinaloa-despues-de-el-mayo-mexico-teme-un-estallido-de-violencia-tras-la-detencion-de-zambada.html\" data-link-track-dtm=\"\" data-mrf-link=\"https:\/\/elpais.com\/mexico\/2024-08-04\/el-cartel-de-sinaloa-despues-de-el-mayo-mexico-teme-un-estallido-de-violencia-tras-la-detencion-de-zambada.html\">Vicente Zambada\u00a0<i>Vicentillo<\/i><\/a>, hijo de su principal socio<a href=\"https:\/\/elpais.com\/mexico\/2024-10-18\/sonriente-cojeando-y-rodeado-de-fuertes-medidas-de-seguridad-ismael-el-mayo-zambada-comparece-en-nueva-york.html\" data-link-track-dtm=\"\" data-mrf-link=\"https:\/\/elpais.com\/mexico\/2024-10-18\/sonriente-cojeando-y-rodeado-de-fuertes-medidas-de-seguridad-ismael-el-mayo-zambada-comparece-en-nueva-york.html\">\u00a0Ismael\u00a0<i>El Mayo<\/i>\u00a0Zambada<\/a>\u00a0y \u201ctestigo n\u00famero uno de Estados Unidos\u201d. \u201c\u00c9l [mismo] dijo en el juicio que los Gobiernos de M\u00e9xico y Estados Unidos le hicieron una campa\u00f1a a Guzm\u00e1n para hacerlo grande y as\u00ed poder detenerlo\u201d, reprocha el capo. \u201c[Hay] demasiada pol\u00edtica en mi caso, le pido de favor que se base en el comportamiento de Guzm\u00e1n y no en lo que hablen los medios\u201d, lamenta. \u201cNo hay una justificaci\u00f3n para que me mantengan en estas condiciones crueles e inhumanas\u201d, escribi\u00f3 al director de la Oficina Federal de Prisiones (BOP) a principios de a\u00f1o.<\/p>\n<p class=\"\">Las autoridades de Estados Unidos, sin embargo, temen que El Chapo pueda fugarse, despu\u00e9s de hacerse mundialmente conocido tras dos escapes de prisi\u00f3n en M\u00e9xico.\u00a0<a href=\"https:\/\/elpais.com\/internacional\/2015\/07\/12\/actualidad\/1436683448_468552.html\" data-link-track-dtm=\"\" data-mrf-link=\"https:\/\/elpais.com\/internacional\/2015\/07\/12\/actualidad\/1436683448_468552.html\">El \u00faltimo, en el centro de m\u00e1xima seguridad de El Altiplano, fue ins\u00f3lito<\/a>. Sus hombres construyeron un t\u00fanel de un kil\u00f3metro y medio, con alumbrado y ventilaci\u00f3n, as\u00ed como espacio suficiente para que huyera a bordo de una motocicleta bajo tierra en 2015. Guzm\u00e1n s\u00f3lo puede dejar su celda tres horas cada semana; no tiene contacto con otros reos y custodios, salvo cuando es esposado para ser movido dentro de la c\u00e1rcel, y tiene altamente restringidas las llamadas, cartas y visitas que puede recibir. Washington no quiere correr ning\u00fan riesgo. Desde su apertura en 1994, nadie ha escapado de Florence, conocida como el Alcatraz de las Monta\u00f1as Rocosas.<\/p>\n<p class=\"\">\u201cPor las noches, me pongo los tapones en los o\u00eddos para poder dormir y para la alergia de la nariz compro medicamento aqu\u00ed en la comisar\u00eda, pero no me hace provecho\u201d, asegur\u00f3 el capo sobre su estado de salud. El capo se\u00f1al\u00f3 que sus padecimientos (en sus palabras: depresi\u00f3n, dolores de cabeza y p\u00e9rdida de memoria) se han agravado y ha pedido que ser atendido por especialista. Guzm\u00e1n refiere que tiene autorizadas llamadas con sus hijas y una hermana una vez al mes, aunque denuncia que han pasado periodos de m\u00e1s de medio a\u00f1o sin contactarlas y quiere que se permita a su mujer visitarlo. \u201cMe dirijo a usted de la manera m\u00e1s atenta. Perd\u00f3n que lo moleste otra vez con la solicitud que le hecho antes respecto a mi esposa, Emma Coronel\u201d, escribi\u00f3 a Cogan en abril. \u201cMi esposa est\u00e1 en California y puede visitarme seguido\u201d, expuso. \u201cEs la \u00fanica persona de mi familia que podr\u00eda visitarme\u201d, agreg\u00f3. El juez rechaz\u00f3 la petici\u00f3n, al argumentar que su tribunal \u201cno tiene poder\u201d para cambiar su r\u00e9gimen de visitas. Sin nada que perder, las cartas siguen llegando al correo de los involucrados.<\/p>\n<p>&nbsp;<\/p>\n<figure class=\"a_m a_m-h \">\n<p><div style=\"width: 424px\" class=\"wp-caption alignnone\"><img loading=\"lazy\" decoding=\"async\" class=\"_re lazyload a_m-h\" src=\"https:\/\/imagenes.elpais.com\/resizer\/v2\/AFMWTQUSTRHTLL2K63RLB3KM64?auth=b0128f15afbde0b09279beaf2dec1e42afb6715ed0130cd18302e2c65c035723&amp;width=414\" sizes=\"auto, (min-width:1199px) 1155px,(min-width:1001px) calc(100vw - 44px),(min-width:768px) 767px, 100vw\" srcset=\"https:\/\/imagenes.elpais.com\/resizer\/v2\/AFMWTQUSTRHTLL2K63RLB3KM64?auth=b0128f15afbde0b09279beaf2dec1e42afb6715ed0130cd18302e2c65c035723&amp;width=414 414w,https:\/\/imagenes.elpais.com\/resizer\/v2\/AFMWTQUSTRHTLL2K63RLB3KM64?auth=b0128f15afbde0b09279beaf2dec1e42afb6715ed0130cd18302e2c65c035723&amp;width=828 640w,https:\/\/imagenes.elpais.com\/resizer\/v2\/AFMWTQUSTRHTLL2K63RLB3KM64?auth=b0128f15afbde0b09279beaf2dec1e42afb6715ed0130cd18302e2c65c035723&amp;width=980 1000w,https:\/\/imagenes.elpais.com\/resizer\/v2\/AFMWTQUSTRHTLL2K63RLB3KM64?auth=b0128f15afbde0b09279beaf2dec1e42afb6715ed0130cd18302e2c65c035723&amp;width=1960 1960w\" alt=\"Chapo Guzm\u00e1n\" width=\"414\" height=\"233\" \/><p class=\"wp-caption-text\">Joaqu\u00edn &#8216;El Chapo&#8217; Guzm\u00e1n en su llegada a Estados Unidos, en 2017.Reuters<\/p><\/div><figcaption class=\"a_m_p\"><\/figcaption><\/figure>\n<p>&nbsp;<\/p>\n<p class=\"\">Condenado culpable de pertenecer a una empresa criminal continua, conspiraci\u00f3n para el lavado de dinero y m\u00faltiples cargos de conspiraci\u00f3n para traficar drogas, El Chapo tiene acceso para enterarse de lo que sucede afuera de la c\u00e1rcel. Tiene dos canales en espa\u00f1ol para seguir las noticias. \u201cSeguido veo al se\u00f1or presidente Biden (&#8230;) refiri\u00e9ndose a que est\u00e1 en contra de la discriminaci\u00f3n y el racismo\u201d, narra el capo. \u201cEstoy seguro de que usted piensa igual que \u00e9l, [que usted es] una persona humana, eso me queda claro, si no, el se\u00f1or presidente no lo tuviera en su Gabinete y le pido el gran favor que me ayude\u201d, pide Guzm\u00e1n. El pasado 25 de julio se dio a conocer la captura de El Mayo y\u00a0<a href=\"https:\/\/elpais.com\/mexico\/2024-08-22\/la-fgr-acusa-a-joaquin-guzman-lopez-del-secuestro-de-el-mayo.html\" data-link-track-dtm=\"\" data-mrf-link=\"https:\/\/elpais.com\/mexico\/2024-08-22\/la-fgr-acusa-a-joaquin-guzman-lopez-del-secuestro-de-el-mayo.html\">Joaqu\u00edn Guzm\u00e1n L\u00f3pez<\/a>, su hijo, en Estados Unidos. Su entorno ha filtrado que est\u00e1 al tanto de los \u00faltimos acontecimientos y de la guerra entre la facci\u00f3n de sus hijos, Los Chapitos, y los hombres de sus antiguos socios, Los Mayos.<\/p>\n<p class=\"\">A principios de julio, semanas antes del d\u00eda que cambi\u00f3 todo en Sinaloa, El Chapo mand\u00f3 un documento de 13 p\u00e1ginas a Cogan para exigir la anulaci\u00f3n de su sentencia. \u201cSe supone que la ley es la misma para toda la gente en este pa\u00eds, sin importar el color, raza, nacionalidad o, incluso, si el caso es pol\u00edtico como el m\u00edo\u201d, zanja. Guzm\u00e1n argument\u00f3 que su juicio estuvo plagado de \u201cinconsistencias\u201d, que los fiscales instruyeron a los criminales que lo delataron a \u201cmentir\u201d y que no tuvo acceso a una defensa eficaz por el desempe\u00f1o de sus abogados, calificado en 65 ocasiones como \u201cineficiente\u201d.<\/p>\n<p class=\"\">En ese mismo documento neg\u00f3 la alianza con Zambada: \u201cEs claro que no hubo sociedad entre El Mayo y Guzm\u00e1n\u201d. Asegur\u00f3 que tampoco emprendi\u00f3 una guerra contra el Cartel de Ju\u00e1rez y que fue \u201cculpado injustamente\u201d por el asesinato del cardenal Juan Jes\u00fas Posadas. Y descalific\u00f3 las declaraciones de Vicentillo y casi una decena de capos, como los hermanos Pedro y Margarito Flores (sus socios en Chicago) o el traficante colombiano Juan Carlos Ram\u00edrez\u00a0<i>Chupeta<\/i>, a quienes tach\u00f3 de \u201cmentirosos\u201d. El Chapo \u2015el narcotraficante declarado \u201cenemigo p\u00fablico n\u00famero uno\u201d de Chicago, el capo de los inmensos t\u00faneles, el temido jefe criminal que parec\u00eda intocable\u2015 insiste en que su carrera criminal se ha magnificado, una versi\u00f3n que no compr\u00f3 el jurado tras un juicio que dur\u00f3 m\u00e1s de tres meses y a la que ninguna autoridad ha dado credibilidad despu\u00e9s de su veredicto.<\/p>\n<p>&nbsp;<\/p>\n<figure class=\"a_m a_m-h \">\n<p><div style=\"width: 424px\" class=\"wp-caption alignnone\"><img loading=\"lazy\" decoding=\"async\" class=\"_re lazyload a_m-h\" src=\"https:\/\/imagenes.elpais.com\/resizer\/v2\/IWRMOJVCCJCEFHXGV33VYSQ6RM.jpg?auth=a4db5ea2c6fba04880c7ac1e0f7f2a4038e352a8a044809090e5eb5e08201ee1&amp;width=414\" sizes=\"auto, (min-width:1199px) 1155px,(min-width:1001px) calc(100vw - 44px),(min-width:768px) 767px, 100vw\" srcset=\"https:\/\/imagenes.elpais.com\/resizer\/v2\/IWRMOJVCCJCEFHXGV33VYSQ6RM.jpg?auth=a4db5ea2c6fba04880c7ac1e0f7f2a4038e352a8a044809090e5eb5e08201ee1&amp;width=414 414w,https:\/\/imagenes.elpais.com\/resizer\/v2\/IWRMOJVCCJCEFHXGV33VYSQ6RM.jpg?auth=a4db5ea2c6fba04880c7ac1e0f7f2a4038e352a8a044809090e5eb5e08201ee1&amp;width=828 640w,https:\/\/imagenes.elpais.com\/resizer\/v2\/IWRMOJVCCJCEFHXGV33VYSQ6RM.jpg?auth=a4db5ea2c6fba04880c7ac1e0f7f2a4038e352a8a044809090e5eb5e08201ee1&amp;width=980 1000w,https:\/\/imagenes.elpais.com\/resizer\/v2\/IWRMOJVCCJCEFHXGV33VYSQ6RM.jpg?auth=a4db5ea2c6fba04880c7ac1e0f7f2a4038e352a8a044809090e5eb5e08201ee1&amp;width=1960 1960w\" alt=\"Detalle de una de las cartas que El Chapo ha escrito a mano desde la prisi\u00f3n de m\u00e1xima seguridad de Florence (Colorado).\" width=\"414\" height=\"346\" \/><p class=\"wp-caption-text\">Detalle de una de las cartas que El Chapo ha escrito a mano desde la prisi\u00f3n de m\u00e1xima seguridad de Florence (Colorado).\u00a0 \u00a0 \u00a0 \u00a0 \u00a0 USDC Colorado<\/p><\/div><figcaption class=\"a_m_p\"><\/figcaption><\/figure>\n<p>&nbsp;<\/p>\n<p class=\"\">Tres semanas de la captura de El Mayo y su hijo, a mediados de agosto, Guzm\u00e1n formaliz\u00f3 el proceso para volver a recurrir su veredicto en una corte de apelaciones. Un primer intento fue rechazado en 2022. El \u00faltimo documento que envi\u00f3 fue dado a conocer apenas la semana pasada, un d\u00eda antes de que Cogan impusiera una sentencia contra Genaro Garc\u00eda Luna, el exsecretario mexicano de Seguridad P\u00fablica que colabor\u00f3 durante m\u00e1s de dos d\u00e9cadas con el Cartel de Sinaloa. En el escrito, Guzm\u00e1n da varias razones para exigir un nuevo juicio: dice que su extradici\u00f3n fue \u201cilegal\u201d y que debi\u00f3 ser procesado en otros Estados que lo acusaban en Estados Unidos; acusa medidas \u201cexcesivas\u201d durante su encarcelamiento en Nueva York; denuncia la exclusi\u00f3n de evidencias y abusos legales cometidos por la fiscal\u00eda, y lanza adem\u00e1s varias cr\u00edticas al desempe\u00f1o de sus propios abogados. Fue, sin embargo, rechazado el pasado martes por la corte de apelaciones, al no corregir errores en el llenado de la solicitud y presentarla fuera de tiempo. \u201cFui directo a la Suprema Corte de Estados Unidos\u201d, justific\u00f3 antes el capo para explicar la demora, \u201cpero nadie me escuch\u00f3\u201d.<\/p>\n<p class=\"\">Un d\u00eda antes de la \u00faltima negativa que recibi\u00f3, su hijo\u00a0<a href=\"https:\/\/elpais.com\/mexico\/2024-09-01\/donde-esta-ovidio-guzman-el-escandalo-de-el-mayo-arrastra-a-los-hijos-de-el-chapo.html\" data-link-track-dtm=\"\" data-mrf-link=\"https:\/\/elpais.com\/mexico\/2024-09-01\/donde-esta-ovidio-guzman-el-escandalo-de-el-mayo-arrastra-a-los-hijos-de-el-chapo.html\">Ovidio Guzm\u00e1n,\u00a0<i>alias El Rat\u00f3n<\/i><\/a>, volvi\u00f3 a comparecer en un tribunal de Chicago. Fue la primera vez que apareci\u00f3 ante la corte desde el esc\u00e1ndalo alrededor de la captura de El Mayo. Tras la audiencia se dio a conocer que\u00a0<a href=\"https:\/\/elpais.com\/mexico\/2024-10-21\/el-abogado-de-los-chapitos-confirma-que-joaquin-y-ovidio-guzman-negocian-un-acuerdo-con-estados-unidos.html\" data-link-track-dtm=\"\" data-mrf-link=\"https:\/\/elpais.com\/mexico\/2024-10-21\/el-abogado-de-los-chapitos-confirma-que-joaquin-y-ovidio-guzman-negocian-un-acuerdo-con-estados-unidos.html\">Ovidio y Joaqu\u00edn Guzm\u00e1n, hijos de su segunda esposa, estaban tanteando la posibilidad de declararse culpables<\/a>, lo que les evitar\u00eda ir a juicio. Al margen de la guerra intestina que ha sembrado el caos en Sinaloa y las acusaciones de traici\u00f3n que planean sobre el \u00faltimo golpe de Estados Unidos contra los carteles mexicanos, El Chapo, el reo 89914-053, se juega sus \u00faltimas cartas en solitario para afrontar el ocaso de su vida y su leyenda en prisi\u00f3n.<\/p>\n","protected":false},"excerpt":{"rendered":"<p>&nbsp; &nbsp; &#8211; El capo da la espalda a sus representantes legales y asume desde enero su defensa, sin hablar ni escribir en ingl\u00e9s, para&hellip;<\/p>\n","protected":false},"author":99,"featured_media":523813,"comment_status":"open","ping_status":"open","sticky":false,"template":"","format":"standard","meta":{"footnotes":""},"categories":[23],"tags":[],"class_list":["post-523812","post","type-post","status-publish","format-standard","has-post-thumbnail","hentry","category-latinoamerica"],"_links":{"self":[{"href":"https:\/\/diarioelpopular.com\/index.php\/wp-json\/wp\/v2\/posts\/523812","targetHints":{"allow":["GET"]}}],"collection":[{"href":"https:\/\/diarioelpopular.com\/index.php\/wp-json\/wp\/v2\/posts"}],"about":[{"href":"https:\/\/diarioelpopular.com\/index.php\/wp-json\/wp\/v2\/types\/post"}],"author":[{"embeddable":true,"href":"https:\/\/diarioelpopular.com\/index.php\/wp-json\/wp\/v2\/users\/99"}],"replies":[{"embeddable":true,"href":"https:\/\/diarioelpopular.com\/index.php\/wp-json\/wp\/v2\/comments?post=523812"}],"version-history":[{"count":1,"href":"https:\/\/diarioelpopular.com\/index.php\/wp-json\/wp\/v2\/posts\/523812\/revisions"}],"predecessor-version":[{"id":523814,"href":"https:\/\/diarioelpopular.com\/index.php\/wp-json\/wp\/v2\/posts\/523812\/revisions\/523814"}],"wp:featuredmedia":[{"embeddable":true,"href":"https:\/\/diarioelpopular.com\/index.php\/wp-json\/wp\/v2\/media\/523813"}],"wp:attachment":[{"href":"https:\/\/diarioelpopular.com\/index.php\/wp-json\/wp\/v2\/media?parent=523812"}],"wp:term":[{"taxonomy":"category","embeddable":true,"href":"https:\/\/diarioelpopular.com\/index.php\/wp-json\/wp\/v2\/categories?post=523812"},{"taxonomy":"post_tag","embeddable":true,"href":"https:\/\/diarioelpopular.com\/index.php\/wp-json\/wp\/v2\/tags?post=523812"}],"curies":[{"name":"wp","href":"https:\/\/api.w.org\/{rel}","templated":true}]}}