{"id":523896,"date":"2024-10-29T11:20:54","date_gmt":"2024-10-29T15:20:54","guid":{"rendered":"https:\/\/diarioelpopular.com\/?p=523896"},"modified":"2024-10-29T11:20:54","modified_gmt":"2024-10-29T15:20:54","slug":"lider-del-bloque-quebequense-dispuesto-a-derrocar-al-gobierno-de-justin-trudeau","status":"publish","type":"post","link":"https:\/\/diarioelpopular.com\/index.php\/2024\/10\/29\/lider-del-bloque-quebequense-dispuesto-a-derrocar-al-gobierno-de-justin-trudeau\/","title":{"rendered":"L\u00edder del bloque quebequense dispuesto a derrocar al gobierno de Justin Trudeau"},"content":{"rendered":"<p><img loading=\"lazy\" decoding=\"async\" class=\"alignnone size-custom-full-size wp-image-523898\" src=\"https:\/\/diarioelpopular.com\/wp-content\/uploads\/2024\/10\/wp_featured_image-270-636x358.jpg\" alt=\"\" width=\"636\" height=\"358\" srcset=\"https:\/\/diarioelpopular.com\/wp-content\/uploads\/2024\/10\/wp_featured_image-270-636x358.jpg 636w, https:\/\/diarioelpopular.com\/wp-content\/uploads\/2024\/10\/wp_featured_image-270-300x169.jpg 300w, https:\/\/diarioelpopular.com\/wp-content\/uploads\/2024\/10\/wp_featured_image-270-768x432.jpg 768w, https:\/\/diarioelpopular.com\/wp-content\/uploads\/2024\/10\/wp_featured_image-270-1200x675.jpg 1200w, https:\/\/diarioelpopular.com\/wp-content\/uploads\/2024\/10\/wp_featured_image-270-130x73.jpg 130w, https:\/\/diarioelpopular.com\/wp-content\/uploads\/2024\/10\/wp_featured_image-270.jpg 1024w\" sizes=\"auto, (max-width: 636px) 100vw, 636px\" \/><\/p>\n<p>&nbsp;<\/p>\n<ul>\n<li><strong>El Bloc Qu\u00e9b\u00e9cois est\u00e1 listo para dialogar con otras fuerzas pol\u00edticas con vistas a derribar al gobierno minoritario liberal, que no consigui\u00f3 cumplir con el plazo establecido para la aprobaci\u00f3n de dos leyes fundamentales. Este ultim\u00e1tum lo puso en la mesa el l\u00edder del partido, Yves-Fran\u00e7ois Blanchet, el mes pasado, al advertir a los liberales que, si quer\u00edan evitar unas elecciones anticipadas antes de Navidad, deb\u00edan lograr la aprobaci\u00f3n de ambas proposiciones legislativas presentadas por los diputados del bloque.<\/strong><\/li>\n<\/ul>\n<p>&nbsp;<\/p>\n<p>La primera proposici\u00f3n, que busca proteger el sistema de gesti\u00f3n de la oferta en las negociaciones comerciales, tiene ya el respaldo del gobierno y actualmente se encuentra en proceso de aprobaci\u00f3n en el Senado. Sin embargo, la segunda, destinada a incrementar las pensiones para las personas menores de 75 a\u00f1os, no logr\u00f3 obtener el apoyo de los liberales.<\/p>\n<p>Estas demandas por parte del bloque surgen justo despu\u00e9s de que el l\u00edder del Nuevo Partido Democr\u00e1tico, Jagmeet Singh, anunciara la terminaci\u00f3n de un pacto de colaboraci\u00f3n con los liberales que hab\u00eda garantizado el apoyo gubernamental durante m\u00e1s de dos a\u00f1os. Durante la sesi\u00f3n parlamentaria de oto\u00f1o, los liberales lograron sobrevivir a dos votaciones de moci\u00f3n de censura para derrocar al gobierno ya que tanto el Bloc Qu\u00e9b\u00e9cois como el Nuevo Partido Democr\u00e1tico votaron en contra.<\/p>\n<p style=\"text-align: right;\"><em>Reporte de la Prensa canadiense<\/em><\/p>\n<p>&nbsp;<\/p>\n","protected":false},"excerpt":{"rendered":"<p>&nbsp; El Bloc Qu\u00e9b\u00e9cois est\u00e1 listo para dialogar con otras fuerzas pol\u00edticas con vistas a derribar al gobierno minoritario liberal, que no consigui\u00f3 cumplir con&hellip;<\/p>\n","protected":false},"author":101,"featured_media":523898,"comment_status":"open","ping_status":"open","sticky":false,"template":"","format":"standard","meta":{"footnotes":""},"categories":[21],"tags":[],"class_list":["post-523896","post","type-post","status-publish","format-standard","has-post-thumbnail","hentry","category-canada"],"_links":{"self":[{"href":"https:\/\/diarioelpopular.com\/index.php\/wp-json\/wp\/v2\/posts\/523896","targetHints":{"allow":["GET"]}}],"collection":[{"href":"https:\/\/diarioelpopular.com\/index.php\/wp-json\/wp\/v2\/posts"}],"about":[{"href":"https:\/\/diarioelpopular.com\/index.php\/wp-json\/wp\/v2\/types\/post"}],"author":[{"embeddable":true,"href":"https:\/\/diarioelpopular.com\/index.php\/wp-json\/wp\/v2\/users\/101"}],"replies":[{"embeddable":true,"href":"https:\/\/diarioelpopular.com\/index.php\/wp-json\/wp\/v2\/comments?post=523896"}],"version-history":[{"count":1,"href":"https:\/\/diarioelpopular.com\/index.php\/wp-json\/wp\/v2\/posts\/523896\/revisions"}],"predecessor-version":[{"id":523902,"href":"https:\/\/diarioelpopular.com\/index.php\/wp-json\/wp\/v2\/posts\/523896\/revisions\/523902"}],"wp:featuredmedia":[{"embeddable":true,"href":"https:\/\/diarioelpopular.com\/index.php\/wp-json\/wp\/v2\/media\/523898"}],"wp:attachment":[{"href":"https:\/\/diarioelpopular.com\/index.php\/wp-json\/wp\/v2\/media?parent=523896"}],"wp:term":[{"taxonomy":"category","embeddable":true,"href":"https:\/\/diarioelpopular.com\/index.php\/wp-json\/wp\/v2\/categories?post=523896"},{"taxonomy":"post_tag","embeddable":true,"href":"https:\/\/diarioelpopular.com\/index.php\/wp-json\/wp\/v2\/tags?post=523896"}],"curies":[{"name":"wp","href":"https:\/\/api.w.org\/{rel}","templated":true}]}}