{"id":523908,"date":"2024-10-29T11:36:58","date_gmt":"2024-10-29T15:36:58","guid":{"rendered":"https:\/\/diarioelpopular.com\/?p=523908"},"modified":"2024-10-29T11:36:58","modified_gmt":"2024-10-29T15:36:58","slug":"adolescentes-acusadas-de-incendio-que-causo-danos-por-mas-de-2-millones-de-dolares","status":"publish","type":"post","link":"https:\/\/diarioelpopular.com\/index.php\/2024\/10\/29\/adolescentes-acusadas-de-incendio-que-causo-danos-por-mas-de-2-millones-de-dolares\/","title":{"rendered":"Adolescentes acusadas de incendio que caus\u00f3 da\u00f1os por m\u00e1s de 2 millones de d\u00f3lares"},"content":{"rendered":"<p><img loading=\"lazy\" decoding=\"async\" class=\"alignnone size-custom-full-size wp-image-523909\" src=\"https:\/\/diarioelpopular.com\/wp-content\/uploads\/2024\/10\/Screen-Shot-2024-10-29-at-11.36.26-AM-636x354.png\" alt=\"\" width=\"636\" height=\"354\" srcset=\"https:\/\/diarioelpopular.com\/wp-content\/uploads\/2024\/10\/Screen-Shot-2024-10-29-at-11.36.26-AM-636x354.png 636w, https:\/\/diarioelpopular.com\/wp-content\/uploads\/2024\/10\/Screen-Shot-2024-10-29-at-11.36.26-AM-300x167.png 300w, https:\/\/diarioelpopular.com\/wp-content\/uploads\/2024\/10\/Screen-Shot-2024-10-29-at-11.36.26-AM-768x427.png 768w, https:\/\/diarioelpopular.com\/wp-content\/uploads\/2024\/10\/Screen-Shot-2024-10-29-at-11.36.26-AM-131x73.png 131w, https:\/\/diarioelpopular.com\/wp-content\/uploads\/2024\/10\/Screen-Shot-2024-10-29-at-11.36.26-AM.png 856w\" sizes=\"auto, (max-width: 636px) 100vw, 636px\" \/><\/p>\n<p>&nbsp;<\/p>\n<ul>\n<li><em><strong>Cuatro menores, incluida una de 12 a\u00f1os, enfrentan cargos por un incendio provocado en una casa de Oshawa que result\u00f3 en da\u00f1os por m\u00e1s de 2 millones de d\u00f3lares<\/strong><\/em><\/li>\n<\/ul>\n<p>&nbsp;<\/p>\n<p>&nbsp;<\/p>\n<p>La polic\u00eda regional de Durham dijo en un comunicado de prensa que los oficiales fueron llamados a una residencia en el \u00e1rea de Eddystone Path y Okanagan Path el domingo 6 de octubre por informes de un incendio.<\/p>\n<p>La polic\u00eda agreg\u00f3 que la residencia estaba ocupada cuando comenz\u00f3 el incendio, pero todos los ocupantes pudieron evacuar de manera segura y no se reportaron lesiones f\u00edsicas.<\/p>\n<p>A trav\u00e9s de la investigaci\u00f3n, las autoridades determinaron que el incendio fue provocado intencionalmente y lo consideraron un caso de incendio provocado. El incendio de la casa result\u00f3 en da\u00f1os extensos a varias casas aleda\u00f1as, dijo la polic\u00eda, estimados en m\u00e1s de 2 millones de d\u00f3lares.<\/p>\n<p>Luego de varias pesquisas, el domingo 27 de octubre, los agentes arrestaron a cuatro j\u00f3venes, entre ellas una de 12 a\u00f1os, dos de 15 y una de 16, todas de Oshawa.<\/p>\n<p>Tres de las cuatro fueron acusadas de incendio provocado\/desacato a la vida humana, da\u00f1os a la propiedad e intimidaci\u00f3n mediante amenazas de violencia. Una joven de 15 a\u00f1os fue acusada de incendio provocado\/desacato a la vida humana y da\u00f1os a la propiedad.<\/p>\n<p>Las cuatro fueron detenidas para una audiencia de fianza. No fueron identificadas seg\u00fan la Ley de Justicia Penal Juvenil (YCJA).<\/p>\n<p>Se solicita a cualquier persona que tenga un tel\u00e9fono m\u00f3vil, una c\u00e1mara en el veh\u00edculo, im\u00e1genes de vigilancia o informaci\u00f3n sobre este incidente que se ponga en contacto con los investigadores.<\/p>\n","protected":false},"excerpt":{"rendered":"<p>&nbsp; Cuatro menores, incluida una de 12 a\u00f1os, enfrentan cargos por un incendio provocado en una casa de Oshawa que result\u00f3 en da\u00f1os por m\u00e1s&hellip;<\/p>\n","protected":false},"author":99,"featured_media":523909,"comment_status":"open","ping_status":"open","sticky":false,"template":"","format":"standard","meta":{"footnotes":""},"categories":[11364],"tags":[],"class_list":["post-523908","post","type-post","status-publish","format-standard","has-post-thumbnail","hentry","category-toronto-gta"],"_links":{"self":[{"href":"https:\/\/diarioelpopular.com\/index.php\/wp-json\/wp\/v2\/posts\/523908","targetHints":{"allow":["GET"]}}],"collection":[{"href":"https:\/\/diarioelpopular.com\/index.php\/wp-json\/wp\/v2\/posts"}],"about":[{"href":"https:\/\/diarioelpopular.com\/index.php\/wp-json\/wp\/v2\/types\/post"}],"author":[{"embeddable":true,"href":"https:\/\/diarioelpopular.com\/index.php\/wp-json\/wp\/v2\/users\/99"}],"replies":[{"embeddable":true,"href":"https:\/\/diarioelpopular.com\/index.php\/wp-json\/wp\/v2\/comments?post=523908"}],"version-history":[{"count":1,"href":"https:\/\/diarioelpopular.com\/index.php\/wp-json\/wp\/v2\/posts\/523908\/revisions"}],"predecessor-version":[{"id":523910,"href":"https:\/\/diarioelpopular.com\/index.php\/wp-json\/wp\/v2\/posts\/523908\/revisions\/523910"}],"wp:featuredmedia":[{"embeddable":true,"href":"https:\/\/diarioelpopular.com\/index.php\/wp-json\/wp\/v2\/media\/523909"}],"wp:attachment":[{"href":"https:\/\/diarioelpopular.com\/index.php\/wp-json\/wp\/v2\/media?parent=523908"}],"wp:term":[{"taxonomy":"category","embeddable":true,"href":"https:\/\/diarioelpopular.com\/index.php\/wp-json\/wp\/v2\/categories?post=523908"},{"taxonomy":"post_tag","embeddable":true,"href":"https:\/\/diarioelpopular.com\/index.php\/wp-json\/wp\/v2\/tags?post=523908"}],"curies":[{"name":"wp","href":"https:\/\/api.w.org\/{rel}","templated":true}]}}