{"id":523915,"date":"2024-10-29T11:46:51","date_gmt":"2024-10-29T15:46:51","guid":{"rendered":"https:\/\/diarioelpopular.com\/?p=523915"},"modified":"2024-10-29T11:46:51","modified_gmt":"2024-10-29T15:46:51","slug":"la-juventud-de-milei-se-abraza-a-la-memoria-de-carlos-menem-para-dar-la-batalla-cultural-contra-el-kirchnerismo","status":"publish","type":"post","link":"https:\/\/diarioelpopular.com\/index.php\/2024\/10\/29\/la-juventud-de-milei-se-abraza-a-la-memoria-de-carlos-menem-para-dar-la-batalla-cultural-contra-el-kirchnerismo\/","title":{"rendered":"La juventud de Milei se abraza a la memoria de Carlos Menem para dar \u201cla batalla cultural\u201d contra el kirchnerismo"},"content":{"rendered":"<div id=\"attachment_523916\" style=\"width: 1210px\" class=\"wp-caption alignnone\"><img loading=\"lazy\" decoding=\"async\" aria-describedby=\"caption-attachment-523916\" class=\"wp-image-523916 size-custom-big-size\" src=\"https:\/\/diarioelpopular.com\/wp-content\/uploads\/2024\/10\/Screen-Shot-2024-10-29-at-11.46.13-AM-1200x845.png\" alt=\"\" width=\"1200\" height=\"845\" srcset=\"https:\/\/diarioelpopular.com\/wp-content\/uploads\/2024\/10\/Screen-Shot-2024-10-29-at-11.46.13-AM-1200x845.png 1200w, https:\/\/diarioelpopular.com\/wp-content\/uploads\/2024\/10\/Screen-Shot-2024-10-29-at-11.46.13-AM-300x211.png 300w, https:\/\/diarioelpopular.com\/wp-content\/uploads\/2024\/10\/Screen-Shot-2024-10-29-at-11.46.13-AM-768x541.png 768w, https:\/\/diarioelpopular.com\/wp-content\/uploads\/2024\/10\/Screen-Shot-2024-10-29-at-11.46.13-AM-636x448.png 636w, https:\/\/diarioelpopular.com\/wp-content\/uploads\/2024\/10\/Screen-Shot-2024-10-29-at-11.46.13-AM-80x55.png 80w, https:\/\/diarioelpopular.com\/wp-content\/uploads\/2024\/10\/Screen-Shot-2024-10-29-at-11.46.13-AM-104x73.png 104w, https:\/\/diarioelpopular.com\/wp-content\/uploads\/2024\/10\/Screen-Shot-2024-10-29-at-11.46.13-AM.png 1024w\" sizes=\"auto, (max-width: 1200px) 100vw, 1200px\" \/><p id=\"caption-attachment-523916\" class=\"wp-caption-text\">Un grupo de j\u00f3venes mile\u00edstas presentaron una agrupaci\u00f3n nombrada La Carlos Menem, en Buenos Aires, Argentina. El 28 de octubre 2024. Antonella Soria<\/p><\/div>\n<p>&nbsp;<\/p>\n<p>&nbsp;<\/p>\n<h4 class=\"a_st\"><em>&#8211; La agrupaci\u00f3n La Carlos Menem convoca a \u201cromper con la leyenda negra que se ha ce\u00f1ido sobre los noventa, la etapa m\u00e1s gloriosa de la Argentina\u201d<\/em><\/h4>\n<p>&nbsp;<\/p>\n<p class=\"\">El peronista Carlos Menem\u00a0<a href=\"https:\/\/elpais.com\/diario\/2003\/05\/15\/portada\/1052949631_850215.html\" data-link-track-dtm=\"\" data-mrf-link=\"https:\/\/elpais.com\/diario\/2003\/05\/15\/portada\/1052949631_850215.html\">intent\u00f3 ser presidente por \u00faltima vez en 2003,\u00a0<\/a>dos a\u00f1os despu\u00e9s del estallido social que sigui\u00f3 al fin de l<a href=\"https:\/\/elpais.com\/internacional\/2021-12-21\/domingo-cavallo-la-gente-penso-que-con-el-corralito-le-sacabamos-sus-ahorros-pero-no-fue-asi.html\" data-link-track-dtm=\"\" data-mrf-link=\"https:\/\/elpais.com\/internacional\/2021-12-21\/domingo-cavallo-la-gente-penso-que-con-el-corralito-le-sacabamos-sus-ahorros-pero-no-fue-asi.html\">a convertibilidad, el modelo de paridad del peso con el d\u00f3lar\u00a0<\/a>con que hab\u00eda logrado domar a la inflaci\u00f3n durante sus diez a\u00f1os de mandato, entre 1989 y 1999. Pero el tiempo de Menem ya hab\u00eda pasado. El neoliberalismo de los noventa era una mala palabra y el peronismo se acomodaba a los nuevos tiempos con el giro a la izquierda que N\u00e9stor Kirchner llev\u00f3 a la Casa Rosada.<\/p>\n<p class=\"\">El menemismo, hundido en el descr\u00e9dito, fue en adelante sin\u00f3nimo de pobreza, desempleo, frivolidad y, sobre todo, corrupci\u00f3n. Dos d\u00e9cadas despu\u00e9s, el mismo sayo fue para el kirchnerismo y\u00a0<a href=\"https:\/\/elpais.com\/internacional\/2021-02-14\/muere-el-expresidente-argentino-carlos-menem-el-padre-de-la-convertibilidad.html\" data-link-track-dtm=\"\" data-mrf-link=\"https:\/\/elpais.com\/internacional\/2021-02-14\/muere-el-expresidente-argentino-carlos-menem-el-padre-de-la-convertibilidad.html\">Menem, fallecido en 2021,\u00a0<\/a>resurgi\u00f3 de la mano de Javier Milei como \u201cel mejor presidente de la historia argentina\u201d. El Gobierno ultraderechista coloc\u00f3 en la Casa Rosada el busto de Menem que el kirchnerismo ocultaba y\u00a0<a href=\"https:\/\/elpais.com\/argentina\/2023-12-24\/el-menemismo-vuelve-por-la-revancha-bajo-el-ala-de-milei.html\" data-link-track-dtm=\"\" data-mrf-link=\"https:\/\/elpais.com\/argentina\/2023-12-24\/el-menemismo-vuelve-por-la-revancha-bajo-el-ala-de-milei.html\">el apellido Menem lleg\u00f3 a la gesti\u00f3n a trav\u00e9s de sobrinos del expresidente.<\/a>\u00a0Este lunes, finalmente, un grupo de jovenes mile\u00edstas lanz\u00f3 La Carlos Menem, una agrupaci\u00f3n que lleg\u00f3, dicen, para \u201cromper con la leyenda negra que se ha ce\u00f1ido sobre los noventa, la m\u00e1s gloriosa de la Argentina\u201d. Comparten enemigo con Milei: el kirchnerismo.<\/p>\n<p class=\"\">El acto de lanzamiento se realiz\u00f3 en el hotel Presidente, un edificio en pleno centro de Buenos Aires que en los noventa sirvi\u00f3 de bunker electoral para el menemismo. Menem celebr\u00f3 all\u00ed grandes triunfos, pero tambi\u00e9n derrotas. Fue en su sal\u00f3n de convenciones donde anunci\u00f3 en mayo de 2003 que se bajaba de la segunda vuelta contra Kirchner, resignado a que perder\u00eda. Prefiri\u00f3 ahorrarse el mal trago y se refugi\u00f3 en su provincia, La Rioja. Dos a\u00f1os despu\u00e9s, ya procesado por denuncias de corrupci\u00f3n que siempre neg\u00f3,\u00a0<a href=\"https:\/\/elpais.com\/diario\/2005\/02\/09\/internacional\/1107903614_850215.html\" data-link-track-dtm=\"\" data-mrf-link=\"https:\/\/elpais.com\/diario\/2005\/02\/09\/internacional\/1107903614_850215.html\">volvi\u00f3 a la primera l\u00ednea para convertirse en senador,<\/a>\u00a0cargo que ocup\u00f3 sin interrupciones hasta su muerte. La decoraci\u00f3n del Presidente apenas ha variado desde los a\u00f1os dorados del menemismo. El lunes, la recepci\u00f3n del hotel reuni\u00f3 a viejas glorias salidas del ostracismo con dirigentes de La Libertad Avanza, el partido de Milei, y los veinte\u00f1eros de La Carlos Menem. Eran ellos los anfitriones.<\/p>\n<p>&nbsp;<\/p>\n<figure class=\"a_m a_m-h \">\n<p><div style=\"width: 424px\" class=\"wp-caption alignnone\"><img loading=\"lazy\" decoding=\"async\" class=\"_re lazyload a_m-h\" src=\"https:\/\/imagenes.elpais.com\/resizer\/v2\/YAW3LCVBQ5DP5LUYAOMCYCN7YM.jpg?auth=fcd857483fd8b23b8eb648df25c0ac47f93211b73cc50adb41a78432b76fd307&amp;width=414\" sizes=\"auto, (min-width:1199px) 1155px,(min-width:1001px) calc(100vw - 44px),(min-width:768px) 767px, 100vw\" srcset=\"https:\/\/imagenes.elpais.com\/resizer\/v2\/YAW3LCVBQ5DP5LUYAOMCYCN7YM.jpg?auth=fcd857483fd8b23b8eb648df25c0ac47f93211b73cc50adb41a78432b76fd307&amp;width=414 414w,https:\/\/imagenes.elpais.com\/resizer\/v2\/YAW3LCVBQ5DP5LUYAOMCYCN7YM.jpg?auth=fcd857483fd8b23b8eb648df25c0ac47f93211b73cc50adb41a78432b76fd307&amp;width=828 640w,https:\/\/imagenes.elpais.com\/resizer\/v2\/YAW3LCVBQ5DP5LUYAOMCYCN7YM.jpg?auth=fcd857483fd8b23b8eb648df25c0ac47f93211b73cc50adb41a78432b76fd307&amp;width=980 1000w,https:\/\/imagenes.elpais.com\/resizer\/v2\/YAW3LCVBQ5DP5LUYAOMCYCN7YM.jpg?auth=fcd857483fd8b23b8eb648df25c0ac47f93211b73cc50adb41a78432b76fd307&amp;width=1960 1960w\" alt=\"Lanzamiento de la agrupaci\u00f3n La Carlos Menem, en Buenos Aires, Argentina. El 28 de octubre 2024.\" width=\"414\" height=\"277\" \/><p class=\"wp-caption-text\">Lanzamiento de la agrupaci\u00f3n La Carlos Menem, en Buenos Aires, Argentina. El 28 de octubre 2024.Antonella Soria<\/p><\/div><figcaption class=\"a_m_p\"><\/figcaption><\/figure>\n<p>&nbsp;<\/p>\n<p class=\"\">Entre la gente que se acerc\u00f3 al hotel Presidente estuvo Alberto Kohan, secretario general de la Presidencia durante el segundo mandato de Menem, entre 1995 y 1999. Hoy tiene casi 80 a\u00f1os y camina con bast\u00f3n. Los j\u00f3venes de La Carlos Menem no hab\u00edan nacido cuando Kohan era uno de los hombres m\u00e1s poderosos de Argentina. \u201cEn el fondo, [Milei y Menem] tienen muchas cosas en com\u00fan. Tal vez en las formas uno a veces espera otra cosa, pero Milei gan\u00f3 con m\u00e1s del 50% y debemos aceptar y acompa\u00f1ar. Ya lo dec\u00eda Per\u00f3n: \u2018El que gana conduce, el que pierde acompa\u00f1a\u201d, dijo Kohan, rodeado de micr\u00f3fonos, como en sus mejores \u00e9pocas. \u00bfMilei es peronista?, le preguntaron. \u201cNunca escuch\u00e9 que dijeran que Milei fuese peronista. Pero si arreglar el pa\u00eds es ser peronista, por que no\u201d, respondi\u00f3.<\/p>\n<p class=\"\">A su lado estaba Zulema Menem,\u00a0<i>Zulemita,\u00a0<\/i>la hija del expresidente.<i>\u00a0<\/i>\u201cSiempre ser\u00e9 una agradecia de Milei por la reivindicaci\u00f3n de la figura de mi padre. Los jovenes tienen un rol enorme\u201d, dijo. Zulema fue la \u00fanica que port\u00f3 el apellido Menem en la ceremonia, por la ausencia de sus primos Mart\u00edn Menem, presidente de la C\u00e1mara de Diptuados, y\u00a0<i>Lule<\/i>\u00a0Menem, asesor de la hermana de Milei, Karina, y hoy hombre clave de la actual gesti\u00f3n. Tampoco estuvo el exsenador Eduardo Menem, hermano del expresidente.<\/p>\n<p>&nbsp;<\/p>\n<figure class=\"a_m a_m-h \">\n<p><div style=\"width: 424px\" class=\"wp-caption alignnone\"><img loading=\"lazy\" decoding=\"async\" class=\"_re lazyload a_m-h\" src=\"https:\/\/imagenes.elpais.com\/resizer\/v2\/IKYGT56UYJDZTBROGFG27OORIQ.jpg?auth=b80d021f46364009aaa0e46ecb121597d9ad9b3513597ac2bb38e4288f769933&amp;width=414\" sizes=\"auto, (min-width:1199px) 1155px,(min-width:1001px) calc(100vw - 44px),(min-width:768px) 767px, 100vw\" srcset=\"https:\/\/imagenes.elpais.com\/resizer\/v2\/IKYGT56UYJDZTBROGFG27OORIQ.jpg?auth=b80d021f46364009aaa0e46ecb121597d9ad9b3513597ac2bb38e4288f769933&amp;width=414 414w,https:\/\/imagenes.elpais.com\/resizer\/v2\/IKYGT56UYJDZTBROGFG27OORIQ.jpg?auth=b80d021f46364009aaa0e46ecb121597d9ad9b3513597ac2bb38e4288f769933&amp;width=828 640w,https:\/\/imagenes.elpais.com\/resizer\/v2\/IKYGT56UYJDZTBROGFG27OORIQ.jpg?auth=b80d021f46364009aaa0e46ecb121597d9ad9b3513597ac2bb38e4288f769933&amp;width=980 1000w,https:\/\/imagenes.elpais.com\/resizer\/v2\/IKYGT56UYJDZTBROGFG27OORIQ.jpg?auth=b80d021f46364009aaa0e46ecb121597d9ad9b3513597ac2bb38e4288f769933&amp;width=1960 1960w\" alt=\"Zulema Menem durante la presentaci\u00f3n de la agrupaci\u00f3n La Carlos Menem, en Buenos Aires, Argentina. El 28 de octubre 2024.\" width=\"414\" height=\"277\" \/><p class=\"wp-caption-text\">Zulema Menem durante la presentaci\u00f3n de la agrupaci\u00f3n La Carlos Menem, en Buenos Aires, Argentina. El 28 de octubre 2024.Antonella Soria<\/p><\/div><figcaption class=\"a_m_p\">\n<\/figcaption>La nueva agrupaci\u00f3n rescata el liberalismo econ\u00f3mico extremo del expresidente y, s\u00edmbolo de los nuevos tiempos, lo condimenta con las ideas de \u201cpatria, familia y propiedad\u201d que son bandera de la extrema derecha en su \u201cguerra cultural\u201d contra \u201clos zurdos\u201d. El nieto de Kohan, Fidel, es uno de los fundadores de la nueva agrupaci\u00f3n y tiene clara la alquimia que ha hecho su generaci\u00f3n para traer a Menem del pasado desde una perspectiva \u201cmile\u00edsta\u201d: \u201cComo Menem, Milei no tiene miedo para hacer lo que hay que hacer, bajando impuestos, armando a las Fuerzas Armadas y rescatando los s\u00edmbolos patrios\u201d.<\/figure>\n<p class=\"\">Mas extenso en la definici\u00f3n de los valores de la Carlos Menem fue Enzo Nicol\u00e1s di Fabio, su presidente. \u201cSomos una generaci\u00f3n que no se averg\u00fcenza por creer en Dios, en la palabra orden, en la vida del ni\u00f1o por nacer como sagrada y que ve en las Fuerzas Armadas a defensores de la paz. Proclamamos adem\u00e1s el fracaso de la Agenda 2030 y estamos contra la imposici\u00f3n del dogma de g\u00e9nero. Creemos en la propiedad privada y el mercado. Eso es La Carlos Menem\u201d, resumi\u00f3 Di Fabio. En m\u00e1s de una ocasi\u00f3n, el dirigente aclar\u00f3 que la agrupaci\u00f3n \u201cno es una interna\u201d dentro de La Libertad Avanza. \u201cNuestra agenda es la de Milei\u201d, insisti\u00f3, por si hab\u00eda dudas.<\/p>\n<p class=\"\">Milei ya tiene a La Carlos Menem, como el kirchnerismo tiene a La C\u00e1mpora, en honor a H\u00e9ctor C\u00e1mpora, el presidente que en 1973 sirvi\u00f3 de ariete electoral para el regreso de Juan Per\u00f3n a Argentina desde su exilio en Espa\u00f1a.<\/p>\n","protected":false},"excerpt":{"rendered":"<p>&nbsp; &nbsp; &#8211; La agrupaci\u00f3n La Carlos Menem convoca a \u201cromper con la leyenda negra que se ha ce\u00f1ido sobre los noventa, la etapa m\u00e1s&hellip;<\/p>\n","protected":false},"author":99,"featured_media":523916,"comment_status":"open","ping_status":"open","sticky":false,"template":"","format":"standard","meta":{"footnotes":""},"categories":[23],"tags":[],"class_list":["post-523915","post","type-post","status-publish","format-standard","has-post-thumbnail","hentry","category-latinoamerica"],"_links":{"self":[{"href":"https:\/\/diarioelpopular.com\/index.php\/wp-json\/wp\/v2\/posts\/523915","targetHints":{"allow":["GET"]}}],"collection":[{"href":"https:\/\/diarioelpopular.com\/index.php\/wp-json\/wp\/v2\/posts"}],"about":[{"href":"https:\/\/diarioelpopular.com\/index.php\/wp-json\/wp\/v2\/types\/post"}],"author":[{"embeddable":true,"href":"https:\/\/diarioelpopular.com\/index.php\/wp-json\/wp\/v2\/users\/99"}],"replies":[{"embeddable":true,"href":"https:\/\/diarioelpopular.com\/index.php\/wp-json\/wp\/v2\/comments?post=523915"}],"version-history":[{"count":1,"href":"https:\/\/diarioelpopular.com\/index.php\/wp-json\/wp\/v2\/posts\/523915\/revisions"}],"predecessor-version":[{"id":523917,"href":"https:\/\/diarioelpopular.com\/index.php\/wp-json\/wp\/v2\/posts\/523915\/revisions\/523917"}],"wp:featuredmedia":[{"embeddable":true,"href":"https:\/\/diarioelpopular.com\/index.php\/wp-json\/wp\/v2\/media\/523916"}],"wp:attachment":[{"href":"https:\/\/diarioelpopular.com\/index.php\/wp-json\/wp\/v2\/media?parent=523915"}],"wp:term":[{"taxonomy":"category","embeddable":true,"href":"https:\/\/diarioelpopular.com\/index.php\/wp-json\/wp\/v2\/categories?post=523915"},{"taxonomy":"post_tag","embeddable":true,"href":"https:\/\/diarioelpopular.com\/index.php\/wp-json\/wp\/v2\/tags?post=523915"}],"curies":[{"name":"wp","href":"https:\/\/api.w.org\/{rel}","templated":true}]}}