{"id":523918,"date":"2024-10-29T12:04:34","date_gmt":"2024-10-29T16:04:34","guid":{"rendered":"https:\/\/diarioelpopular.com\/?p=523918"},"modified":"2024-10-29T12:04:34","modified_gmt":"2024-10-29T16:04:34","slug":"las-nuevas-acusaciones-contra-el-consul-de-colombia-en-mexico-andres-hernandez-misoginia-negligencia-y-acoso-laboral","status":"publish","type":"post","link":"https:\/\/diarioelpopular.com\/index.php\/2024\/10\/29\/las-nuevas-acusaciones-contra-el-consul-de-colombia-en-mexico-andres-hernandez-misoginia-negligencia-y-acoso-laboral\/","title":{"rendered":"Las nuevas acusaciones contra el c\u00f3nsul de Colombia en M\u00e9xico, Andr\u00e9s Hern\u00e1ndez: misoginia, negligencia y acoso laboral"},"content":{"rendered":"<div id=\"attachment_523919\" style=\"width: 1210px\" class=\"wp-caption alignnone\"><img loading=\"lazy\" decoding=\"async\" aria-describedby=\"caption-attachment-523919\" class=\"wp-image-523919 size-custom-big-size\" src=\"https:\/\/diarioelpopular.com\/wp-content\/uploads\/2024\/10\/Screen-Shot-2024-10-29-at-12.03.20-PM-1200x789.png\" alt=\"\" width=\"1200\" height=\"789\" srcset=\"https:\/\/diarioelpopular.com\/wp-content\/uploads\/2024\/10\/Screen-Shot-2024-10-29-at-12.03.20-PM-1200x789.png 1200w, https:\/\/diarioelpopular.com\/wp-content\/uploads\/2024\/10\/Screen-Shot-2024-10-29-at-12.03.20-PM-300x197.png 300w, https:\/\/diarioelpopular.com\/wp-content\/uploads\/2024\/10\/Screen-Shot-2024-10-29-at-12.03.20-PM-768x505.png 768w, https:\/\/diarioelpopular.com\/wp-content\/uploads\/2024\/10\/Screen-Shot-2024-10-29-at-12.03.20-PM-85x55.png 85w, https:\/\/diarioelpopular.com\/wp-content\/uploads\/2024\/10\/Screen-Shot-2024-10-29-at-12.03.20-PM-636x418.png 636w, https:\/\/diarioelpopular.com\/wp-content\/uploads\/2024\/10\/Screen-Shot-2024-10-29-at-12.03.20-PM-111x73.png 111w, https:\/\/diarioelpopular.com\/wp-content\/uploads\/2024\/10\/Screen-Shot-2024-10-29-at-12.03.20-PM.png 1024w\" sizes=\"auto, (max-width: 1200px) 100vw, 1200px\" \/><p id=\"caption-attachment-523919\" class=\"wp-caption-text\">Andr\u00e9s Hern\u00e1ndez, c\u00f3nsul de Colombia en M\u00e9xico, pregona su impunidad por ser amigo del presidente Petro. AHR<\/p><\/div>\n<p>&nbsp;<\/p>\n<h4 class=\"a_st\"><em><strong>&#8211; La prensa ha revelado testimonios de maltrato a subalternos, quejas ante la Procuradur\u00eda y documentos que cuestionan la idoneidad de Hern\u00e1ndez, nombrado a dedo por el presidente Petro, para seguir en el cargo. Los sindicatos de la Canciller\u00eda han pedido su destituci\u00f3n. El Gobierno no se ha pronunciado<\/strong><\/em><\/h4>\n<p>&nbsp;<\/p>\n<p class=\"\">Un grupo de colombianos residentes en M\u00e9xico le entreg\u00f3 el pasado 30 de septiembre una carpeta al presidente\u00a0<a href=\"https:\/\/elpais.com\/america-colombia\/2024-10-27\/la-doble-via-del-gobierno-el-discurso-de-petro-y-la-ocupacion-del-gabinete.html\" data-link-track-dtm=\"\" data-mrf-link=\"https:\/\/elpais.com\/america-colombia\/2024-10-27\/la-doble-via-del-gobierno-el-discurso-de-petro-y-la-ocupacion-del-gabinete.html\">Gustavo Petro<\/a>\u00a0con varias denuncias contra el c\u00f3nsul Andr\u00e9s Camilo Hern\u00e1ndez. Petro estaba en M\u00e9xico para asistir a la posesi\u00f3n de la nueva presidente,\u00a0<a href=\"https:\/\/elpais.com\/mexico\/2024-10-05\/la-toma-de-protesta-de-claudia-sheinbaum-como-presidenta-de-mexico-en-vivo.html\" data-link-track-dtm=\"\" data-mrf-link=\"https:\/\/elpais.com\/mexico\/2024-10-05\/la-toma-de-protesta-de-claudia-sheinbaum-como-presidenta-de-mexico-en-vivo.html\">Claudia Sheinbaum<\/a>, y tuvo un encuentro fugaz con los colombianos en la Universidad Nacional Aut\u00f3noma de M\u00e9xico (UNAM), al t\u00e9rmino de una conferencia que dict\u00f3 el mandatario. Una defensora de derechos humanos que lleva muchos a\u00f1os trabajando por los migrantes colombianos en M\u00e9xico se acerc\u00f3 a Petro, le dio en sus manos el f\u00f3lder y le dijo: \u201cSe\u00f1or presidente es urgente que hable con las asociaciones. El c\u00f3nsul Andr\u00e9s Hern\u00e1ndez no nos representa\u201d. El presidente sonri\u00f3, salud\u00f3 a sus seguidores y se fue sin decir palabra alguna.<\/p>\n<p class=\"\">En esa carpeta amarilla hab\u00eda al menos tres documentos en los que la red de asociaciones de colombianos en M\u00e9xico denuncia casos espec\u00edficos de negligencia, misoginia y acoso laboral del c\u00f3nsul Hern\u00e1ndez, nombrado por el presidente en 2023, destituido por el Consejo de Estado en marzo de 2024 por\u00a0<a href=\"https:\/\/elpais.com\/america-colombia\/2024-10-02\/petro-encara-su-primera-gran-derrota-por-nombrar-a-diplomaticos-sin-experiencia.html\" data-link-track-dtm=\"\" data-mrf-link=\"https:\/\/elpais.com\/america-colombia\/2024-10-02\/petro-encara-su-primera-gran-derrota-por-nombrar-a-diplomaticos-sin-experiencia.html\">falta de experiencia diplom\u00e1tica<\/a>\u00a0y vuelto a nombrar por Petro este agosto.<\/p>\n<figure class=\"a_m\">\n<div class=\"videoTop videoTop-v\">\n<div id=\"video_20241028122622961\">\n<div>\n<div class=\"_pa _df ph-v_b ph-v_b-lg\">\n<div class=\"_df ph-v_c\">\n<div class=\"ph-v_t\"><\/div>\n<\/div>\n<\/div>\n<div style=\"width: 770px\" class=\"wp-caption alignnone\"><img loading=\"lazy\" decoding=\"async\" src=\"https:\/\/imagenes.elpais.com\/resizer\/v2\/HNT7BS73JVEX7EWHQZ5HCRIG6A.png?auth=3c98343dd409817321712d7defdae52bba9afd0f925c6958cc5611ee4e28122c&amp;width=1200&amp;height=675&amp;smart=true\" alt=\"Colectivos confrontan al presidente Gustavo Petro\" width=\"760\" height=\"427\" \/><p class=\"wp-caption-text\">Fotograma de un video del momento en el que Gustavo Petro es increpado por colectivos sociales.V\u00eddeo:\u00a0Colectivos Colombianos en M\u00e9xico<\/p><\/div>\n<\/div>\n<\/div>\n<\/div><figcaption class=\"a_m_p\"><\/figcaption><\/figure>\n<p>&nbsp;<\/p>\n<p class=\"\">Despu\u00e9s de<a href=\"https:\/\/elpais.com\/america-colombia\/2024-10-22\/irregularidades-con-dinero-publico-denuncia-de-estafa-a-una-subalterna-y-deudas-millonarias-los-lios-de-plata-de-andres-hernandez-el-consul-de-colombia-en-mexico-ratificado-por-petro.html\" data-link-track-dtm=\"\" data-mrf-link=\"https:\/\/elpais.com\/america-colombia\/2024-10-22\/irregularidades-con-dinero-publico-denuncia-de-estafa-a-una-subalterna-y-deudas-millonarias-los-lios-de-plata-de-andres-hernandez-el-consul-de-colombia-en-mexico-ratificado-por-petro.html\">\u00a0revelar las irregularidades en el manejo del dinero p\u00fablico\u00a0<\/a>de Hern\u00e1ndez, una denuncia por estafa de una antigua subalterna y la existencia de deudas millonarias, el diario espa\u00f1ol EL PA\u00cdS public\u00f3 testimonios de maltrato a mujeres, quejas vigentes ante la Procuradur\u00eda y otros documentos que cuestionan la idoneidad de Hern\u00e1ndez para seguir en el cargo.<\/p>\n<p class=\"\">El c\u00f3nsul ha decidido no responder a ninguna de las preguntas hechas por el diario espa\u00f1ol, pese a que se le insisti\u00f3 en repetidas ocasiones y se le envi\u00f3 un formulario por escrito como lo solicit\u00f3. \u201cNo he tenido tiempo a\u00fan, estoy alistando la rendici\u00f3n de cuentas. Y las preguntas se enviaron a mi abogado. No aseguro nada, ya que ma\u00f1ana estar\u00e9 ocupado\u201d, dijo por chat el pasado viernes.<\/p>\n<p class=\"\">Un d\u00eda antes, en sus redes sociales hab\u00eda publicado un mensaje en el que asegura que se le ha violado el derecho a la intimidad. \u201cAccedieron a mi informaci\u00f3n privada, mi esfera \u00edntima ha sido vulnerada con persecuci\u00f3n a mi c\u00edrculo cercano. Por lo p\u00fablico responder\u00e9, por mi vida privada solo me compete a m\u00ed. He solicitado a mi abogado y a su oficina de abogados asociados emprender las acciones necesarias de car\u00e1cter penal\u201d.<\/p>\n<h3 class=\"\">Acoso laboral: \u201cEl c\u00f3nsul me gritaba, me amenazaba con echarme y se burlaba de mi forma de vestir\u201d<\/h3>\n<p class=\"\">El primer documento de la carpeta que recibi\u00f3 el presidente Petro es una denuncia por acoso laboral interpuesta por Sandra Milena Babativa, una mujer colombiana residente en M\u00e9xico que fue contratista en el consulado durante cinco meses. \u201cMe enfrent\u00e9 a actitudes de hostigamiento, menosprecio, discriminaci\u00f3n y acoso por parte del c\u00f3nsul\u201d, escribe quien era la multiplicadora del programa\u00a0<i>Colombia nos une<\/i>\u00a0de la Canciller\u00eda. \u201cBurlarse de mi forma de vestir, despreciar mis capacidades y experiencia de trabajo con la comunidad, no respetar mi criterio para la realizaci\u00f3n de proyectos y negarme el ingreso a espacios que eran esenciales para mi labor, fueron algunas de sus actitudes\u201d, se lee en el documento en poder de este peri\u00f3dico.<\/p>\n<p class=\"\">En di\u00e1logo con EL PA\u00cdS, Babativa dice que Hern\u00e1ndez realiz\u00f3 un \u201csabotaje sistem\u00e1tico\u201d a su trabajo. \u201cNo me firmaba los documentos, me sac\u00f3 de reuniones de forma grosera, me gritaba, cada vez que me reun\u00eda con \u00e9l me amenazaba con echarme, me trataba muy mal\u201d.<\/p>\n<p class=\"\">A ra\u00edz del maltrato, cuenta, sufri\u00f3 de ansiedad. \u201cMe ped\u00eda cosas imposibles con el prop\u00f3sito de aburrirme: \u2018Si no me programas este foro, te saco del consulado\u2019. Siempre dejaba claro que \u00e9l ten\u00eda el poder de dejarme sin trabajo en cualquier momento\u201d, dice. \u201cYo me iba al consulado con chales, con ropa artesanal, con blusas bordadas. \u00c9l hac\u00eda caras raras, me miraba despectivamente, se burlaba y me dec\u00eda que por qu\u00e9 me pon\u00eda cosas tan feas\u201d, cuenta Babativa. Y a\u00f1ade: \u201cEl c\u00f3nsul, adem\u00e1s de ser mis\u00f3gino, es clasista\u201d.<\/p>\n<p>&nbsp;<\/p>\n<div class=\"raw_html\">\n<div><iframe loading=\"lazy\" src=\"https:\/\/drive.google.com\/file\/d\/1dkrMiigxf57xov_H4UqeXDA7Ubu51kag\/preview\" width=\"640\" height=\"480\" data-mce-fragment=\"1\"><\/iframe><\/div>\n<\/div>\n<p>&nbsp;<\/p>\n<p class=\"\">Esas actitudes hicieron que Babativa pusiera una queja formal por acoso laboral ante la Canciller\u00eda. \u201cDurante el \u00faltimo mes de trabajo la situaci\u00f3n fue insostenible, sus constantes amenazas con retirarme del cargo se convirtieron en gritos en su oficina, desprecio y sabotaje expl\u00edcito a mi trabajo, llegando a manipular informaci\u00f3n para aparentar la supuesta incompetencia de mi parte e incluso calumni\u00e1ndome. Parec\u00eda empecinado en que ninguno de mis proyectos funcionara. Ante esto, present\u00e9 una queja formal de acoso laboral que al d\u00eda de hoy no ha recibido la debida diligencia, atenci\u00f3n, respuesta o acompa\u00f1amiento alguno de parte de Canciller\u00eda de Colombia. Lo \u00fanico que recib\u00ed fue un correo de tres l\u00edneas manifestando que no era de su competencia en cuanto yo trabajaba como contratista\u201d.<\/p>\n<p class=\"\">Babativa tambi\u00e9n interpuso una queja por acoso ante la Procuradur\u00eda, que est\u00e1 vigente. Tambi\u00e9n una tutela por su derecho al trabajo. Aunque\u00a0<a href=\"https:\/\/www.corteconstitucional.gov.co\/Relatoria\/2024\/T-315-24.htm\" target=\"_blank\" rel=\"noopener\" data-link-track-dtm=\"\" data-mrf-link=\"https:\/\/www.corteconstitucional.gov.co\/Relatoria\/2024\/T-315-24.htm\">la Corte Constitucional fall\u00f3 en su contra<\/a>, el Tribunal Administrativo de Cundinamarca inst\u00f3 a la Procuradur\u00eda y a la Oficina de Control Disciplinario del Ministerio de Relaciones Exteriores a que investiguen lo ocurrido, y exhort\u00f3 al Ministerio \u201cpara que con inmediatez, ponga en funcionamiento el Comit\u00e9 de Convivencia Laboral y active el Protocolo para la Prevenci\u00f3n, Atenci\u00f3n y Medidas de Protecci\u00f3n de todas las formas de violencia, acoso y discriminaci\u00f3n de sus funcionarios y en especial, analice y atienda el caso que radic\u00f3 Sandra Milena Babativa en contra de Andr\u00e9s Camilo Hern\u00e1ndez Ram\u00edrez\u201d. Esto \u00faltimo no se ha cumplido, denuncia Babativa.<\/p>\n<p class=\"\">Paola Morales, fundadora de la Asociaci\u00f3n de Colombianos de Baja California, confirma al diario que varias veces escuch\u00f3 al c\u00f3nsul Hern\u00e1ndez referirse a Babativa con desprecio: \u201cMe dec\u00eda que ella era una mujer cochina, mal vestida, que no se ba\u00f1aba, que ten\u00eda el pelo muy sucio. Era muy despectivo\u201d. EL PA\u00cdS conoci\u00f3 casos similares. Este mes, por ejemplo, renunci\u00f3 una funcionaria que llevaba varios a\u00f1os trabajando en el consulado. \u201cHab\u00eda sufrido mucho. Hern\u00e1ndez la hac\u00eda llorar, le gritaba, la cambiaba de funciones, le pon\u00eda trabajo excesivo, le caus\u00f3 muchos problemas emocionales\u201d, dice una persona que est\u00e1 al tanto del proceso.<\/p>\n<h3 class=\"\">Misoginia y machismo: el c\u00f3nsul les regal\u00f3 peluches en forma de penes a sus subalternas<\/h3>\n<p class=\"\">Otro de los archivos que recibi\u00f3 el presidente Petro, jefe directo y amigo de Hern\u00e1ndez durante m\u00e1s de seis a\u00f1os, es una extensa carta firmada por cerca de 500 colombianos migrantes y por siete asociaciones y grupos que llevan a\u00f1os organizados para ayudar a sus connacionales. Este documento denuncia la manera en la que el c\u00f3nsul ha afrontado la violencia contra las mujeres colombianas migrantes. \u201cLos enfoques de g\u00e9nero est\u00e1n ausentes en las actuaciones y pol\u00edticas del Consulado General de Colombia en M\u00e9xico, encabezado por Andr\u00e9s Camilo Hern\u00e1ndez\u201d. El documento tampoco ha tenido una respuesta por parte del Gobierno.<\/p>\n<p>&nbsp;<\/p>\n<div class=\"raw_html\">\n<div><iframe loading=\"lazy\" src=\"https:\/\/drive.google.com\/file\/d\/17XavhgYgv_GVOs5N3f3F7TxX7XIeLJXz\/preview\" width=\"640\" height=\"480\" data-mce-fragment=\"1\"><\/iframe><\/div>\n<\/div>\n<p>&nbsp;<\/p>\n<p class=\"\">Una defensora de derechos humanos le explica la queja a EL PA\u00cdS: \u201cEl comportamiento de Andr\u00e9s es profundamente violento contra las mujeres. Es un hombre mis\u00f3gino. Usa su poder para humillarnos\u201d. Otra mujer que participa en los procesos organizativos de colombianos en M\u00e9xico afirma que ha sido muy dif\u00edcil trabajar con el c\u00f3nsul en la prevenci\u00f3n de feminicidios. Cuenta que su relaci\u00f3n con las mujeres colombianas es tan mala que el pasado 8 de marzo, D\u00eda Internacional de la Mujer, marcharon con el lema: \u201cEl c\u00f3nsul no me cuida, me cuidan mis amigas\u201d.<\/p>\n<p class=\"\">Tres personas que trabajaron en el consulado coinciden en que las mujeres subalternas de Hern\u00e1ndez han padecido por la falta de protocolos de g\u00e9nero. \u201cYa hemos callado mucho, el c\u00f3nsul es obsceno y grosero. En los almuerzos siempre hac\u00eda comentarios morbosos, inc\u00f3modos, muchas nos sent\u00edamos agredidas\u201d, dice una de ellas, que trabaj\u00f3 con Hern\u00e1ndez durante varios meses. \u201cUna vez lleg\u00f3 con una bolsa negra llena de peluches en forma de miembros, de penes, y se los regal\u00f3 a la mayor\u00eda de las mujeres del consulado. Les dijo que los pusieran en sus oficinas\u201d, denuncia otra persona que trabajaba all\u00e1. Las otras mujeres entrevistadas por EL PA\u00cdS confirmaron el hecho, pero solicitaron no dar su identidad porque viven en M\u00e9xico y tienen miedo de represalias.<\/p>\n<p class=\"\">\u201cEl c\u00f3nsul tiene comportamientos groseros porque al ser amigo de Paro se cree intocable. Pregona que es muy amigo del presidente Petro, que habla con \u00e9l todo el tiempo. Ese es su seguro de impunidad\u201d, explica otra subalterna. Y concluye: \u201dEl ambiente en la oficina es muy pesado. Varias personas que trabajan hoy en el Consulado sufren de acoso y malos tratos. \u00c9l ha afectado nuestra salud f\u00edsica y mental\u201d.<\/p>\n<p class=\"\">La carta tambi\u00e9n reclama por la falta de comunicaci\u00f3n y de trabajo entre el c\u00f3nsul y las organizaciones. \u201cLas personas firmantes vemos con gran preocupaci\u00f3n la falta de compromiso hacia los problemas de la comunidad del C\u00f3nsul\u201d, se lee al comienzo de la carta, fechada el 30 de octubre de 2023 y dirigida al presidente, a la Canciller\u00eda y a la embajada. \u201cM\u00e1s que desempe\u00f1arse como un servidor p\u00fablico, su actuaci\u00f3n como c\u00f3nsul se ha caracterizado por remarcar los privilegios econ\u00f3micos, sociales y pol\u00edticos de su cargo, que le permiten hacer uso de una posici\u00f3n de poder por encima de los intereses de sus connacionales\u201d.<\/p>\n<h3 class=\"\">Quejas formales ante la Canciller\u00eda por negligencia<\/h3>\n<p class=\"\">En otro de los documentos entregados a Petro, los colombianos denuncian la inoperancia del c\u00f3nsul Hern\u00e1ndez en un caso concreto. Se trata de un accidente vial en el que muri\u00f3 un migrante colombiano y siete m\u00e1s quedaron heridos de gravedad. Los afectados estaban en manos de las autoridades mexicanas e iban en un bus del Instituto Nacional Migraci\u00f3n de M\u00e9xico (INM). \u201cSu respuesta oficial se dio cuatro d\u00edas despu\u00e9s del accidente, a pesar de que diversas asociaciones colombianas en M\u00e9xico desde el 30 de septiembre de 2023 le comunicamos directamente lo sucedido, que las familias estaban buscando el apoyo consular y que el mismo INM estaba esperando una comunicaci\u00f3n, ya que los gobiernos de Ecuador y Guatemala hab\u00edan asumido ya las responsabilidades correspondientes\u201d, se lee en el documento. Esta queja oficial no tuvo respuesta de la Canciller\u00eda ni hace un a\u00f1o cuando fue enviada ni ahora cuando el presidente la recibi\u00f3.<\/p>\n<p>&nbsp;<\/p>\n<div class=\"raw_html\">\n<div><iframe loading=\"lazy\" src=\"https:\/\/drive.google.com\/file\/d\/1FjHylPOCisOOd9dBZ89qsO0GciLgRAkv\/preview\" width=\"640\" height=\"480\" data-mce-fragment=\"1\"><\/iframe><\/div>\n<\/div>\n<p>&nbsp;<\/p>\n<p class=\"\">Paola Morales, fundadora de la asociaci\u00f3n de colombianos en Baja California, fue una de las defensoras de derechos humanos que asumi\u00f3 la atenci\u00f3n de ese accidente, y firm\u00f3 la carta. \u201cEl c\u00f3nsul no hizo nada\u201d para atender ni a los heridos ni a los familiares del joven de 21 a\u00f1os que muri\u00f3, denuncia en di\u00e1logo con EL PA\u00cdS. \u201cA la mam\u00e1 del muchacho le toc\u00f3 hacer el reconocimiento del cad\u00e1ver por una videollamada de WhatsApp\u201d, recuerda con indignaci\u00f3n. \u201cLas pertenencias del hijo nunca llegaron a Colombia, ni el dinero que llevaba. El c\u00f3nsul fue muy negligente. Solo lleg\u00f3 a tomarse una foto con los heridos para ponerla en sus redes sociales\u201d, agrega.<\/p>\n<p class=\"\">Otra mujer, que pertenece a una asociaci\u00f3n distinta y prefiri\u00f3 no dar su nombre por miedo a represalias, dice que el c\u00f3nsul no volvi\u00f3 a comunicarse con las personas heridas ni con sus familias, pese a que hab\u00edan solicitado la ayuda del consulado. Varias v\u00edctimas del accidente corroboraron la inacci\u00f3n del c\u00f3nsul en un evento de rendici\u00f3n de cuentas de la Canciller\u00eda al que Hern\u00e1ndez decidi\u00f3 no asistir. \u201cNo nos volvi\u00f3 a responder nunca\u201d, dijo entonces Claudia Guti\u00e9rrez, familiar de una de las personas damnificadas.<\/p>\n<p class=\"\">En el documento, la comunidad organizada asegura que la coordinaci\u00f3n entre el consulado y los grupos de colombianos \u201cest\u00e1 siendo frustrada por la falta de actitud de servicio, la falta de disposici\u00f3n de escucha, empat\u00eda, asertividad y voluntad del c\u00f3nsul\u201d. La carta llega tras muchos meses de esfuerzos fallidos para que el Gobierno se preocupe de lo que ocurre.<\/p>\n<p class=\"\">La negligencia de Hern\u00e1ndez, dicen, se ha repetido en casos de desaparici\u00f3n forzada, trata de personas y feminicidio. Muchos de los firmantes votaron por Gustavo Petro y sus reclamos no tienen que ver con la persecuci\u00f3n pol\u00edtica que alega Hern\u00e1ndez. \u201cEsperamos contar con representantes consulares que tengan las capacidades t\u00e9cnicas y humanas para manejar asuntos complejos, con serenidad y profesionalismo, en la b\u00fasqueda del bienestar de la comunidad de connacionales en M\u00e9xico.<\/p>\n<p class=\"\">El servicio p\u00fablico no puede mantener a funcionarios con narrativas elitistas o discriminatorias hacia las personas por su condici\u00f3n de g\u00e9nero, raza o estatus social, mucho menos en el contexto de un pa\u00eds en el que la poblaci\u00f3n colombiana ya est\u00e1 afectada por estereotipos y prejuicios\u201d, se quejaban ya hace m\u00e1s de un a\u00f1o. La situaci\u00f3n no ha mejorado. Al contrario, denuncian que el c\u00f3nsul decidi\u00f3 cortar cualquier tipo de comunicaci\u00f3n con las asociaciones y abandonar un chat que desde hace varios a\u00f1os serv\u00eda de puente entre los migrantes y el Estado colombiano.<\/p>\n<h3 class=\"\">Sindicatos de la Canciller\u00eda y asociaciones de colombianos en M\u00e9xico piden la investigaci\u00f3n y la destituci\u00f3n inmediata del c\u00f3nsul<\/h3>\n<p class=\"\">A ra\u00edz de las denuncias hechas por EL PA\u00cdS, los dos sindicatos m\u00e1s grandes de la Canciller\u00eda emitieron un comunicado p\u00fablico en el que aseguran que Hern\u00e1ndez no deber\u00eda estar vinculado al servicio diplom\u00e1tico. \u201cLa Uni\u00f3n de Funcionarios de Carrera Diplom\u00e1tica (Unidiplo) y la Asociaci\u00f3n Diplom\u00e1tica y Consular de Colombia (Asodiplo) manifiestan su profunda consternaci\u00f3n por las denuncias sobre presuntas estafas y manejos irregulares de dinero de Andr\u00e9s Hern\u00e1ndez\u201d, se lee en el texto. \u201cComunicamos nuestra indignaci\u00f3n frente a un nuevo esc\u00e1ndalo protagonizado por un funcionario provisional que ocupa un alto cargo diplom\u00e1tico de Colombia en el exterior\u201d.<\/p>\n<p class=\"\">Entre otros puntos, piden que se investigue las conductas irregulares del c\u00f3nsul: \u201cSolicitamos al Ministerio de Relaciones Exteriores avanzar en una investigaci\u00f3n integral sobre los hechos denunciados, en la que se escuchen con objetividad las versiones de las presuntas v\u00edctimas y se protejan los derechos laborales de los funcionarios del Consulado de Colombia en Ciudad de M\u00e9xico\u201d. Y concluyen: \u201cConsideramos que los hechos descritos en las denuncias contra el se\u00f1or Hern\u00e1ndez constituyen un abuso y una transgresi\u00f3n contra las prerrogativas que otorga la inmunidad diplom\u00e1tica a los agentes diplom\u00e1ticos y consulares\u201d.<\/p>\n<p class=\"\">Las asociaciones de colombianos en M\u00e9xico se han sumado a este llamado a trav\u00e9s de una petici\u00f3n en la plataforma Change.org en la que piden su destituci\u00f3n: \u201cAndr\u00e9s Camilo Hern\u00e1ndez ha mostrado desinter\u00e9s, incapacidad y actitudes de maltrato hacia los connacionales en M\u00e9xico. Ha demostrado total negligencia en su cargo.<\/p>\n<p class=\"\">Las graves acusaciones de mal manejo de recursos p\u00fablicos y de abuso de poder, son raz\u00f3n suficiente para que no maneje dineros ni responsabilidades p\u00fablicas. La agresividad contra las compa\u00f1eras mujeres y actitudes mis\u00f3ginas, suma a las ya muchas violencias que vivimos en\u00a0<a href=\"http:\/\/xn--mxico-bsa.su\/\" target=\"_blank\" rel=\"noopener\" data-link-track-dtm=\"\" data-mrf-link=\"http:\/\/xn--mxico-bsa.su\/\">M\u00e9xico\u201d, dicen las firmantes<\/a>. \u201cEstas circunstancias solo subrayan su ineficiencia para desempe\u00f1ar su papel de c\u00f3nsul, poniendo en cuesti\u00f3n su rectitud y aptitud para cualquier cargo p\u00fablico. Tomando todo esto en cuenta, exigimos la destituci\u00f3n inmediata y efectiva del actual c\u00f3nsul en la Ciudad de M\u00e9xico\u201d.<\/p>\n","protected":false},"excerpt":{"rendered":"<p>&nbsp; &#8211; La prensa ha revelado testimonios de maltrato a subalternos, quejas ante la Procuradur\u00eda y documentos que cuestionan la idoneidad de Hern\u00e1ndez, nombrado a&hellip;<\/p>\n","protected":false},"author":99,"featured_media":523919,"comment_status":"open","ping_status":"open","sticky":false,"template":"","format":"standard","meta":{"footnotes":""},"categories":[23],"tags":[],"class_list":["post-523918","post","type-post","status-publish","format-standard","has-post-thumbnail","hentry","category-latinoamerica"],"_links":{"self":[{"href":"https:\/\/diarioelpopular.com\/index.php\/wp-json\/wp\/v2\/posts\/523918","targetHints":{"allow":["GET"]}}],"collection":[{"href":"https:\/\/diarioelpopular.com\/index.php\/wp-json\/wp\/v2\/posts"}],"about":[{"href":"https:\/\/diarioelpopular.com\/index.php\/wp-json\/wp\/v2\/types\/post"}],"author":[{"embeddable":true,"href":"https:\/\/diarioelpopular.com\/index.php\/wp-json\/wp\/v2\/users\/99"}],"replies":[{"embeddable":true,"href":"https:\/\/diarioelpopular.com\/index.php\/wp-json\/wp\/v2\/comments?post=523918"}],"version-history":[{"count":1,"href":"https:\/\/diarioelpopular.com\/index.php\/wp-json\/wp\/v2\/posts\/523918\/revisions"}],"predecessor-version":[{"id":523920,"href":"https:\/\/diarioelpopular.com\/index.php\/wp-json\/wp\/v2\/posts\/523918\/revisions\/523920"}],"wp:featuredmedia":[{"embeddable":true,"href":"https:\/\/diarioelpopular.com\/index.php\/wp-json\/wp\/v2\/media\/523919"}],"wp:attachment":[{"href":"https:\/\/diarioelpopular.com\/index.php\/wp-json\/wp\/v2\/media?parent=523918"}],"wp:term":[{"taxonomy":"category","embeddable":true,"href":"https:\/\/diarioelpopular.com\/index.php\/wp-json\/wp\/v2\/categories?post=523918"},{"taxonomy":"post_tag","embeddable":true,"href":"https:\/\/diarioelpopular.com\/index.php\/wp-json\/wp\/v2\/tags?post=523918"}],"curies":[{"name":"wp","href":"https:\/\/api.w.org\/{rel}","templated":true}]}}