{"id":523974,"date":"2024-10-30T08:58:07","date_gmt":"2024-10-30T12:58:07","guid":{"rendered":"https:\/\/diarioelpopular.com\/?p=523974"},"modified":"2024-10-30T08:58:07","modified_gmt":"2024-10-30T12:58:07","slug":"dos-delincuentes-acusados-de-robo-de-auto-policia-incauta-replica-de-arma-de-fuego","status":"publish","type":"post","link":"https:\/\/diarioelpopular.com\/index.php\/2024\/10\/30\/dos-delincuentes-acusados-de-robo-de-auto-policia-incauta-replica-de-arma-de-fuego\/","title":{"rendered":"Dos delincuentes acusados \u200b\u200bde robo de auto, polic\u00eda incauta r\u00e9plica de arma de fuego"},"content":{"rendered":"<div id=\"attachment_523975\" style=\"width: 646px\" class=\"wp-caption alignnone\"><img loading=\"lazy\" decoding=\"async\" aria-describedby=\"caption-attachment-523975\" class=\"wp-image-523975 size-custom-full-size\" src=\"https:\/\/diarioelpopular.com\/wp-content\/uploads\/2024\/10\/Screen-Shot-2024-10-30-at-8.54.47-AM-636x480.png\" alt=\"\" width=\"636\" height=\"480\" srcset=\"https:\/\/diarioelpopular.com\/wp-content\/uploads\/2024\/10\/Screen-Shot-2024-10-30-at-8.54.47-AM-636x480.png 636w, https:\/\/diarioelpopular.com\/wp-content\/uploads\/2024\/10\/Screen-Shot-2024-10-30-at-8.54.47-AM-300x226.png 300w, https:\/\/diarioelpopular.com\/wp-content\/uploads\/2024\/10\/Screen-Shot-2024-10-30-at-8.54.47-AM-768x579.png 768w, https:\/\/diarioelpopular.com\/wp-content\/uploads\/2024\/10\/Screen-Shot-2024-10-30-at-8.54.47-AM-97x73.png 97w, https:\/\/diarioelpopular.com\/wp-content\/uploads\/2024\/10\/Screen-Shot-2024-10-30-at-8.54.47-AM.png 1024w\" sizes=\"auto, (max-width: 636px) 100vw, 636px\" \/><p id=\"caption-attachment-523975\" class=\"wp-caption-text\">En esta foto de la Polic\u00eda Regional de York aparece el delincuente Axel D\u00edaz, de 23 a\u00f1os, de Toronto. \u00c9l y Keyon Grenade, de 22 a\u00f1os, de Toronto, est\u00e1n acusados \u200b\u200bde robo con arma de fuego, disfraz con intenci\u00f3n, dos cargos de propiedad obtenida mediante delito y armas peligrosas.<\/p><\/div>\n<p>&nbsp;<\/p>\n<p>&nbsp;<\/p>\n<p><em><strong>Dos hombres han sido detenidos y se ha incautado de una r\u00e9plica de arma de fuego, recuperando dos veh\u00edculos robados despu\u00e9s de llevarse a la fuerza un auto en Richmond Hill.<\/strong><\/em><\/p>\n<p><img loading=\"lazy\" decoding=\"async\" class=\"alignnone size-custom-full-size wp-image-523976\" src=\"https:\/\/diarioelpopular.com\/wp-content\/uploads\/2024\/10\/Screen-Shot-2024-10-30-at-8.55.11-AM.png\" alt=\"\" width=\"520\" height=\"390\" srcset=\"https:\/\/diarioelpopular.com\/wp-content\/uploads\/2024\/10\/Screen-Shot-2024-10-30-at-8.55.11-AM.png 520w, https:\/\/diarioelpopular.com\/wp-content\/uploads\/2024\/10\/Screen-Shot-2024-10-30-at-8.55.11-AM-300x225.png 300w, https:\/\/diarioelpopular.com\/wp-content\/uploads\/2024\/10\/Screen-Shot-2024-10-30-at-8.55.11-AM-97x73.png 97w\" sizes=\"auto, (max-width: 520px) 100vw, 520px\" \/><\/p>\n<p>En esta foto de la Polic\u00eda Regional de York aparece Keyon Grenade, de 22 a\u00f1os, de Toronto.<\/p>\n<p>&nbsp;<\/p>\n<p>La polic\u00eda regional de York dijo que los oficiales fueron llamados el domingo a las 9:30 p. m. sobre un robo de auto en el \u00e1rea de la autopista 7-Bayview Ave.<\/p>\n<p>Resulta que tres sospechosos se acercaron a un automovilista, lo atacaron con lo que parec\u00eda ser una pistola y le robaron su Mercedes. El hombre sufri\u00f3 algunas heridas leves.<\/p>\n<p>Poco tiempo despu\u00e9s, la polic\u00eda localiz\u00f3 el Mercedes circulando junto con un segundo veh\u00edculo robado, un sed\u00e1n Acura, seg\u00fan las investigaciones.<\/p>\n<p>La polic\u00eda dijo que arrest\u00f3 a dos sospechosos alrededor de la 1:40 a. m. del lunes en el \u00e1rea de Lawrence Ave.-Wexford Blvd.<\/p>\n<p>Se incaut\u00f3 una r\u00e9plica de arma de fuego y se recuperaron los dos veh\u00edculos robados.<\/p>\n<p>A Axel D\u00edaz, de 23 a\u00f1os, y a Keyon Grenade, de 22, ambos de Toronto, se les acusa de robo con arma de fuego, disfraz con intenci\u00f3n de comete un cr\u00edmen, dos cargos de robo a propiedad obtenida mediante delito y armas peligrosas.<\/p>\n<p>A Grenade tambi\u00e9n se le impuso una orden de prohibici\u00f3n de armas por otro delito no relacionado.<\/p>\n<p>La investigaci\u00f3n est\u00e1 en curso y la polic\u00eda est\u00e1 buscando a un sospechoso adicional.<\/p>\n","protected":false},"excerpt":{"rendered":"<p>&nbsp; &nbsp; Dos hombres han sido detenidos y se ha incautado de una r\u00e9plica de arma de fuego, recuperando dos veh\u00edculos robados despu\u00e9s de llevarse&hellip;<\/p>\n","protected":false},"author":99,"featured_media":523975,"comment_status":"open","ping_status":"open","sticky":false,"template":"","format":"standard","meta":{"footnotes":""},"categories":[11364],"tags":[],"class_list":["post-523974","post","type-post","status-publish","format-standard","has-post-thumbnail","hentry","category-toronto-gta"],"_links":{"self":[{"href":"https:\/\/diarioelpopular.com\/index.php\/wp-json\/wp\/v2\/posts\/523974","targetHints":{"allow":["GET"]}}],"collection":[{"href":"https:\/\/diarioelpopular.com\/index.php\/wp-json\/wp\/v2\/posts"}],"about":[{"href":"https:\/\/diarioelpopular.com\/index.php\/wp-json\/wp\/v2\/types\/post"}],"author":[{"embeddable":true,"href":"https:\/\/diarioelpopular.com\/index.php\/wp-json\/wp\/v2\/users\/99"}],"replies":[{"embeddable":true,"href":"https:\/\/diarioelpopular.com\/index.php\/wp-json\/wp\/v2\/comments?post=523974"}],"version-history":[{"count":1,"href":"https:\/\/diarioelpopular.com\/index.php\/wp-json\/wp\/v2\/posts\/523974\/revisions"}],"predecessor-version":[{"id":523977,"href":"https:\/\/diarioelpopular.com\/index.php\/wp-json\/wp\/v2\/posts\/523974\/revisions\/523977"}],"wp:featuredmedia":[{"embeddable":true,"href":"https:\/\/diarioelpopular.com\/index.php\/wp-json\/wp\/v2\/media\/523975"}],"wp:attachment":[{"href":"https:\/\/diarioelpopular.com\/index.php\/wp-json\/wp\/v2\/media?parent=523974"}],"wp:term":[{"taxonomy":"category","embeddable":true,"href":"https:\/\/diarioelpopular.com\/index.php\/wp-json\/wp\/v2\/categories?post=523974"},{"taxonomy":"post_tag","embeddable":true,"href":"https:\/\/diarioelpopular.com\/index.php\/wp-json\/wp\/v2\/tags?post=523974"}],"curies":[{"name":"wp","href":"https:\/\/api.w.org\/{rel}","templated":true}]}}