{"id":524005,"date":"2024-10-30T09:44:26","date_gmt":"2024-10-30T13:44:26","guid":{"rendered":"https:\/\/diarioelpopular.com\/?p=524005"},"modified":"2024-10-30T09:44:26","modified_gmt":"2024-10-30T13:44:26","slug":"las-impactantes-imagenes-de-las-inundaciones-en-espana-que-dejan-mas-de-60-muertos-y-decenas-de-desaparecidos","status":"publish","type":"post","link":"https:\/\/diarioelpopular.com\/index.php\/2024\/10\/30\/las-impactantes-imagenes-de-las-inundaciones-en-espana-que-dejan-mas-de-60-muertos-y-decenas-de-desaparecidos\/","title":{"rendered":"Las impactantes im\u00e1genes de las inundaciones en Espa\u00f1a que dejan m\u00e1s de 60 muertos y decenas de desaparecidos"},"content":{"rendered":"<div id=\"attachment_524007\" style=\"width: 646px\" class=\"wp-caption alignnone\"><img loading=\"lazy\" decoding=\"async\" aria-describedby=\"caption-attachment-524007\" class=\"wp-image-524007 size-custom-full-size\" src=\"https:\/\/diarioelpopular.com\/wp-content\/uploads\/2024\/10\/Screen-Shot-2024-10-30-at-9.43.53-AM-636x423.png\" alt=\"\" width=\"636\" height=\"423\" srcset=\"https:\/\/diarioelpopular.com\/wp-content\/uploads\/2024\/10\/Screen-Shot-2024-10-30-at-9.43.53-AM-636x423.png 636w, https:\/\/diarioelpopular.com\/wp-content\/uploads\/2024\/10\/Screen-Shot-2024-10-30-at-9.43.53-AM-300x199.png 300w, https:\/\/diarioelpopular.com\/wp-content\/uploads\/2024\/10\/Screen-Shot-2024-10-30-at-9.43.53-AM-768x511.png 768w, https:\/\/diarioelpopular.com\/wp-content\/uploads\/2024\/10\/Screen-Shot-2024-10-30-at-9.43.53-AM-110x73.png 110w, https:\/\/diarioelpopular.com\/wp-content\/uploads\/2024\/10\/Screen-Shot-2024-10-30-at-9.43.53-AM.png 1024w\" sizes=\"auto, (max-width: 636px) 100vw, 636px\" \/><p id=\"caption-attachment-524007\" class=\"wp-caption-text\">Carros apilados unos encima de otros, son algunas de las im\u00e1genes que dejan las inundaciones en Valencia.<\/p><\/div>\n<p>&nbsp;<\/p>\n<p>&nbsp;<\/p>\n<div class=\"bbc-19j92fr ebmt73l0\" dir=\"ltr\">\n<ul>\n<li class=\"bbc-hhl7in e17g058b0\" dir=\"ltr\"><em><b>Al menos 61 personas han muerto este mi\u00e9rcoles en la madrugada por las inundaciones en la provincia de Valencia, en la costa este de Espa\u00f1a.<\/b><\/em><\/li>\n<\/ul>\n<\/div>\n<div class=\"bbc-19j92fr ebmt73l0\" dir=\"ltr\">\n<p dir=\"ltr\">\n<p class=\"bbc-hhl7in e17g058b0\" dir=\"ltr\">Seg\u00fan los reportes locales, la lluvia equivalente a un a\u00f1o de precipitaciones cay\u00f3 sobre la ciudad de Chiva, cerca de Valencia, lo que provoc\u00f3 una serie de fuertes inundaciones de barro y agua en varias localidades cercanas.<\/p>\n<\/div>\n<div class=\"bbc-19j92fr ebmt73l0\" dir=\"ltr\">\n<p class=\"bbc-hhl7in e17g058b0\" dir=\"ltr\">Las autoridades adem\u00e1s han reportado decenas de desaparecidos.<\/p>\n<p dir=\"ltr\">\n<\/div>\n<figure class=\"bbc-1qn0xuy\">\n<div class=\"bbc-j1srjl\">\n<div style=\"width: 4186px\" class=\"wp-caption alignnone\"><img loading=\"lazy\" decoding=\"async\" class=\"bbc-139onq\" src=\"https:\/\/ichef.bbci.co.uk\/ace\/ws\/640\/cpsprodpb\/633d\/live\/f4e88b70-96c1-11ef-ba4d-5b04a90bcb33.jpg.webp\" alt=\"Carro ladeado. \" width=\"4176\" height=\"2784\" \/><p class=\"wp-caption-text\">Fuente de la imagen,Getty Images.\u00a0\u00a0El gobierno espa\u00f1ol ha se\u00f1alado que se trata de una de las peores lluvias de lo que va en el siglo XXI en el pa\u00eds.<\/p><\/div>\n<\/div>\n<\/figure>\n<figure class=\"bbc-1qn0xuy\">\n<div class=\"bbc-j1srjl\">\n<div style=\"width: 5482px\" class=\"wp-caption alignnone\"><img loading=\"lazy\" decoding=\"async\" class=\"bbc-139onq\" src=\"https:\/\/ichef.bbci.co.uk\/ace\/ws\/640\/cpsprodpb\/d0d0\/live\/8389e0c0-96ab-11ef-ba4d-5b04a90bcb33.jpg.webp\" alt=\"Inundaciones en Valencia. \" width=\"5472\" height=\"3648\" \/><p class=\"wp-caption-text\">Fuente de la imagen,Reuters.\u00a0\u00a0Las inundaciones dejaron al menos 50 personas muertas y miles de damnificados.<\/p><\/div>\n<\/div>\n<\/figure>\n<figure class=\"bbc-1qn0xuy\">\n<div class=\"bbc-18ywsw9\">\n<div style=\"width: 1034px\" class=\"wp-caption alignnone\"><img loading=\"lazy\" decoding=\"async\" class=\"bbc-139onq\" src=\"https:\/\/ichef.bbci.co.uk\/ace\/ws\/640\/cpsprodpb\/4e6a\/live\/09db5d80-96ab-11ef-9260-19e6a950e830.jpg.webp\" alt=\"Carros destrozados \" width=\"1024\" height=\"683\" \/><p class=\"wp-caption-text\">Fuente de la imagen,Getty Images.\u00a0\u00a0Miles de derstrozos dejaron los torrenciales aguaceros que cayeron este martes en el sur de Espa\u00f1a, m\u00e1s concretamente en la regi\u00f3n de Valencia.<\/p><\/div>\n<\/div>\n<\/figure>\n<figure class=\"bbc-1qn0xuy\">\n<div class=\"bbc-18ywsw9\">\n<div style=\"width: 810px\" class=\"wp-caption alignnone\"><img loading=\"lazy\" decoding=\"async\" class=\"bbc-139onq\" src=\"https:\/\/ichef.bbci.co.uk\/ace\/ws\/640\/cpsprodpb\/1420\/live\/30235f50-96bb-11ef-ba4d-5b04a90bcb33.jpg.webp\" alt=\"Miles de carros atestados en una calle de Valencia. \" width=\"800\" height=\"533\" \/><p class=\"wp-caption-text\">Fuente de la imagen,Getty Images.\u00a0\u00a0El gobierno espa\u00f1ol se\u00f1al\u00f3 que la cifra de muertos podr\u00eda aumentar en las pr\u00f3ximas horas.<\/p><\/div>\n<p class=\"bbc-by8ykd\" role=\"text\">\n<\/div>\n<\/figure>\n<div class=\"bbc-19j92fr ebmt73l0\" dir=\"ltr\">\n<p dir=\"ltr\">\n<p class=\"bbc-hhl7in e17g058b0\" dir=\"ltr\">El presidente del gobierno de Espa\u00f1a, Pedro S\u00e1nchez, dijo este mi\u00e9rcoles que la emergencia continuaba.<\/p>\n<\/div>\n<section class=\"bbc-geybui\" role=\"region\" aria-label=\"Publicidad 2\" aria-hidden=\"true\" data-e2e=\"advertisement\">\n<div id=\"dotcom-mpu\" class=\"dotcom-ad active\" aria-hidden=\"true\">\n<div class=\"dotcom-ad-inner\"><\/div>\n<\/div>\n<\/section>\n<div class=\"bbc-19j92fr ebmt73l0\" dir=\"ltr\">\n<p class=\"bbc-hhl7in e17g058b0\" dir=\"ltr\">&#8220;A\u00fan no podemos dar por concluido este devastador episodio. Pido a quienes all\u00ed residen que extremen las precauciones&#8221;, dijo.<\/p>\n<\/div>\n<div class=\"bbc-19j92fr ebmt73l0\" dir=\"ltr\">\n<p class=\"bbc-hhl7in e17g058b0\" dir=\"ltr\">Tambi\u00e9n se\u00f1al\u00f3 que &#8220;no abandonar\u00e1&#8221; a las v\u00edctimas afectadas por las inundaciones.<\/p>\n<\/div>\n<div class=\"bbc-19j92fr ebmt73l0\" dir=\"ltr\">\n<p class=\"bbc-hhl7in e17g058b0\" dir=\"ltr\">Por su parte, la presidenta del Parlamento Europeo, Roberta Metsola, se\u00f1al\u00f3 que &#8220;Europa est\u00e1 dispuesta a ayudar&#8221; tras lo que llama las &#8220;consecuencias catastr\u00f3ficas&#8221; de las inundaciones en la costa sur y este de Espa\u00f1a.<\/p>\n<\/div>\n<div class=\"bbc-19j92fr ebmt73l0\" dir=\"ltr\">\n<p class=\"bbc-hhl7in e17g058b0\" dir=\"ltr\">En una declaraci\u00f3n en la red social X, expres\u00f3 su solidaridad con todos los afectados y dice estar agradecida a los socorristas &#8220;que est\u00e1n haciendo todo lo posible para ayudar a las personas necesitadas&#8221;.<\/p>\n<p dir=\"ltr\">\n<\/div>\n<figure class=\"bbc-1qn0xuy\">\n<div class=\"bbc-18ywsw9\">\n<div style=\"width: 1034px\" class=\"wp-caption alignnone\"><img loading=\"lazy\" decoding=\"async\" class=\"bbc-139onq\" src=\"https:\/\/ichef.bbci.co.uk\/ace\/ws\/640\/cpsprodpb\/2586\/live\/9dfafb60-96ab-11ef-90df-3f1823a91773.jpg.webp\" alt=\"Mujer saca el barro de su casa. \" width=\"1024\" height=\"683\" \/><p class=\"wp-caption-text\">Fuente de la imagen,Getty Images.\u00a0\u00a0Muchas personas debieron permanecer en el techo de sus casas y carros.<\/p><\/div>\n<p class=\"bbc-by8ykd\" role=\"text\">\n<\/div>\n<\/figure>\n<figure class=\"bbc-1qn0xuy\">\n<div class=\"bbc-18ywsw9\">\n<div style=\"width: 6090px\" class=\"wp-caption alignnone\"><img loading=\"lazy\" decoding=\"async\" class=\"bbc-139onq\" src=\"https:\/\/ichef.bbci.co.uk\/ace\/ws\/640\/cpsprodpb\/2b4d\/live\/a5f5a7e0-96bd-11ef-9260-19e6a950e830.jpg.webp\" alt=\"Persona en las afueras de un albergue. \" width=\"6080\" height=\"4048\" \/><p class=\"wp-caption-text\">Fuente de la imagen,Getty Images.\u00a0\u00a0Decenas de refugios temporales se han instalado en las poblaciones cercanas a donde se origin\u00f3 la emergencia.<\/p><\/div>\n<\/div>\n<\/figure>\n<div class=\"bbc-19j92fr ebmt73l0\" dir=\"ltr\">\n<p dir=\"ltr\">\n<p dir=\"ltr\">\n<p class=\"bbc-hhl7in e17g058b0\" dir=\"ltr\">Debido a las fuertes lluvias, las m\u00e1s fuertes en casi un siglo de acuerdo a las autoridades, muchas personas pasaron la noche encima de sus autos esperando ser rescatadas.<\/p>\n<\/div>\n<div class=\"bbc-19j92fr ebmt73l0\" dir=\"ltr\">\n<p class=\"bbc-hhl7in e17g058b0\" dir=\"ltr\">El gobierno central inform\u00f3 que los trenes y vuelos se han visto gravemente afectados, con cancelaciones generalizadas. y adem\u00e1s, se han desplegado 1.000 efectivos para ayudar en la operaci\u00f3n de rescate.<\/p>\n<p dir=\"ltr\">\n<\/div>\n<figure class=\"bbc-1qn0xuy\">\n<div class=\"bbc-18ywsw9\">\n<div style=\"width: 1034px\" class=\"wp-caption alignnone\"><img loading=\"lazy\" decoding=\"async\" class=\"bbc-139onq\" src=\"https:\/\/ichef.bbci.co.uk\/ace\/ws\/640\/cpsprodpb\/2956\/live\/8610bd40-96ac-11ef-90df-3f1823a91773.jpg.webp\" alt=\"Labores de rescate. \" width=\"1024\" height=\"683\" \/><p class=\"wp-caption-text\">Fuente de la imagen,Getty Images.\u00a0\u00a0Las autoridades espa\u00f1olas desplegaron m\u00e1s de 1.000 uniformados para ayudar en las labores de rescate.<\/p><\/div>\n<p class=\"bbc-by8ykd\" role=\"text\">\n<\/div>\n<\/figure>\n<figure class=\"bbc-1qn0xuy\">\n<div class=\"bbc-18ywsw9\">\n<div style=\"width: 1034px\" class=\"wp-caption alignnone\"><img loading=\"lazy\" decoding=\"async\" class=\"bbc-139onq\" src=\"https:\/\/ichef.bbci.co.uk\/ace\/ws\/640\/cpsprodpb\/82c3\/live\/a8aa0560-96b0-11ef-ba4d-5b04a90bcb33.jpg.webp\" alt=\"Emergencia continua\" width=\"1024\" height=\"663\" \/><p class=\"wp-caption-text\">Fuente de la imagen,Getty Images.\u00a0\u00a0El presidente del gobierno de Espa\u00f1a, Pedro S\u00e1nchez, se\u00f1al\u00f3 que la emergencia continuaba.<\/p><\/div>\n<p class=\"bbc-by8ykd\" role=\"text\">\n<\/div>\n<\/figure>\n","protected":false},"excerpt":{"rendered":"<p>&nbsp; &nbsp; Al menos 61 personas han muerto este mi\u00e9rcoles en la madrugada por las inundaciones en la provincia de Valencia, en la costa este&hellip;<\/p>\n","protected":false},"author":99,"featured_media":524007,"comment_status":"open","ping_status":"open","sticky":false,"template":"","format":"standard","meta":{"footnotes":""},"categories":[24],"tags":[],"class_list":["post-524005","post","type-post","status-publish","format-standard","has-post-thumbnail","hentry","category-mundo"],"_links":{"self":[{"href":"https:\/\/diarioelpopular.com\/index.php\/wp-json\/wp\/v2\/posts\/524005","targetHints":{"allow":["GET"]}}],"collection":[{"href":"https:\/\/diarioelpopular.com\/index.php\/wp-json\/wp\/v2\/posts"}],"about":[{"href":"https:\/\/diarioelpopular.com\/index.php\/wp-json\/wp\/v2\/types\/post"}],"author":[{"embeddable":true,"href":"https:\/\/diarioelpopular.com\/index.php\/wp-json\/wp\/v2\/users\/99"}],"replies":[{"embeddable":true,"href":"https:\/\/diarioelpopular.com\/index.php\/wp-json\/wp\/v2\/comments?post=524005"}],"version-history":[{"count":1,"href":"https:\/\/diarioelpopular.com\/index.php\/wp-json\/wp\/v2\/posts\/524005\/revisions"}],"predecessor-version":[{"id":524008,"href":"https:\/\/diarioelpopular.com\/index.php\/wp-json\/wp\/v2\/posts\/524005\/revisions\/524008"}],"wp:featuredmedia":[{"embeddable":true,"href":"https:\/\/diarioelpopular.com\/index.php\/wp-json\/wp\/v2\/media\/524007"}],"wp:attachment":[{"href":"https:\/\/diarioelpopular.com\/index.php\/wp-json\/wp\/v2\/media?parent=524005"}],"wp:term":[{"taxonomy":"category","embeddable":true,"href":"https:\/\/diarioelpopular.com\/index.php\/wp-json\/wp\/v2\/categories?post=524005"},{"taxonomy":"post_tag","embeddable":true,"href":"https:\/\/diarioelpopular.com\/index.php\/wp-json\/wp\/v2\/tags?post=524005"}],"curies":[{"name":"wp","href":"https:\/\/api.w.org\/{rel}","templated":true}]}}