{"id":524042,"date":"2024-10-30T20:29:32","date_gmt":"2024-10-31T00:29:32","guid":{"rendered":"https:\/\/diarioelpopular.com\/?p=524042"},"modified":"2024-10-30T20:29:32","modified_gmt":"2024-10-31T00:29:32","slug":"3-adolescentes-acusados-2-sospechosos-mas-buscados-por-allanamiento-a-casa-en-markham-que-tenia-como-objetivo-dos-vehiculos-de-lujo","status":"publish","type":"post","link":"https:\/\/diarioelpopular.com\/index.php\/2024\/10\/30\/3-adolescentes-acusados-2-sospechosos-mas-buscados-por-allanamiento-a-casa-en-markham-que-tenia-como-objetivo-dos-vehiculos-de-lujo\/","title":{"rendered":"3 adolescentes acusados, 2 sospechosos m\u00e1s buscados por allanamiento a casa en Markham que ten\u00eda como objetivo dos veh\u00edculos de lujo"},"content":{"rendered":"<p><img loading=\"lazy\" decoding=\"async\" class=\"alignnone size-custom-full-size wp-image-524043\" src=\"https:\/\/diarioelpopular.com\/wp-content\/uploads\/2024\/10\/Screen-Shot-2024-10-30-at-8.28.30-PM-636x358.png\" alt=\"\" width=\"636\" height=\"358\" srcset=\"https:\/\/diarioelpopular.com\/wp-content\/uploads\/2024\/10\/Screen-Shot-2024-10-30-at-8.28.30-PM-636x358.png 636w, https:\/\/diarioelpopular.com\/wp-content\/uploads\/2024\/10\/Screen-Shot-2024-10-30-at-8.28.30-PM-300x169.png 300w, https:\/\/diarioelpopular.com\/wp-content\/uploads\/2024\/10\/Screen-Shot-2024-10-30-at-8.28.30-PM-768x432.png 768w, https:\/\/diarioelpopular.com\/wp-content\/uploads\/2024\/10\/Screen-Shot-2024-10-30-at-8.28.30-PM-130x73.png 130w, https:\/\/diarioelpopular.com\/wp-content\/uploads\/2024\/10\/Screen-Shot-2024-10-30-at-8.28.30-PM.png 860w\" sizes=\"auto, (max-width: 636px) 100vw, 636px\" \/><\/p>\n<p>&nbsp;<\/p>\n<ul>\n<li><em><strong>La polic\u00eda regional de York dijo que tres j\u00f3venes delincuentes han sido acusados \u200b\u200by est\u00e1n buscando a dos sospechosos m\u00e1s despu\u00e9s de un allanamiento a casa en Markham que ten\u00eda como objetivo dos veh\u00edculos de lujo.<\/strong><\/em><\/li>\n<\/ul>\n<p>&nbsp;<\/p>\n<p>Los oficiales fueron llamados a una casa en el \u00e1rea de Steeles Avenue East y Grandview Avenue alrededor de las 4 a.m. del 28 de octubre, por informes de un allanamiento a casa.<\/p>\n<p>Los investigadores dijeron que cinco sospechosos ingresaron a la residencia con violencia rompiendo una puerta trasera con un martillo.<\/p>\n<p>Una vez dentro, amenazaron a la v\u00edctima y le exigieron las llaves de su Ferrari y un veh\u00edculo utilitario deportivo BMW.<\/p>\n<p>Despu\u00e9s de obligar a la v\u00edctima a entregar las llaves y abrir la puerta del garaje, los sospechosos se dieron a la fuga en los veh\u00edculos robados, que luego fueron recuperados.<\/p>\n<p>El veh\u00edculo que usaron los sospechosos en el allanamiento a la casa, un Acura TLX negro, tambi\u00e9n fue recuperado m\u00e1s tarde en el \u00e1rea de Steeles Avenue y Martin Grove Road en Toronto.<\/p>\n<p>\u201cLos miembros de la Unidad de Atracos detuvieron el veh\u00edculo y dos adolescentes fueron detenidos poco despu\u00e9s\u201d, dijo la polic\u00eda en un comunicado.<\/p>\n<p>Los investigadores informaron que el Acura fue robado y se cree que estuvo involucrado en un robo a una joyer\u00eda el 21 de octubre de 2024, en el \u00e1rea de la autopista 7 este y McCowan Road, en \u00e1ea de Markham.<\/p>\n<p>El BWM robado fue recuperado en el \u00e1rea de Yonge Street y Eglinton Avenue y el Ferrari robado fue recuperado en el \u00e1rea de la autopista 50 y Fogal Road en la ciudad de Brampton, dijo la polic\u00eda.<\/p>\n<p>Este 30 de octubre, los oficiales ejecutaron una orden de allanamiento en una residencia en Vaughan mientras buscaban a un sospechoso adicional. El delincuente no estaba en la residencia en ese momento, pero fue arrestado m\u00e1s tarde en Pickering.<\/p>\n<p>Los tres sospechosos que han sido arrestados tienen 15, 16 y 17 a\u00f1os. Todos enfrentan cargos de robo a mano armada, posesi\u00f3n de bienes obtenidos mediante un delito por m\u00e1s de $ 5,000 y disfraz con intenci\u00f3n.<\/p>\n<p>\u201cEn el momento del incidente, el joven de 17 a\u00f1os estaba en libertad condicional por otras fechor\u00edas y el de 15 ten\u00eda una orden de liberaci\u00f3n dondicionada por varios delitos no relacionados\u201d, a\u00f1adi\u00f3 la polic\u00eda.<\/p>\n<p>Dos sospechosos siguen sin ser hallados. Se los describe como varones de entre 16 y 20 a\u00f1os que vest\u00edan ropa oscura.<\/p>\n","protected":false},"excerpt":{"rendered":"<p>&nbsp; La polic\u00eda regional de York dijo que tres j\u00f3venes delincuentes han sido acusados \u200b\u200by est\u00e1n buscando a dos sospechosos m\u00e1s despu\u00e9s de un allanamiento&hellip;<\/p>\n","protected":false},"author":99,"featured_media":524043,"comment_status":"open","ping_status":"open","sticky":false,"template":"","format":"standard","meta":{"footnotes":""},"categories":[11364],"tags":[],"class_list":["post-524042","post","type-post","status-publish","format-standard","has-post-thumbnail","hentry","category-toronto-gta"],"_links":{"self":[{"href":"https:\/\/diarioelpopular.com\/index.php\/wp-json\/wp\/v2\/posts\/524042","targetHints":{"allow":["GET"]}}],"collection":[{"href":"https:\/\/diarioelpopular.com\/index.php\/wp-json\/wp\/v2\/posts"}],"about":[{"href":"https:\/\/diarioelpopular.com\/index.php\/wp-json\/wp\/v2\/types\/post"}],"author":[{"embeddable":true,"href":"https:\/\/diarioelpopular.com\/index.php\/wp-json\/wp\/v2\/users\/99"}],"replies":[{"embeddable":true,"href":"https:\/\/diarioelpopular.com\/index.php\/wp-json\/wp\/v2\/comments?post=524042"}],"version-history":[{"count":1,"href":"https:\/\/diarioelpopular.com\/index.php\/wp-json\/wp\/v2\/posts\/524042\/revisions"}],"predecessor-version":[{"id":524044,"href":"https:\/\/diarioelpopular.com\/index.php\/wp-json\/wp\/v2\/posts\/524042\/revisions\/524044"}],"wp:featuredmedia":[{"embeddable":true,"href":"https:\/\/diarioelpopular.com\/index.php\/wp-json\/wp\/v2\/media\/524043"}],"wp:attachment":[{"href":"https:\/\/diarioelpopular.com\/index.php\/wp-json\/wp\/v2\/media?parent=524042"}],"wp:term":[{"taxonomy":"category","embeddable":true,"href":"https:\/\/diarioelpopular.com\/index.php\/wp-json\/wp\/v2\/categories?post=524042"},{"taxonomy":"post_tag","embeddable":true,"href":"https:\/\/diarioelpopular.com\/index.php\/wp-json\/wp\/v2\/tags?post=524042"}],"curies":[{"name":"wp","href":"https:\/\/api.w.org\/{rel}","templated":true}]}}