{"id":524046,"date":"2024-10-30T20:34:58","date_gmt":"2024-10-31T00:34:58","guid":{"rendered":"https:\/\/diarioelpopular.com\/?p=524046"},"modified":"2024-10-30T20:34:58","modified_gmt":"2024-10-31T00:34:58","slug":"milei-destituye-a-la-canciller-mondino-por-votar-en-contra-del-embargo-de-estados-unidos-a-cuba","status":"publish","type":"post","link":"https:\/\/diarioelpopular.com\/index.php\/2024\/10\/30\/milei-destituye-a-la-canciller-mondino-por-votar-en-contra-del-embargo-de-estados-unidos-a-cuba\/","title":{"rendered":"Milei destituye a la canciller Mondino por votar en contra del embargo de Estados Unidos a Cuba"},"content":{"rendered":"<p><img loading=\"lazy\" decoding=\"async\" class=\"alignnone size-custom-big-size wp-image-524047\" src=\"https:\/\/diarioelpopular.com\/wp-content\/uploads\/2024\/10\/Screen-Shot-2024-10-30-at-8.34.16-PM-1200x805.png\" alt=\"\" width=\"1200\" height=\"805\" srcset=\"https:\/\/diarioelpopular.com\/wp-content\/uploads\/2024\/10\/Screen-Shot-2024-10-30-at-8.34.16-PM-1200x805.png 1200w, https:\/\/diarioelpopular.com\/wp-content\/uploads\/2024\/10\/Screen-Shot-2024-10-30-at-8.34.16-PM-300x201.png 300w, https:\/\/diarioelpopular.com\/wp-content\/uploads\/2024\/10\/Screen-Shot-2024-10-30-at-8.34.16-PM-768x515.png 768w, https:\/\/diarioelpopular.com\/wp-content\/uploads\/2024\/10\/Screen-Shot-2024-10-30-at-8.34.16-PM-636x427.png 636w, https:\/\/diarioelpopular.com\/wp-content\/uploads\/2024\/10\/Screen-Shot-2024-10-30-at-8.34.16-PM-80x55.png 80w, https:\/\/diarioelpopular.com\/wp-content\/uploads\/2024\/10\/Screen-Shot-2024-10-30-at-8.34.16-PM-109x73.png 109w, https:\/\/diarioelpopular.com\/wp-content\/uploads\/2024\/10\/Screen-Shot-2024-10-30-at-8.34.16-PM.png 1024w\" sizes=\"auto, (max-width: 1200px) 100vw, 1200px\" \/><\/p>\n<p>&nbsp;<\/p>\n<h4 class=\"a_st\"><em>&#8211; Gerardo Werthein, hasta hoy embajador de Argentina en Washington, ser\u00e1 el nuevo responsable de la pol\u00edtica exterior del pa\u00eds sudamericano<\/em><\/h4>\n<p>&nbsp;<\/p>\n<p class=\"\">Javier Milei ha destituido a\u00a0<a href=\"https:\/\/elpais.com\/argentina\/2023-12-10\/el-gabinete-de-milei-reducido-heterodoxo-veterano-y-con-mas-hombres-que-mujeres.html\" data-link-track-dtm=\"\" data-mrf-link=\"https:\/\/elpais.com\/argentina\/2023-12-10\/el-gabinete-de-milei-reducido-heterodoxo-veterano-y-con-mas-hombres-que-mujeres.html\">Diana Mondino como canciller de Argentina<\/a>. La titular de la cartera de Exteriores hab\u00eda tenido cortocircuitos previos con el presidente de Argentina, pero la decisi\u00f3n que motiv\u00f3 su expulsi\u00f3n fue el voto de Argentina en Naciones Unidas contra el embargo estadounidense a Cuba. El Gobierno ultraderechista anunci\u00f3 que Mondino ser\u00e1 reemplazada por Gerardo Werthein, quien hasta hoy se desempe\u00f1aba como embajador de Argentina en Washington y era un hombre cercano al presidente y a su hermana y secretaria de la Presidencia, Karina Milei.<\/p>\n<p class=\"\">La Asamblea de la ONU volvi\u00f3 a aprobar una nueva resoluci\u00f3n de condena al embargo estadounidense a la isla caribe\u00f1a con el apoyo de 187 pa\u00edses y los \u00fanicos votos en contra de Estados Unidos e Israel. Debido al alineamiento de Milei con ambos pa\u00edses, se esperaba que Argentina cambiase de bando por primera vez y votase con ellos. No sucedi\u00f3 as\u00ed y Argentina mantuvo su postura hist\u00f3rica en contra del embargo, una decisi\u00f3n que le cost\u00f3 la cabeza a Mondino.<\/p>\n<p class=\"\">La resoluci\u00f3n de Naciones Unidas, que no es de cumplimiento obligatorio, critica el impacto \u201cinhumano\u201d de las sanciones vigentes y apela al respeto por la soberan\u00eda y el derecho a un desarrollo econ\u00f3mico independiente.<\/p>\n<p class=\"\">La Presidencia argentina ha argumentado la decisi\u00f3n a trav\u00e9s de<a href=\"https:\/\/x.com\/OPRArgentina\/status\/1851741216926310684\" target=\"_blank\" rel=\"noopener\" data-link-track-dtm=\"\" data-mrf-link=\"https:\/\/x.com\/OPRArgentina\/status\/1851741216926310684\">\u00a0un comunicado difundido por redes sociales<\/a>: \u201cNuestro pa\u00eds se opone categ\u00f3ricamente a la dictadura cubana y se mantendr\u00e1 firme en la promoci\u00f3n de una pol\u00edtica exterior que condene a todos los reg\u00edmenes que perpetuan la violaci\u00f3n de los derechos humanos y las libertades individuales\u201d. La primera reacci\u00f3n p\u00fablica de Milei fue en la misma direcci\u00f3n. El jefe de Estado retuite\u00f3 un mensaje de la diputada Sabrina Ajmechet en el que se expresaba \u201corgullosa de un Gobierno que no banca ni es c\u00f3mplice de dictadores\u201d.<\/p>\n<p>&nbsp;<\/p>\n<figure class=\"a_m a_m-h \">\n<p><div style=\"width: 424px\" class=\"wp-caption alignnone\"><img loading=\"lazy\" decoding=\"async\" class=\"_re lazyload a_m-h\" src=\"https:\/\/imagenes.elpais.com\/resizer\/v2\/IMXFGTGEBGYOT5YEH5TFAWIU5A.jpg?auth=7c3eaadfbdc1653877f2b284ad8b1f747b94181b3dcddae4afc356d5fe3c2273&amp;width=414\" sizes=\"auto, (min-width:1199px) 1155px,(min-width:1001px) calc(100vw - 44px),(min-width:768px) 767px, 100vw\" srcset=\"https:\/\/imagenes.elpais.com\/resizer\/v2\/IMXFGTGEBGYOT5YEH5TFAWIU5A.jpg?auth=7c3eaadfbdc1653877f2b284ad8b1f747b94181b3dcddae4afc356d5fe3c2273&amp;width=414 414w,https:\/\/imagenes.elpais.com\/resizer\/v2\/IMXFGTGEBGYOT5YEH5TFAWIU5A.jpg?auth=7c3eaadfbdc1653877f2b284ad8b1f747b94181b3dcddae4afc356d5fe3c2273&amp;width=828 640w,https:\/\/imagenes.elpais.com\/resizer\/v2\/IMXFGTGEBGYOT5YEH5TFAWIU5A.jpg?auth=7c3eaadfbdc1653877f2b284ad8b1f747b94181b3dcddae4afc356d5fe3c2273&amp;width=980 1000w,https:\/\/imagenes.elpais.com\/resizer\/v2\/IMXFGTGEBGYOT5YEH5TFAWIU5A.jpg?auth=7c3eaadfbdc1653877f2b284ad8b1f747b94181b3dcddae4afc356d5fe3c2273&amp;width=1960 1960w\" alt=\" Javier Milei presidente de Argentina y Gerardo Werthein en Buenos Aires (Argentina). En diciembre 2023.\" width=\"414\" height=\"278\" \/><p class=\"wp-caption-text\">Javier Milei presidente de Argentina y Gerardo Werthein en Buenos Aires (Argentina). En diciembre 2023.EFE<\/p><\/div><figcaption class=\"a_m_p\"><\/figcaption><\/figure>\n<p>&nbsp;<\/p>\n<p class=\"\">El comunicado oficial destaca tambi\u00e9n la necesidad de que el cuerpo diplom\u00e1tico argentino \u201crefleje en cada decisi\u00f3n los valores de libertad, soberan\u00eda y derechos individuales que caracterizan a las democracias occidentales\u201d. Como parte de ese giro pol\u00edtico, Milei instruy\u00f3 semanas atr\u00e1s a todos los diplom\u00e1ticos argentinos a oponerse a la Agenda 2030 de desarrollo sostenible en los foros internacionales, aunque en este punto su agenda no coincidi\u00f3 con Estados Unidos, que la defiende. Este mi\u00e9rcoles, lanz\u00f3 una fuerte advertencia contra quienes se nieguen a acatar la nueva doctrina y anticip\u00f3 que \u201cel Poder Ejecutivo iniciar\u00e1 una auditor\u00eda al personal de carrera de la Canciller\u00eda, con el objetivo de identificar impulsores de agendas enemigas de la libertad\u201d.<\/p>\n<h3 class=\"\">Conflictos diplom\u00e1ticos<\/h3>\n<p class=\"\">La destituci\u00f3n de Mondino parec\u00eda inminente desde hac\u00eda meses. Esta economista de 66 a\u00f1os, que carec\u00eda de experiencia diplom\u00e1tica, ocupaba buena parte de su gesti\u00f3n apagando los incendios que Milei encend\u00eda con insultos a pa\u00edses y presidentes. Pese a su trabajo de bombero en emergencias, hab\u00eda perdido la confianza de Milei y, sobre todo, de su hermana. Karina Milei se convirti\u00f3 con el tiempo en una interventora informal de la Canciller\u00eda a trav\u00e9s del nombramiento de gente de su confianza. Esos cargos iban en ocasiones incluso en contra de las decisiones de Mondino, la mayor parte de las veces m\u00e1s alineada con la tradici\u00f3n diplom\u00e1tica argentina que con los arranques presidenciales. El voto a favor de Cuba fue un ejemplo de eso.<\/p>\n<p class=\"\">El de Mondino fue el cuarto alto cargo obligado a dimitir en el reducido Gabinete ultra: antes fue el turno de los ministros de Infraestructura, Gerardo Ferraro; el jefe de Gabinete, Nicol\u00e1s Posse; y el de Salud, Mario Russo. Los cuadros de funcionarios medios que abandonaron la gesti\u00f3n durante los primeros diez meses de Gobierno son m\u00e1s de 80. Hace s\u00f3lo dos semanas, hab\u00eda renunciado el segundo de Mondino, Leopoldo Sahores.<\/p>\n<p class=\"\">Al frente de la Canciller\u00eda desde que Milei asumi\u00f3 el poder, el pasado 10 de diciembre, Mondino tuvo que comandar el cambio de rumbo ordenado por el presidente en medio de tormentas internas y externas. Se vio obligada a suavizar los numerosos encontronazos de Milei con l\u00edderes internacionales de centroizquierda, como el espa\u00f1ol Pedro S\u00e1nchez, el brasile\u00f1o Luiz In\u00e1cio Lula da Silva o el colombiano Gustavo Petro. Sin embargo, en mayo Mondino protagoniz\u00f3 una nueva pol\u00e9mica internacional al asegurar que<a href=\"https:\/\/elpais.com\/argentina\/2024-05-04\/la-canciller-de-argentina-tras-la-inspeccion-a-una-estacion-espacial-china-en-la-patagonia-son-chinos-son-todos-iguales.html\" data-link-track-dtm=\"\" data-mrf-link=\"https:\/\/elpais.com\/argentina\/2024-05-04\/la-canciller-de-argentina-tras-la-inspeccion-a-una-estacion-espacial-china-en-la-patagonia-son-chinos-son-todos-iguales.html\">\u00a0\u201clos chinos son todos iguales\u201d<\/a>\u00a0tras la visita a una base china en la Patagonia argentina. La canciller llevaba meses en la cuerda floja y con la votaci\u00f3n de este mi\u00e9rcoles, Milei termin\u00f3 por soltarle la mano.<\/p>\n<p class=\"\">Werthein, el hombre elegido para suceder a Mondino, es uno de los hombres de confianza del jefe de Estado. Este empresario de 68 a\u00f1os pertenece a una de las familias m\u00e1s ricas de Argentina, due\u00f1a del Grupo Werthein, un conglomerado de empresas vinculadas a las finanzas, las comunicaciones y la agricultura. Como embajador en Washington, ha secundado a Milei en sus seis viajes presidenciales a Estados Unidos. Anteriormente, se desempe\u00f1\u00f3 como presidente del Comit\u00e9 Ol\u00edmpico Argentino entre 2009 y 2021.<\/p>\n","protected":false},"excerpt":{"rendered":"<p>&nbsp; &#8211; Gerardo Werthein, hasta hoy embajador de Argentina en Washington, ser\u00e1 el nuevo responsable de la pol\u00edtica exterior del pa\u00eds sudamericano &nbsp; Javier Milei&hellip;<\/p>\n","protected":false},"author":99,"featured_media":524047,"comment_status":"open","ping_status":"open","sticky":false,"template":"","format":"standard","meta":{"footnotes":""},"categories":[23],"tags":[],"class_list":["post-524046","post","type-post","status-publish","format-standard","has-post-thumbnail","hentry","category-latinoamerica"],"_links":{"self":[{"href":"https:\/\/diarioelpopular.com\/index.php\/wp-json\/wp\/v2\/posts\/524046","targetHints":{"allow":["GET"]}}],"collection":[{"href":"https:\/\/diarioelpopular.com\/index.php\/wp-json\/wp\/v2\/posts"}],"about":[{"href":"https:\/\/diarioelpopular.com\/index.php\/wp-json\/wp\/v2\/types\/post"}],"author":[{"embeddable":true,"href":"https:\/\/diarioelpopular.com\/index.php\/wp-json\/wp\/v2\/users\/99"}],"replies":[{"embeddable":true,"href":"https:\/\/diarioelpopular.com\/index.php\/wp-json\/wp\/v2\/comments?post=524046"}],"version-history":[{"count":1,"href":"https:\/\/diarioelpopular.com\/index.php\/wp-json\/wp\/v2\/posts\/524046\/revisions"}],"predecessor-version":[{"id":524048,"href":"https:\/\/diarioelpopular.com\/index.php\/wp-json\/wp\/v2\/posts\/524046\/revisions\/524048"}],"wp:featuredmedia":[{"embeddable":true,"href":"https:\/\/diarioelpopular.com\/index.php\/wp-json\/wp\/v2\/media\/524047"}],"wp:attachment":[{"href":"https:\/\/diarioelpopular.com\/index.php\/wp-json\/wp\/v2\/media?parent=524046"}],"wp:term":[{"taxonomy":"category","embeddable":true,"href":"https:\/\/diarioelpopular.com\/index.php\/wp-json\/wp\/v2\/categories?post=524046"},{"taxonomy":"post_tag","embeddable":true,"href":"https:\/\/diarioelpopular.com\/index.php\/wp-json\/wp\/v2\/tags?post=524046"}],"curies":[{"name":"wp","href":"https:\/\/api.w.org\/{rel}","templated":true}]}}