{"id":524069,"date":"2024-10-31T09:09:16","date_gmt":"2024-10-31T13:09:16","guid":{"rendered":"https:\/\/diarioelpopular.com\/?p=524069"},"modified":"2024-10-31T09:09:16","modified_gmt":"2024-10-31T13:09:16","slug":"camioneta-embiste-a-autobus-de-ttc-y-envia-a-varias-personas-al-hospital","status":"publish","type":"post","link":"https:\/\/diarioelpopular.com\/index.php\/2024\/10\/31\/camioneta-embiste-a-autobus-de-ttc-y-envia-a-varias-personas-al-hospital\/","title":{"rendered":"Camioneta embiste a autobus de TTC y env\u00eda a varias personas al hospital"},"content":{"rendered":"<p><img loading=\"lazy\" decoding=\"async\" class=\"alignnone size-custom-full-size wp-image-524070\" src=\"https:\/\/diarioelpopular.com\/wp-content\/uploads\/2024\/10\/Screen-Shot-2024-10-31-at-9.08.48-AM-636x397.png\" alt=\"\" width=\"636\" height=\"397\" srcset=\"https:\/\/diarioelpopular.com\/wp-content\/uploads\/2024\/10\/Screen-Shot-2024-10-31-at-9.08.48-AM-636x397.png 636w, https:\/\/diarioelpopular.com\/wp-content\/uploads\/2024\/10\/Screen-Shot-2024-10-31-at-9.08.48-AM-300x187.png 300w, https:\/\/diarioelpopular.com\/wp-content\/uploads\/2024\/10\/Screen-Shot-2024-10-31-at-9.08.48-AM-768x480.png 768w, https:\/\/diarioelpopular.com\/wp-content\/uploads\/2024\/10\/Screen-Shot-2024-10-31-at-9.08.48-AM-117x73.png 117w, https:\/\/diarioelpopular.com\/wp-content\/uploads\/2024\/10\/Screen-Shot-2024-10-31-at-9.08.48-AM.png 852w\" sizes=\"auto, (max-width: 636px) 100vw, 636px\" \/><\/p>\n<p>&nbsp;<\/p>\n<ul>\n<li><em><strong>Al menos ocho personas resultaron heridas y una persona se enfrenta a cargos despu\u00e9s de un accidente a gran velocidad durante la noche que involucr\u00f3 a un autob\u00fas de la TTC la madrugada de este jueves en North York.<\/strong><\/em><\/li>\n<\/ul>\n<p>&nbsp;<\/p>\n<p>El conductor de un autob\u00fas de la TTC y varios pasajeros resultaron heridos en la colisi\u00f3n cerca de Yonge y Finch, donde se presume que una camioneta se estrell\u00f3 contra el veh\u00edculo de tr\u00e1nsito a gran velocidad alrededor de las 4:20 a.m.<\/p>\n<p>La polic\u00eda alega que el conductor de la camioneta, que tambi\u00e9n result\u00f3 herido en el accidente, huy\u00f3 del lugar pero fue arrestado m\u00e1s tarde.<\/p>\n<p>Seis personas fueron trasladadas al hospital, tres fueron tratadas en un centro de traumatolog\u00eda por lesiones graves pero que no pusieron en peligro su vida y otras tres sufrieron heridas leves.<\/p>\n<p>El director ejecutivo interino de la TTC, Greg Percy, emiti\u00f3 un comunicado sobre el accidente, reconociendo que &#8220;poco despu\u00e9s de las 4 a.m. de esta ma\u00f1ana, uno de nuestros autobuses estuvo involucrado en una colisi\u00f3n grave en el \u00e1rea de Yonge y Finch&#8221;.<\/p>\n<p>&#8220;El operador ha sido trasladado al hospital junto con varios clientes que estaban en el autob\u00fas. Comparto la preocupaci\u00f3n de todos por el bienestar de nuestro colega y nuestros clientes. Nuestros pensamientos est\u00e1n con todos ellos en este momento&#8221;.<\/p>\n<p>Percy asegur\u00f3 a los pasajeros y empleados que la seguridad &#8220;es lo m\u00e1s importante para m\u00ed&#8221;, y agreg\u00f3 que &#8220;el incidente de hoy es un triste recordatorio de los desaf\u00edos que enfrenta la TTC en las carreteras todos los d\u00edas&#8221;.<\/p>\n<p>&#8220;Apoyaremos al operador y a cualquier empleado que lo necesite como resultado de este incidente&#8221;, dijo Percy, y agreg\u00f3 que la TTC tambi\u00e9n seguir\u00e1 ayudando a los Servicios de Polic\u00eda de Toronto en su investigaci\u00f3n.<\/p>\n","protected":false},"excerpt":{"rendered":"<p>&nbsp; Al menos ocho personas resultaron heridas y una persona se enfrenta a cargos despu\u00e9s de un accidente a gran velocidad durante la noche que&hellip;<\/p>\n","protected":false},"author":99,"featured_media":524070,"comment_status":"open","ping_status":"open","sticky":false,"template":"","format":"standard","meta":{"footnotes":""},"categories":[11364],"tags":[],"class_list":["post-524069","post","type-post","status-publish","format-standard","has-post-thumbnail","hentry","category-toronto-gta"],"_links":{"self":[{"href":"https:\/\/diarioelpopular.com\/index.php\/wp-json\/wp\/v2\/posts\/524069","targetHints":{"allow":["GET"]}}],"collection":[{"href":"https:\/\/diarioelpopular.com\/index.php\/wp-json\/wp\/v2\/posts"}],"about":[{"href":"https:\/\/diarioelpopular.com\/index.php\/wp-json\/wp\/v2\/types\/post"}],"author":[{"embeddable":true,"href":"https:\/\/diarioelpopular.com\/index.php\/wp-json\/wp\/v2\/users\/99"}],"replies":[{"embeddable":true,"href":"https:\/\/diarioelpopular.com\/index.php\/wp-json\/wp\/v2\/comments?post=524069"}],"version-history":[{"count":1,"href":"https:\/\/diarioelpopular.com\/index.php\/wp-json\/wp\/v2\/posts\/524069\/revisions"}],"predecessor-version":[{"id":524071,"href":"https:\/\/diarioelpopular.com\/index.php\/wp-json\/wp\/v2\/posts\/524069\/revisions\/524071"}],"wp:featuredmedia":[{"embeddable":true,"href":"https:\/\/diarioelpopular.com\/index.php\/wp-json\/wp\/v2\/media\/524070"}],"wp:attachment":[{"href":"https:\/\/diarioelpopular.com\/index.php\/wp-json\/wp\/v2\/media?parent=524069"}],"wp:term":[{"taxonomy":"category","embeddable":true,"href":"https:\/\/diarioelpopular.com\/index.php\/wp-json\/wp\/v2\/categories?post=524069"},{"taxonomy":"post_tag","embeddable":true,"href":"https:\/\/diarioelpopular.com\/index.php\/wp-json\/wp\/v2\/tags?post=524069"}],"curies":[{"name":"wp","href":"https:\/\/api.w.org\/{rel}","templated":true}]}}