{"id":524080,"date":"2024-10-31T09:21:13","date_gmt":"2024-10-31T13:21:13","guid":{"rendered":"https:\/\/diarioelpopular.com\/?p=524080"},"modified":"2024-10-31T09:21:13","modified_gmt":"2024-10-31T13:21:13","slug":"madre-con-sus-dos-se-lanzo-a-la-cataratas","status":"publish","type":"post","link":"https:\/\/diarioelpopular.com\/index.php\/2024\/10\/31\/madre-con-sus-dos-se-lanzo-a-la-cataratas\/","title":{"rendered":"Madre con sus dos se lanz\u00f3 a la cataratas"},"content":{"rendered":"<div id=\"attachment_524081\" style=\"width: 646px\" class=\"wp-caption alignnone\"><img loading=\"lazy\" decoding=\"async\" aria-describedby=\"caption-attachment-524081\" class=\"wp-image-524081 size-custom-full-size\" src=\"https:\/\/diarioelpopular.com\/wp-content\/uploads\/2024\/10\/Screen-Shot-2024-10-31-at-9.20.30-AM-636x398.png\" alt=\"\" width=\"636\" height=\"398\" srcset=\"https:\/\/diarioelpopular.com\/wp-content\/uploads\/2024\/10\/Screen-Shot-2024-10-31-at-9.20.30-AM-636x398.png 636w, https:\/\/diarioelpopular.com\/wp-content\/uploads\/2024\/10\/Screen-Shot-2024-10-31-at-9.20.30-AM-300x188.png 300w, https:\/\/diarioelpopular.com\/wp-content\/uploads\/2024\/10\/Screen-Shot-2024-10-31-at-9.20.30-AM-768x481.png 768w, https:\/\/diarioelpopular.com\/wp-content\/uploads\/2024\/10\/Screen-Shot-2024-10-31-at-9.20.30-AM-117x73.png 117w, https:\/\/diarioelpopular.com\/wp-content\/uploads\/2024\/10\/Screen-Shot-2024-10-31-at-9.20.30-AM.png 846w\" sizes=\"auto, (max-width: 636px) 100vw, 636px\" \/><p id=\"caption-attachment-524081\" class=\"wp-caption-text\">Foto archivo<\/p><\/div>\n<p>&nbsp;<\/p>\n<p>&nbsp;<\/p>\n<p>Una madre de 33 a\u00f1os se subi\u00f3 a una barandilla de seguridad y salt\u00f3 intencionalmente las cataratas del Ni\u00e1gara con sus dos hijos, uno de 9 a\u00f1os y otro de 5 meses, seg\u00fan la polic\u00eda que dijo el mi\u00e9rcoles que los esfuerzos de b\u00fasqueda y rescate no tuvieron \u00e9xito.<\/p>\n<p>Las autoridades respondieron al parque alrededor de las 9 de la noche del lunes y determinaron que la familia se salt\u00f3 la barandilla que junto con Bridal Veil Falls y Horseshoe Falls, conforman la popular atracci\u00f3n tur\u00edstica.<\/p>\n<p>&#8220;La investigaci\u00f3n ha determinado que este incidente fue intencional por naturaleza, aunque las circunstancias siguen bajo investigaci\u00f3n&#8221;, dijo la polic\u00eda local en un comunicado de prensa.<\/p>\n<p>Las autoridades est\u00e1n utilizando aviones no tripulados y unidades submarinas en la investigaci\u00f3n para localizar los cuerpos.<\/p>\n","protected":false},"excerpt":{"rendered":"<p>&nbsp; &nbsp; Una madre de 33 a\u00f1os se subi\u00f3 a una barandilla de seguridad y salt\u00f3 intencionalmente las cataratas del Ni\u00e1gara con sus dos hijos,&hellip;<\/p>\n","protected":false},"author":99,"featured_media":524081,"comment_status":"open","ping_status":"open","sticky":false,"template":"","format":"standard","meta":{"footnotes":""},"categories":[21],"tags":[],"class_list":["post-524080","post","type-post","status-publish","format-standard","has-post-thumbnail","hentry","category-canada"],"_links":{"self":[{"href":"https:\/\/diarioelpopular.com\/index.php\/wp-json\/wp\/v2\/posts\/524080","targetHints":{"allow":["GET"]}}],"collection":[{"href":"https:\/\/diarioelpopular.com\/index.php\/wp-json\/wp\/v2\/posts"}],"about":[{"href":"https:\/\/diarioelpopular.com\/index.php\/wp-json\/wp\/v2\/types\/post"}],"author":[{"embeddable":true,"href":"https:\/\/diarioelpopular.com\/index.php\/wp-json\/wp\/v2\/users\/99"}],"replies":[{"embeddable":true,"href":"https:\/\/diarioelpopular.com\/index.php\/wp-json\/wp\/v2\/comments?post=524080"}],"version-history":[{"count":1,"href":"https:\/\/diarioelpopular.com\/index.php\/wp-json\/wp\/v2\/posts\/524080\/revisions"}],"predecessor-version":[{"id":524082,"href":"https:\/\/diarioelpopular.com\/index.php\/wp-json\/wp\/v2\/posts\/524080\/revisions\/524082"}],"wp:featuredmedia":[{"embeddable":true,"href":"https:\/\/diarioelpopular.com\/index.php\/wp-json\/wp\/v2\/media\/524081"}],"wp:attachment":[{"href":"https:\/\/diarioelpopular.com\/index.php\/wp-json\/wp\/v2\/media?parent=524080"}],"wp:term":[{"taxonomy":"category","embeddable":true,"href":"https:\/\/diarioelpopular.com\/index.php\/wp-json\/wp\/v2\/categories?post=524080"},{"taxonomy":"post_tag","embeddable":true,"href":"https:\/\/diarioelpopular.com\/index.php\/wp-json\/wp\/v2\/tags?post=524080"}],"curies":[{"name":"wp","href":"https:\/\/api.w.org\/{rel}","templated":true}]}}