{"id":524102,"date":"2024-10-31T10:11:20","date_gmt":"2024-10-31T14:11:20","guid":{"rendered":"https:\/\/diarioelpopular.com\/?p=524102"},"modified":"2024-10-31T10:11:20","modified_gmt":"2024-10-31T14:11:20","slug":"por-que-el-aumento-de-las-danas-el-fenomeno-meteorologico-que-causo-la-tragedia-en-espana-es-otra-consecuencia-del-cambio-climatico","status":"publish","type":"post","link":"https:\/\/diarioelpopular.com\/index.php\/2024\/10\/31\/por-que-el-aumento-de-las-danas-el-fenomeno-meteorologico-que-causo-la-tragedia-en-espana-es-otra-consecuencia-del-cambio-climatico\/","title":{"rendered":"Por qu\u00e9 el aumento de las DANAS, el fen\u00f3meno meteorol\u00f3gico que caus\u00f3 la tragedia en Espa\u00f1a, es otra consecuencia del cambio clim\u00e1tico"},"content":{"rendered":"<div id=\"attachment_524103\" style=\"width: 646px\" class=\"wp-caption alignnone\"><img loading=\"lazy\" decoding=\"async\" aria-describedby=\"caption-attachment-524103\" class=\"wp-image-524103 size-custom-full-size\" src=\"https:\/\/diarioelpopular.com\/wp-content\/uploads\/2024\/10\/Screen-Shot-2024-10-31-at-10.10.40-AM-636x411.png\" alt=\"\" width=\"636\" height=\"411\" srcset=\"https:\/\/diarioelpopular.com\/wp-content\/uploads\/2024\/10\/Screen-Shot-2024-10-31-at-10.10.40-AM-636x411.png 636w, https:\/\/diarioelpopular.com\/wp-content\/uploads\/2024\/10\/Screen-Shot-2024-10-31-at-10.10.40-AM-300x194.png 300w, https:\/\/diarioelpopular.com\/wp-content\/uploads\/2024\/10\/Screen-Shot-2024-10-31-at-10.10.40-AM-768x497.png 768w, https:\/\/diarioelpopular.com\/wp-content\/uploads\/2024\/10\/Screen-Shot-2024-10-31-at-10.10.40-AM-85x55.png 85w, https:\/\/diarioelpopular.com\/wp-content\/uploads\/2024\/10\/Screen-Shot-2024-10-31-at-10.10.40-AM-113x73.png 113w, https:\/\/diarioelpopular.com\/wp-content\/uploads\/2024\/10\/Screen-Shot-2024-10-31-at-10.10.40-AM.png 1024w\" sizes=\"auto, (max-width: 636px) 100vw, 636px\" \/><p id=\"caption-attachment-524103\" class=\"wp-caption-text\">Cada vez las lluvias torrenciales en ciertas zonas de Europa son m\u00e1s intensas.<\/p><\/div>\n<p>&nbsp;<\/p>\n<div class=\"bbc-19j92fr ebmt73l0\" dir=\"ltr\">\n<ul>\n<li class=\"bbc-hhl7in e17g058b0\" dir=\"ltr\"><em><b>Aunque los cient\u00edficos son reacios a se\u00f1alar que alg\u00fan evento extremo del clima tiene que ver con el calentamiento global, lo cierto es que s\u00ed han se\u00f1alado que el aumento de las temperaturas han hecho que las inundaciones que ocurrieron este mi\u00e9rcoles en Espa\u00f1a hayan sido unas de las peores de la historia.<\/b><\/em><\/li>\n<\/ul>\n<\/div>\n<div class=\"bbc-19j92fr ebmt73l0\" dir=\"ltr\">\n<p dir=\"ltr\">\n<p dir=\"ltr\">\n<p class=\"bbc-hhl7in e17g058b0\" dir=\"ltr\">\u201cNo tenemos la menor duda que estas lluvias torrenciales, masivas y explosivas se han intensificado por el cambio clim\u00e1tico\u201d, dijo Friederike Otto quien dirige un grupo internacional de cient\u00edficos que investiga el rol del calentamiento planetario en este tipo de eventos naturales.<\/p>\n<\/div>\n<div class=\"bbc-19j92fr ebmt73l0\" dir=\"ltr\">\n<p class=\"bbc-hhl7in e17g058b0\" dir=\"ltr\">\u201cCon cada fracci\u00f3n de grado de calentamiento causada por los combustibles f\u00f3siles, la atm\u00f3sfera puede retener m\u00e1s humedad, lo que provoca r\u00e1fagas de lluvias m\u00e1s intensas&#8221;, se\u00f1ala<\/p>\n<\/div>\n<div class=\"bbc-19j92fr ebmt73l0\" dir=\"ltr\">\n<p class=\"bbc-hhl7in e17g058b0\" dir=\"ltr\">Los investigadores del clima dicen que la principal causa de la intensa lluvia, conocida como DANA, es un evento natural que impacta a Espa\u00f1a durante las \u00e9pocas del oto\u00f1o y el invierno boreal.<\/p>\n<\/div>\n<section class=\"bbc-geybui\" role=\"region\" aria-label=\"Publicidad 2\" aria-hidden=\"true\" data-e2e=\"advertisement\"><\/section>\n<div class=\"bbc-19j92fr ebmt73l0\" dir=\"ltr\">\n<p class=\"bbc-hhl7in e17g058b0\" dir=\"ltr\">Tambi\u00e9n conocida como \u201cgota fr\u00eda\u201d, este fen\u00f3meno ocurre cuando el aire helado desciende a las aguas c\u00e1lidas del mar Mediterr\u00e1neo, que ha experimentado condiciones extremas de calor en los \u00faltimos dos a\u00f1os.<\/p>\n<\/div>\n<div class=\"bbc-19j92fr ebmt73l0\" dir=\"ltr\">\n<p class=\"bbc-hhl7in e17g058b0\" dir=\"ltr\">El aire h\u00famedo y caliente sobre la superficie del mar asciende rapidamente, lo que crea enormes columnas de nubes que son capaces de retener enormes cantidades de lluvia.<\/p>\n<\/div>\n<div class=\"bbc-19j92fr ebmt73l0\" dir=\"ltr\">\n<p class=\"bbc-hhl7in e17g058b0\" dir=\"ltr\">Los investigadores dicen que el cambio clim\u00e1tico afect\u00f3 directamente la cantidad de lluvia que transportaban estas nubes,\u00a0increment\u00e1ndose en un 7% por cada grado cent\u00edgrado de calentamiento.<\/p>\n<p dir=\"ltr\">\n<\/div>\n<figure class=\"bbc-1qn0xuy\">\n<div class=\"bbc-18ywsw9\">\n<div style=\"width: 1034px\" class=\"wp-caption alignnone\"><img loading=\"lazy\" decoding=\"async\" class=\"bbc-139onq\" src=\"https:\/\/ichef.bbci.co.uk\/ace\/ws\/640\/cpsprodpb\/d2f9\/live\/1f3084e0-9786-11ef-a41c-dd1648bd8502.jpg.webp\" alt=\"Personas caminando entre autos destruidos.\" width=\"1024\" height=\"683\" \/><p class=\"wp-caption-text\">Fuente de la imagen,Getty Images.\u00a0\u00a0Al menos entre 90 y cien personas murieron debido a la tormenta que se precipit\u00f3 sobre Valencia este mi\u00e9rcoles.<\/p><\/div>\n<\/div>\n<\/figure>\n<div class=\"bbc-19j92fr ebmt73l0\" dir=\"ltr\">\n<h2 tabindex=\"-1\"><\/h2>\n<h2 id=\"Tierra-calcinada\" class=\"bbc-1f03ibc eglt09e0\" tabindex=\"-1\">Tierra calcinada<\/h2>\n<\/div>\n<div class=\"bbc-19j92fr ebmt73l0\" dir=\"ltr\">\n<p class=\"bbc-hhl7in e17g058b0\" dir=\"ltr\">Cuando la lluvia comienza a precipitarse, lo hace con mayor intensidad sobre suelos que no son m\u00e1s capaces de absorber altos niveles de agua.<\/p>\n<\/div>\n<div class=\"bbc-19j92fr ebmt73l0\" dir=\"ltr\">\n<p class=\"bbc-hhl7in e17g058b0\" dir=\"ltr\">&#8220;Adem\u00e1s del aumento de las precipitaciones extremas, estamos viendo veranos m\u00e1s calurosos que pueden quemar el suelo y reducir su capacidad para absorber agua&#8221;, afirm\u00f3 el profesor Mark Smith, de la Universidad de Leeds.<\/p>\n<\/div>\n<div class=\"bbc-19j92fr ebmt73l0\" dir=\"ltr\">\n<p class=\"bbc-hhl7in e17g058b0\" dir=\"ltr\">&#8220;A su vez, esto amplifica los efectos m\u00e1s directos del aumento de la intensidad de las precipitaciones a medida que m\u00e1s agua llega a los r\u00edos&#8221;, se\u00f1al\u00f3.<\/p>\n<\/div>\n<div class=\"bbc-19j92fr ebmt73l0\" dir=\"ltr\">\n<p class=\"bbc-hhl7in e17g058b0\" dir=\"ltr\">Tambi\u00e9n existe cierto debate entre los cient\u00edficos sobre si un mundo m\u00e1s c\u00e1lido hace que estas tormentas se muevan de forma m\u00e1s lenta, lo que aumentar\u00eda la cantidad de lluvia que producen.<\/p>\n<\/div>\n<div class=\"bbc-19j92fr ebmt73l0\" dir=\"ltr\">\n<p class=\"bbc-hhl7in e17g058b0\" dir=\"ltr\">Este a\u00f1o se han visto algunas evidencias de este tipo de tormentas y la devastaci\u00f3n que pueden traer.<\/p>\n<\/div>\n<div class=\"bbc-19j92fr ebmt73l0\" dir=\"ltr\">\n<p class=\"bbc-hhl7in e17g058b0\" dir=\"ltr\">En septiembre, la tormenta Boris trajo muerte y destrucci\u00f3n a varios pa\u00edses de Europa Central, nuevamente intensificada por el intenso calor en el Mediterr\u00e1neo.<\/p>\n<p dir=\"ltr\">\n<\/div>\n<figure class=\"bbc-1qn0xuy\">\n<div class=\"bbc-18ywsw9\">\n<div style=\"width: 1034px\" class=\"wp-caption alignnone\"><img loading=\"lazy\" decoding=\"async\" class=\"bbc-139onq\" src=\"https:\/\/ichef.bbci.co.uk\/ace\/ws\/640\/cpsprodpb\/edbe\/live\/193641a0-9787-11ef-a41c-dd1648bd8502.jpg.webp\" alt=\"Personas limpiando el barro. \" width=\"1024\" height=\"683\" \/><p class=\"wp-caption-text\">Fuente de la imagen,Getty Images.\u00a0\u00a0Otro de los grandes problemas, se\u00f1alan los cient\u00edficos, es que es muy dif\u00edcil predecir la intensidad y el lugar donde una tormenta de estas caracter\u00edsticas se va a precipitar.<\/p><\/div>\n<p class=\"bbc-by8ykd\" role=\"text\">\n<\/div>\n<\/figure>\n<div class=\"bbc-19j92fr ebmt73l0\" dir=\"ltr\">\n<p dir=\"ltr\">\n<p dir=\"ltr\">\n<p class=\"bbc-hhl7in e17g058b0\" dir=\"ltr\">Los cient\u00edficos dijeron que la amenaza de las tormentas que avanzan lento se hab\u00eda hecho dos veces m\u00e1s probable debido al cambio clim\u00e1tico.<\/p>\n<\/div>\n<div class=\"bbc-19j92fr ebmt73l0\" dir=\"ltr\">\n<p class=\"bbc-hhl7in e17g058b0\" dir=\"ltr\">En Espa\u00f1a, la falta de advertencias precisas ha generado cr\u00edticas de que se podr\u00eda haber hecho m\u00e1s para prevenir la tragedia, sobre las personas que murieron.<\/p>\n<\/div>\n<div class=\"bbc-19j92fr ebmt73l0\" dir=\"ltr\">\n<p class=\"bbc-hhl7in e17g058b0\" dir=\"ltr\">Pero los meteor\u00f3logos anotan que\u00a0predecir el movimiento, la velocidad y la intensidad de una tormenta es un poco complejo.<\/p>\n<\/div>\n<div class=\"bbc-19j92fr ebmt73l0\" dir=\"ltr\">\n<p class=\"bbc-hhl7in e17g058b0\" dir=\"ltr\">\u201cLas advertencias pueden salvar vidas al ayudar a las personas a buscar terrenos m\u00e1s altos y seguros antes de una inundaci\u00f3n. Pero, como hemos visto hoy en Espa\u00f1a, es incre\u00edblemente dif\u00edcil emitir avisos de tormentas intensas porque a menudo no se conoce de antemano la ubicaci\u00f3n exacta de las precipitaciones m\u00e1s intensas\u201d, le dijo a la BBC Linda Speight, de la Universidad de Oxford y experta en temas del clima.<\/p>\n<\/div>\n<div class=\"bbc-19j92fr ebmt73l0\" dir=\"ltr\">\n<p class=\"bbc-hhl7in e17g058b0\" dir=\"ltr\">\u201cLos cient\u00edficos est\u00e1n trabajando para encontrar soluciones innovadoras para este desaf\u00edo. No va a ser un problema f\u00e1cil de resolver\u201d, explic\u00f3.<\/p>\n<\/div>\n<div class=\"bbc-19j92fr ebmt73l0\" dir=\"ltr\">\n<p class=\"bbc-hhl7in e17g058b0\" dir=\"ltr\">Un problema que las inundaciones en Espa\u00f1a han puesto de relieve es la incapacidad de la infraestructura moderna para hacer frente a inundaciones extremas.<\/p>\n<\/div>\n<div class=\"bbc-19j92fr ebmt73l0\" dir=\"ltr\">\n<p class=\"bbc-hhl7in e17g058b0\" dir=\"ltr\">Como han afirmado algunos investigadores, nuestras carreteras, puentes y calles est\u00e1n construidas para hacer frente al clima del siglo pasado, no al que tenemos ahora.<\/p>\n<\/div>\n","protected":false},"excerpt":{"rendered":"<p>&nbsp; Aunque los cient\u00edficos son reacios a se\u00f1alar que alg\u00fan evento extremo del clima tiene que ver con el calentamiento global, lo cierto es que&hellip;<\/p>\n","protected":false},"author":99,"featured_media":524103,"comment_status":"open","ping_status":"open","sticky":false,"template":"","format":"standard","meta":{"footnotes":""},"categories":[24],"tags":[],"class_list":["post-524102","post","type-post","status-publish","format-standard","has-post-thumbnail","hentry","category-mundo"],"_links":{"self":[{"href":"https:\/\/diarioelpopular.com\/index.php\/wp-json\/wp\/v2\/posts\/524102","targetHints":{"allow":["GET"]}}],"collection":[{"href":"https:\/\/diarioelpopular.com\/index.php\/wp-json\/wp\/v2\/posts"}],"about":[{"href":"https:\/\/diarioelpopular.com\/index.php\/wp-json\/wp\/v2\/types\/post"}],"author":[{"embeddable":true,"href":"https:\/\/diarioelpopular.com\/index.php\/wp-json\/wp\/v2\/users\/99"}],"replies":[{"embeddable":true,"href":"https:\/\/diarioelpopular.com\/index.php\/wp-json\/wp\/v2\/comments?post=524102"}],"version-history":[{"count":1,"href":"https:\/\/diarioelpopular.com\/index.php\/wp-json\/wp\/v2\/posts\/524102\/revisions"}],"predecessor-version":[{"id":524104,"href":"https:\/\/diarioelpopular.com\/index.php\/wp-json\/wp\/v2\/posts\/524102\/revisions\/524104"}],"wp:featuredmedia":[{"embeddable":true,"href":"https:\/\/diarioelpopular.com\/index.php\/wp-json\/wp\/v2\/media\/524103"}],"wp:attachment":[{"href":"https:\/\/diarioelpopular.com\/index.php\/wp-json\/wp\/v2\/media?parent=524102"}],"wp:term":[{"taxonomy":"category","embeddable":true,"href":"https:\/\/diarioelpopular.com\/index.php\/wp-json\/wp\/v2\/categories?post=524102"},{"taxonomy":"post_tag","embeddable":true,"href":"https:\/\/diarioelpopular.com\/index.php\/wp-json\/wp\/v2\/tags?post=524102"}],"curies":[{"name":"wp","href":"https:\/\/api.w.org\/{rel}","templated":true}]}}