{"id":524105,"date":"2024-10-31T10:15:31","date_gmt":"2024-10-31T14:15:31","guid":{"rendered":"https:\/\/diarioelpopular.com\/?p=524105"},"modified":"2024-10-31T10:15:31","modified_gmt":"2024-10-31T14:15:31","slug":"es-donald-trump-un-fascista-como-lo-acusa-uno-de-sus-principales-exasesores","status":"publish","type":"post","link":"https:\/\/diarioelpopular.com\/index.php\/2024\/10\/31\/es-donald-trump-un-fascista-como-lo-acusa-uno-de-sus-principales-exasesores\/","title":{"rendered":"\u00bfEs Donald Trump un fascista como lo acusa uno de sus principales exasesores?"},"content":{"rendered":"<div id=\"attachment_524106\" style=\"width: 646px\" class=\"wp-caption alignnone\"><img loading=\"lazy\" decoding=\"async\" aria-describedby=\"caption-attachment-524106\" class=\"wp-image-524106 size-custom-full-size\" src=\"https:\/\/diarioelpopular.com\/wp-content\/uploads\/2024\/10\/Screen-Shot-2024-10-31-at-10.14.40-AM-636x359.png\" alt=\"\" width=\"636\" height=\"359\" srcset=\"https:\/\/diarioelpopular.com\/wp-content\/uploads\/2024\/10\/Screen-Shot-2024-10-31-at-10.14.40-AM-636x359.png 636w, https:\/\/diarioelpopular.com\/wp-content\/uploads\/2024\/10\/Screen-Shot-2024-10-31-at-10.14.40-AM-300x169.png 300w, https:\/\/diarioelpopular.com\/wp-content\/uploads\/2024\/10\/Screen-Shot-2024-10-31-at-10.14.40-AM-768x433.png 768w, https:\/\/diarioelpopular.com\/wp-content\/uploads\/2024\/10\/Screen-Shot-2024-10-31-at-10.14.40-AM-129x73.png 129w, https:\/\/diarioelpopular.com\/wp-content\/uploads\/2024\/10\/Screen-Shot-2024-10-31-at-10.14.40-AM.png 1024w\" sizes=\"auto, (max-width: 636px) 100vw, 636px\" \/><p id=\"caption-attachment-524106\" class=\"wp-caption-text\">Las opiniones est\u00e1n divididas con respecto a sobre si Trump es un fascista o un populista del siglo XXI.<\/p><\/div>\n<p>&nbsp;<\/p>\n<p>&nbsp;<\/p>\n<div class=\"bbc-19j92fr ebmt73l0\" dir=\"ltr\">\n<ul>\n<li class=\"bbc-hhl7in e17g058b0\" dir=\"ltr\"><em><b>El general estadounidense John Kelly -el jefe de gabinete que m\u00e1s dur\u00f3 en su cargo durante la administraci\u00f3n de Donald Trump- expres\u00f3 p\u00fablicamente esta semana su preocupaci\u00f3n de que el expresidente pudiera cumplir con la definici\u00f3n de fascista.<\/b><\/em><\/li>\n<\/ul>\n<\/div>\n<div class=\"bbc-19j92fr ebmt73l0\" dir=\"ltr\">\n<p dir=\"ltr\">\n<p dir=\"ltr\">\n<p class=\"bbc-hhl7in e17g058b0\" dir=\"ltr\">En declaraciones al\u00a0<i class=\"bbc-h1y5j7 eih42320\">New York Times<\/i>, Kelly declar\u00f3 que Trump \u201cgobernar\u00eda como un dictador si se lo permitieran\u201d. D\u00edas despu\u00e9s, en una entrevista, la vicepresidenta Kamala Harris estuvo de acuerdo con \u00e9l.<\/p>\n<\/div>\n<div class=\"bbc-19j92fr ebmt73l0\" dir=\"ltr\">\n<p class=\"bbc-hhl7in e17g058b0\" dir=\"ltr\">Trump respondi\u00f3 en su estilo habitual.\u00a0En su red social\u00a0<i class=\"bbc-h1y5j7 eih42320\">Truth Social<\/i>, llam\u00f3 a Kelly \u201cun degenerado\u2026\u00a0que se invent\u00f3 una historia motivado por el S\u00edndrome de Trastorno de Odio por Trump\u201d.<\/p>\n<\/div>\n<div class=\"bbc-19j92fr ebmt73l0\" dir=\"ltr\">\n<p class=\"bbc-hhl7in e17g058b0\" dir=\"ltr\">Tambi\u00e9n se dirigi\u00f3 a X, acusando falsamente a Harris de \u201cllegar tan lejos como para llamarme Adolf Hitler, y cualquier otra cosa que se le ocurra\u201d. En realidad, Harris no lo ha llamado \u201cHitler\u201d. Curiosamente, fue su propio compa\u00f1ero de f\u00f3rmula, J.D. Vance, quien una vez lo llam\u00f3 \u201cel Hitler de EEUU\u201d en un mensaje de texto privado.<\/p>\n<\/div>\n<section class=\"bbc-geybui\" role=\"region\" aria-label=\"Publicidad 2\" aria-hidden=\"true\" data-e2e=\"advertisement\"><\/section>\n<div class=\"bbc-19j92fr ebmt73l0\" dir=\"ltr\">\n<p class=\"bbc-hhl7in e17g058b0\" dir=\"ltr\">Adem\u00e1s, la definici\u00f3n que Kelly us\u00f3 de fascismo fue sorprendentemente rigurosa, teniendo en cuenta que es un t\u00e9rmino famoso por su flexibilidad como concepto e insulto pol\u00edtico.<\/p>\n<\/div>\n<div class=\"bbc-19j92fr ebmt73l0\" dir=\"ltr\">\n<p class=\"bbc-hhl7in e17g058b0\" dir=\"ltr\">Lo describi\u00f3 como\u00a0\u201cuna ideolog\u00eda y un movimiento pol\u00edtico autoritario y ultranacionalista de extrema derecha\u00a0caracterizado por un l\u00edder dictatorial, una autocracia centralizada, militarismo, supresi\u00f3n forzosa de la oposici\u00f3n y una creencia en una jerarqu\u00eda social natural\u201d.<\/p>\n<\/div>\n<div class=\"bbc-19j92fr ebmt73l0\" dir=\"ltr\">\n<p class=\"bbc-hhl7in e17g058b0\" dir=\"ltr\">Esta definici\u00f3n se acerca notablemente a las definiciones hist\u00f3ricas ampliamente aceptadas de la tendencia pol\u00edtica que surgi\u00f3 con la fundaci\u00f3n del movimiento fascista de Italia en 1919 y se extendi\u00f3 por toda la Europa de entreguerras.<\/p>\n<\/div>\n<div class=\"bbc-19j92fr ebmt73l0\" dir=\"ltr\">\n<p class=\"bbc-hhl7in e17g058b0\" dir=\"ltr\">Federico Finchelstein, profesor de Historia de New School for Social Research, lo ha resumido como \u201cuna ideolog\u00eda pol\u00edtica que abarcaba el totalitarismo, el terrorismo de Estado, el imperialismo, el racismo y, en el caso de Alemania\u2026 el Holocausto\u201d.<\/p>\n<\/div>\n<div class=\"bbc-19j92fr ebmt73l0\" dir=\"ltr\">\n<h2 id=\"Qui\u00e9n-es-fascista\" class=\"bbc-1f03ibc eglt09e0\" tabindex=\"-1\">Qui\u00e9n es fascista<\/h2>\n<\/div>\n<div class=\"bbc-19j92fr ebmt73l0\" dir=\"ltr\">\n<p class=\"bbc-hhl7in e17g058b0\" dir=\"ltr\">Los historiadores han estado debatiendo si el t\u00e9rmino podr\u00eda aplicarse a Trump desde su primera campa\u00f1a presidencial y su elecci\u00f3n el 9 de noviembre de 2016.<\/p>\n<\/div>\n<div class=\"bbc-19j92fr ebmt73l0\" dir=\"ltr\">\n<p class=\"bbc-hhl7in e17g058b0\" dir=\"ltr\">Temprano en 2015, durante una conversaci\u00f3n on un periodista de Vice,\u00a0la profesora de Historia de la Universidad de Cornell Isabel Hull afirm\u00f3 que Trump \u201cno ten\u00eda suficientes principios como para ser un fascista\u201d.<\/p>\n<\/div>\n<div class=\"bbc-19j92fr ebmt73l0\" dir=\"ltr\">\n<p class=\"bbc-hhl7in e17g058b0\" dir=\"ltr\">Lo describi\u00f3 como m\u00e1s bien un \u201cpopulista nativista\u201d.<\/p>\n<\/div>\n<div class=\"bbc-19j92fr ebmt73l0\" dir=\"ltr\">\n<p class=\"bbc-hhl7in e17g058b0\" dir=\"ltr\">Finchelstein escribi\u00f3 un libro entero para explicar la diferencia entre el fascismo hist\u00f3rico y el populismo contempor\u00e1neo. Si bien comparten muchas caracter\u00edsticas, sostuvo que el fascismo es una forma de dictadura mientras que el populismo funciona dentro de los l\u00edmites de la democracia.<\/p>\n<\/div>\n<div class=\"bbc-19j92fr ebmt73l0\" dir=\"ltr\">\n<p class=\"bbc-hhl7in e17g058b0\" dir=\"ltr\">Sin embargo, el populismo puede convertirse en fascismo cuando recurre\u00a0a las pr\u00e1cticas de identificar y perseguir a los enemigos internos.<\/p>\n<\/div>\n<div class=\"bbc-19j92fr ebmt73l0\" dir=\"ltr\">\n<p class=\"bbc-hhl7in e17g058b0\" dir=\"ltr\">Timothy Snyder, profesor de Historia y Asuntos Globales en la Universidad de Yale, ha afirmado repetidamente que Trump es, de hecho, un fascista, y recientemente le dijo a\u00a0<i class=\"bbc-h1y5j7 eih42320\">Vanity Fair<\/i>\u00a0que los estadounidenses podr\u00edan simplemente adaptarse silenciosamente a la \u201cbanalidad\u201d de la tiran\u00eda.<\/p>\n<p dir=\"ltr\">\n<\/div>\n<figure class=\"bbc-1qn0xuy\">\n<div class=\"bbc-18ywsw9\">\n<div style=\"width: 1034px\" class=\"wp-caption alignnone\"><img loading=\"lazy\" decoding=\"async\" class=\"bbc-139onq\" src=\"https:\/\/ichef.bbci.co.uk\/ace\/ws\/640\/cpsprodpb\/f934\/live\/d5840390-9630-11ef-90df-3f1823a91773.jpg.webp\" alt=\"Donald Trump durante el 6 de enero\" width=\"1024\" height=\"683\" \/><p class=\"wp-caption-text\">Fuente de la imagen,Getty Images.\u00a0\u00a0Para algunos historiadores, el punto en el que Trump gir\u00f3 al fascismo fue el 6 de enero de 2021<\/p><\/div>\n<\/div>\n<\/figure>\n<div class=\"bbc-19j92fr ebmt73l0\" dir=\"ltr\">\n<p dir=\"ltr\">\n<p dir=\"ltr\">\n<p class=\"bbc-hhl7in e17g058b0\" dir=\"ltr\">La perspectiva de Finchelstein cambi\u00f3 despu\u00e9s del 6 de enero de 2021, cuando Trump pareci\u00f3 incitar a sus partidarios a atacar el Capitolio de los Estados Unidos, con el fin de evitar una transferencia pac\u00edfica del poder a Joe Biden.<\/p>\n<\/div>\n<div class=\"bbc-19j92fr ebmt73l0\" dir=\"ltr\">\n<p class=\"bbc-hhl7in e17g058b0\" dir=\"ltr\">En respuesta, Finchelstein escribi\u00f3 un art\u00edculo de opini\u00f3n en\u00a0<i class=\"bbc-h1y5j7 eih42320\">The Washington Post<\/i>\u00a0en el que argument\u00f3 que Trump hab\u00eda superado el campo populista y\u00a0ahora estaba asumiendo el manto fascista como una amenaza definitiva para la democracia.<\/p>\n<\/div>\n<div class=\"bbc-19j92fr ebmt73l0\" dir=\"ltr\">\n<p class=\"bbc-hhl7in e17g058b0\" dir=\"ltr\">Y Finchelstein no fue el \u00fanico que consider\u00f3 el 6 de enero como un punto de inflexi\u00f3n irrevocable. Robert Paxton, profesor em\u00e9rito de Ciencias Sociales de la Universidad de Columbia en la Universidad Mellon, tambi\u00e9n cambi\u00f3 de opini\u00f3n y escribi\u00f3 que \u201cla etiqueta [fascista] ahora parece no s\u00f3lo aceptable sino necesaria\u201d.<\/p>\n<\/div>\n<div class=\"bbc-19j92fr ebmt73l0\" dir=\"ltr\">\n<p class=\"bbc-hhl7in e17g058b0\" dir=\"ltr\">Otros siguen sin estar convencidos. Richard Evans, profesor em\u00e9rito de la Universidad de Cambridge, considera que Trump no es un fascista y sostiene en el\u00a0<i class=\"bbc-h1y5j7 eih42320\">New Statesman<\/i>\u00a0que \u201cel 6 de enero no fue un golpe de Estado\u201d y que \u201cel ataque al Congreso no fue un intento planificado de tomar las riendas del gobierno\u201d.<\/p>\n<\/div>\n<div class=\"bbc-19j92fr ebmt73l0\" dir=\"ltr\">\n<p class=\"bbc-hhl7in e17g058b0\" dir=\"ltr\">Seg\u00fan Evans, Trump no muestra la cl\u00e1sica sed fascista de conquista y violencia expansionista, y es pol\u00edticamente imprudente que sus oponentes se obsesionen con una categor\u00eda pasada en lugar de analizar su pol\u00edtica como un fen\u00f3meno nuevo.<\/p>\n<p dir=\"ltr\">\n<\/div>\n<figure class=\"bbc-1qn0xuy\">\n<div class=\"bbc-18ywsw9\">\n<div style=\"width: 1034px\" class=\"wp-caption alignnone\"><img loading=\"lazy\" decoding=\"async\" class=\"bbc-139onq\" src=\"https:\/\/ichef.bbci.co.uk\/ace\/ws\/640\/cpsprodpb\/3700\/live\/ad15cbc0-9633-11ef-90df-3f1823a91773.jpg.webp\" alt=\"Donald Trump y John Kelly\" width=\"1024\" height=\"683\" \/><p class=\"wp-caption-text\">Fuente de la imagen,Getty Images.\u00a0\u00a0El ex jefe de gabinete de Trump, John Kelly considera al ex mandatario como un fascista<\/p><\/div>\n<\/div>\n<\/figure>\n<div class=\"bbc-19j92fr ebmt73l0\" dir=\"ltr\">\n<p dir=\"ltr\">\n<p dir=\"ltr\">\n<p class=\"bbc-hhl7in e17g058b0\" dir=\"ltr\">Mientras tanto, Ruth Ben-Ghiat, profesora de Historia y Estudios Italianos en la Universidad de Nueva York, tiene una visi\u00f3n m\u00e1s compleja sobre el tema.<\/p>\n<\/div>\n<div class=\"bbc-19j92fr ebmt73l0\" dir=\"ltr\">\n<p class=\"bbc-hhl7in e17g058b0\" dir=\"ltr\">En un ensayo, escribi\u00f3 que \u201cen algunos sentidos, la etiqueta de fascismo es demasiado reductiva para Trump\u201d porque \u201celogia a los dictadores comunistas tanto como a los l\u00edderes fascistas\u201d, pero \u201cno cabe duda de que Trump ha planteado un nuevo escenario y un nuevo contexto para las ideolog\u00edas y pr\u00e1cticas fascistas\u201d.<\/p>\n<\/div>\n<div class=\"bbc-19j92fr ebmt73l0\" dir=\"ltr\">\n<h2 id=\"El-primer-mandato\" class=\"bbc-1f03ibc eglt09e0\" tabindex=\"-1\">El primer mandato<\/h2>\n<\/div>\n<div class=\"bbc-19j92fr ebmt73l0\" dir=\"ltr\">\n<p class=\"bbc-hhl7in e17g058b0\" dir=\"ltr\">Creo que Trump actuar\u00eda como un fascista de pleno derecho si pudiera.\u00a0La pregunta es: \u00bfle permitir\u00e1 el pueblo estadounidense hacerlo?<\/p>\n<\/div>\n<div class=\"bbc-19j92fr ebmt73l0\" dir=\"ltr\">\n<p class=\"bbc-hhl7in e17g058b0\" dir=\"ltr\">De hecho, ha promulgado pol\u00edticas fascistas en la medida en que su poder se lo permiti\u00f3.<\/p>\n<\/div>\n<div class=\"bbc-19j92fr ebmt73l0\" dir=\"ltr\">\n<p class=\"bbc-hhl7in e17g058b0\" dir=\"ltr\">Intent\u00f3 anular una elecci\u00f3n democr\u00e1tica; nomin\u00f3 a jueces de la Corte Suprema para que anularan efectivamente el fallo Roe v Wade y gobernaran los cuerpos de las mujeres.<\/p>\n<\/div>\n<div class=\"bbc-19j92fr ebmt73l0\" dir=\"ltr\">\n<p class=\"bbc-hhl7in e17g058b0\" dir=\"ltr\">Cre\u00f3 barreras procesales adicionales para impedir que los inmigrantes solicitaran asilo en Estados Unidos, algunas de las cuales recuerdan a las leyes raciales fascistas. Tambi\u00e9n amenaz\u00f3 con desplegar al ej\u00e9rcito y a las fuerzas del orden para atacar a los oponentes pol\u00edticos.<\/p>\n<\/div>\n<div class=\"bbc-19j92fr ebmt73l0\" dir=\"ltr\">\n<p class=\"bbc-hhl7in e17g058b0\" dir=\"ltr\">Sin embargo, hasta ahora se ha visto obligado a operar dentro de los l\u00edmites del estado de derecho democr\u00e1tico.\u00a0Si el pueblo estadounidense vota para que alcance el poder por segunda vez, no se puede garantizar que esos l\u00edmites se mantengan.<\/p>\n<\/div>\n<div class=\"bbc-19j92fr ebmt73l0\" dir=\"ltr\">\n<p class=\"bbc-hhl7in e17g058b0\" dir=\"ltr\">Si el fascismo se repite, ser\u00e1 una tragedia de nuevo, no una farsa.<\/p>\n<\/div>\n<div class=\"bbc-19j92fr ebmt73l0\" dir=\"ltr\">\n<p class=\"bbc-hhl7in e17g058b0\" dir=\"ltr\"><i class=\"bbc-h1y5j7 eih42320\">*Benedetta Carnaghi, autora de este art\u00edculo,\u00a0 es socia internacional de la Academia Brit\u00e1nica Newton de la Universidad de Durham<\/i><\/p>\n<\/div>\n<p>&nbsp;<\/p>\n","protected":false},"excerpt":{"rendered":"<p>&nbsp; &nbsp; El general estadounidense John Kelly -el jefe de gabinete que m\u00e1s dur\u00f3 en su cargo durante la administraci\u00f3n de Donald Trump- expres\u00f3 p\u00fablicamente&hellip;<\/p>\n","protected":false},"author":99,"featured_media":524106,"comment_status":"open","ping_status":"open","sticky":false,"template":"","format":"standard","meta":{"footnotes":""},"categories":[24],"tags":[],"class_list":["post-524105","post","type-post","status-publish","format-standard","has-post-thumbnail","hentry","category-mundo"],"_links":{"self":[{"href":"https:\/\/diarioelpopular.com\/index.php\/wp-json\/wp\/v2\/posts\/524105","targetHints":{"allow":["GET"]}}],"collection":[{"href":"https:\/\/diarioelpopular.com\/index.php\/wp-json\/wp\/v2\/posts"}],"about":[{"href":"https:\/\/diarioelpopular.com\/index.php\/wp-json\/wp\/v2\/types\/post"}],"author":[{"embeddable":true,"href":"https:\/\/diarioelpopular.com\/index.php\/wp-json\/wp\/v2\/users\/99"}],"replies":[{"embeddable":true,"href":"https:\/\/diarioelpopular.com\/index.php\/wp-json\/wp\/v2\/comments?post=524105"}],"version-history":[{"count":1,"href":"https:\/\/diarioelpopular.com\/index.php\/wp-json\/wp\/v2\/posts\/524105\/revisions"}],"predecessor-version":[{"id":524107,"href":"https:\/\/diarioelpopular.com\/index.php\/wp-json\/wp\/v2\/posts\/524105\/revisions\/524107"}],"wp:featuredmedia":[{"embeddable":true,"href":"https:\/\/diarioelpopular.com\/index.php\/wp-json\/wp\/v2\/media\/524106"}],"wp:attachment":[{"href":"https:\/\/diarioelpopular.com\/index.php\/wp-json\/wp\/v2\/media?parent=524105"}],"wp:term":[{"taxonomy":"category","embeddable":true,"href":"https:\/\/diarioelpopular.com\/index.php\/wp-json\/wp\/v2\/categories?post=524105"},{"taxonomy":"post_tag","embeddable":true,"href":"https:\/\/diarioelpopular.com\/index.php\/wp-json\/wp\/v2\/tags?post=524105"}],"curies":[{"name":"wp","href":"https:\/\/api.w.org\/{rel}","templated":true}]}}