{"id":524114,"date":"2024-10-31T10:30:53","date_gmt":"2024-10-31T14:30:53","guid":{"rendered":"https:\/\/diarioelpopular.com\/?p=524114"},"modified":"2024-10-31T10:30:53","modified_gmt":"2024-10-31T14:30:53","slug":"america-latina-una-region-tan-privilegiada-como-llena-de-retos-en-un-mundo-de-oportunidades","status":"publish","type":"post","link":"https:\/\/diarioelpopular.com\/index.php\/2024\/10\/31\/america-latina-una-region-tan-privilegiada-como-llena-de-retos-en-un-mundo-de-oportunidades\/","title":{"rendered":"Am\u00e9rica Latina, una regi\u00f3n tan privilegiada como llena de retos en un mundo de oportunidades"},"content":{"rendered":"<div id=\"attachment_524117\" style=\"width: 1210px\" class=\"wp-caption alignnone\"><img loading=\"lazy\" decoding=\"async\" aria-describedby=\"caption-attachment-524117\" class=\"wp-image-524117 size-custom-big-size\" src=\"https:\/\/diarioelpopular.com\/wp-content\/uploads\/2024\/10\/Screen-Shot-2024-10-31-at-10.30.07-AM-1200x665.png\" alt=\"\" width=\"1200\" height=\"665\" srcset=\"https:\/\/diarioelpopular.com\/wp-content\/uploads\/2024\/10\/Screen-Shot-2024-10-31-at-10.30.07-AM-1200x665.png 1200w, https:\/\/diarioelpopular.com\/wp-content\/uploads\/2024\/10\/Screen-Shot-2024-10-31-at-10.30.07-AM-300x166.png 300w, https:\/\/diarioelpopular.com\/wp-content\/uploads\/2024\/10\/Screen-Shot-2024-10-31-at-10.30.07-AM-768x425.png 768w, https:\/\/diarioelpopular.com\/wp-content\/uploads\/2024\/10\/Screen-Shot-2024-10-31-at-10.30.07-AM-636x352.png 636w, https:\/\/diarioelpopular.com\/wp-content\/uploads\/2024\/10\/Screen-Shot-2024-10-31-at-10.30.07-AM-132x73.png 132w, https:\/\/diarioelpopular.com\/wp-content\/uploads\/2024\/10\/Screen-Shot-2024-10-31-at-10.30.07-AM.png 1024w\" sizes=\"auto, (max-width: 1200px) 100vw, 1200px\" \/><p id=\"caption-attachment-524117\" class=\"wp-caption-text\">Charla sobre el potencial de la regi\u00f3n en el Simposio del Consejo de las Am\u00e9ricas, el 30 de octubre de 2024, en Miami, Florida.<\/p><\/div>\n<p>&nbsp;<\/p>\n<p>&nbsp;<\/p>\n<h4 class=\"a_st\"><em>&#8211; El simposio del Consejo de las Am\u00e9ricas 2024 celebrado en Miami ha reunido a cientos de l\u00edderes empresariales para debatir acerca del presente y futuro crecimiento de la regi\u00f3n<\/em><\/h4>\n<p>&nbsp;<\/p>\n<p class=\"\">Las reflexiones sobre el futuro de Am\u00e9rica Latina han salido de las oficinas de direcci\u00f3n de algunas de las m\u00e1s grandes empresas de la regi\u00f3n este mi\u00e9rcoles en Miami. En\u00a0<a href=\"https:\/\/elpais.com\/us\/economia\/2024-10-30\/mas-de-500-lideres-empresariales-debaten-en-miami-las-oportunidades-y-los-desafios-de-america-latina.html\" data-link-track-dtm=\"\" data-mrf-link=\"https:\/\/elpais.com\/us\/economia\/2024-10-30\/mas-de-500-lideres-empresariales-debaten-en-miami-las-oportunidades-y-los-desafios-de-america-latina.html\">el Simposio del Consejo de las Am\u00e9ricas (COA),<\/a>\u00a0en el marco de los 29\u00ba Premios de Negocios BRAVO, alrededor de 500 l\u00edderes empresariales se reunieron para hablar sobre el presente y el futuro de la regi\u00f3n. Las charlas, que variaron en temas desde la transici\u00f3n energ\u00e9tica, la digitalizaci\u00f3n o la inversi\u00f3n en el continente, se centraron en la abundancia de oportunidades de la zona, teniendo muy en cuenta la realidad geopol\u00edtica y tecnol\u00f3gica global. Los numerosos retos de una regi\u00f3n muy desigual y con problemas de infraestructura tampoco quedaron de lado. \u201cEs una nueva era de oportunidades para Am\u00e9rica Latina, que refuerza su papel como un jugador global significativo\u201d, resum\u00eda Mar\u00eda Lourdes Teran, vicepresidenta del Consejo de las Am\u00e9ricas, al comienzo del d\u00eda.<\/p>\n<p class=\"\">Al poner \u00e9nfasis en la importancia de estas discusiones internacionales que, valora, son ahora m\u00e1s cruciales que nunca, ella misma puso las bases de lo que ser\u00eda la jornada. \u201cNos encontramos a apenas d\u00edas de\u00a0<a href=\"https:\/\/elpais.com\/internacional\/elecciones-usa\/2024-10-30\/trump-agita-el-fantasma-del-fraude-electoral-en-estados-unidos-al-hablar-de-trampas-en-pensilvania.html\" data-link-track-dtm=\"\" data-mrf-link=\"https:\/\/elpais.com\/internacional\/elecciones-usa\/2024-10-30\/trump-agita-el-fantasma-del-fraude-electoral-en-estados-unidos-al-hablar-de-trampas-en-pensilvania.html\">las elecciones estadounidenses,\u00a0<\/a>en un a\u00f1o cr\u00edtico en la historia global, en el que\u00a0<a href=\"https:\/\/elpais.com\/eps\/2023-12-17\/2024-el-ano-en-que-medio-planeta-esta-llamado-a-las-urnas.html\" target=\"_blank\" rel=\"noopener\" data-link-track-dtm=\"\" data-mrf-link=\"https:\/\/elpais.com\/eps\/2023-12-17\/2024-el-ano-en-que-medio-planeta-esta-llamado-a-las-urnas.html\">la mitad del planeta ha emitido su voto<\/a>. El resultado de estas elecciones se unir\u00e1 a otros retos electorales de nuestra regi\u00f3n en el \u00faltimo a\u00f1o. En el \u00e1mbito econ\u00f3mico, Am\u00e9rica Latina ha tenido un crecimiento moderado, pero el mundo se enfrenta a tensiones crecientes en Ucrania y el Medio Oriente, y la distancia y relativa neutralidad de la regi\u00f3n est\u00e1 atrayendo m\u00e1s inversi\u00f3n internacional\u201d, asegur\u00f3 Teran.<\/p>\n<p class=\"\">Aparte de las comparativas ventajas geopol\u00edticas, el contexto de la regi\u00f3n mejora todav\u00eda m\u00e1s por su potencial\u00a0<a href=\"https:\/\/elpais.com\/eps\/2024-10-28\/hacia-el-objetivo-de-una-transicion-energetica.html\" target=\"_blank\" rel=\"noopener\" data-link-track-dtm=\"\" data-mrf-link=\"https:\/\/elpais.com\/eps\/2024-10-28\/hacia-el-objetivo-de-una-transicion-energetica.html\">en el \u00e1mbito de la transici\u00f3n energ\u00e9tica<\/a>, tema central de varias de las charlas de la jornada, aunque sobrevol\u00f3 todas las conversaciones. En m\u00e1s de una ocasi\u00f3n se mencionaron datos como que la regi\u00f3n tiene el 40% de los minerales y recursos cr\u00edticos para la energ\u00eda renovable del planeta, o que es el hogar de la Amazon\u00eda, crucial en el balance clim\u00e1tico global. Entre los empresarios lo tienen claro: no habr\u00e1 un futuro verde sin Am\u00e9rica Latina. No es casualidad que se\u00f1alaran tambi\u00e9n que la regi\u00f3n es protagonista en la acci\u00f3n pol\u00edtica clim\u00e1tica con\u00a0<a href=\"https:\/\/elpais.com\/america-futura\/2024-10-27\/afrodescendientes-y-recursos-las-peleas-de-la-primera-semana-de-la-cumbre-de-biodiversidad.html\" data-link-track-dtm=\"\" data-mrf-link=\"https:\/\/elpais.com\/america-futura\/2024-10-27\/afrodescendientes-y-recursos-las-peleas-de-la-primera-semana-de-la-cumbre-de-biodiversidad.html\">la actual COP16 celebr\u00e1ndose en Colombia<\/a>\u00a0o la COP30 en Brasil el pr\u00f3ximo a\u00f1o.<\/p>\n<p class=\"\">Con todo,\u00a0<a href=\"https:\/\/elpais.com\/us\/economia\/2024-10-30\/el-potencial-de-america-latina-requiere-una-mayor-inversion-en-educacion-e-infraestructura.html\" data-link-track-dtm=\"\" data-mrf-link=\"https:\/\/elpais.com\/us\/economia\/2024-10-30\/el-potencial-de-america-latina-requiere-una-mayor-inversion-en-educacion-e-infraestructura.html\">el potencial es enorme.\u00a0<\/a>\u201cAm\u00e9rica Latina puede alimentar y propulsar el mundo\u201d, afirmaba Juan Pablo Mata, CEO del grupo Mariposa, empresa guatemalteca de distribuci\u00f3n alimentaria, en un panel sobre la inclusi\u00f3n digital en la regi\u00f3n.<\/p>\n<p>&nbsp;<\/p>\n<figure class=\"a_m a_m-h \">\n<p><div style=\"width: 424px\" class=\"wp-caption alignnone\"><img loading=\"lazy\" decoding=\"async\" class=\"_re lazyload a_m-h\" src=\"https:\/\/imagenes.elpais.com\/resizer\/v2\/WCBEVXSNBVGNTE2IAUDJ7NYPRE.png?auth=d9e86dc0201dd18e2baa63716176b93c393df42e67be1a750cb1c24c4e9ff992&amp;width=414\" sizes=\"auto, (min-width:1199px) 1155px,(min-width:1001px) calc(100vw - 44px),(min-width:768px) 767px, 100vw\" srcset=\"https:\/\/imagenes.elpais.com\/resizer\/v2\/WCBEVXSNBVGNTE2IAUDJ7NYPRE.png?auth=d9e86dc0201dd18e2baa63716176b93c393df42e67be1a750cb1c24c4e9ff992&amp;width=414 414w,https:\/\/imagenes.elpais.com\/resizer\/v2\/WCBEVXSNBVGNTE2IAUDJ7NYPRE.png?auth=d9e86dc0201dd18e2baa63716176b93c393df42e67be1a750cb1c24c4e9ff992&amp;width=828 640w,https:\/\/imagenes.elpais.com\/resizer\/v2\/WCBEVXSNBVGNTE2IAUDJ7NYPRE.png?auth=d9e86dc0201dd18e2baa63716176b93c393df42e67be1a750cb1c24c4e9ff992&amp;width=980 1000w,https:\/\/imagenes.elpais.com\/resizer\/v2\/WCBEVXSNBVGNTE2IAUDJ7NYPRE.png?auth=d9e86dc0201dd18e2baa63716176b93c393df42e67be1a750cb1c24c4e9ff992&amp;width=1960 1960w\" alt=\"El p\u00fablico en el Simposio del Consejo de las Am\u00e9ricas.\" width=\"414\" height=\"233\" \/><p class=\"wp-caption-text\">El p\u00fablico asistente al Simposio del Consejo de las Am\u00e9ricas, el 30 de octubre de 2024 en Miami, Florida.<\/p><\/div><figcaption class=\"a_m_p\"><\/figcaption><\/figure>\n<p>&nbsp;<\/p>\n<p class=\"\">Pero los retos tambi\u00e9n son enormes. La deficiente infraestructura, com\u00fan denominador de la regi\u00f3n, o la profunda desigualdad, que genera enormes hoyos de oportunidad y de educaci\u00f3n, est\u00e1n reteniendo de manera cr\u00f3nica a toda Am\u00e9rica Latina. Por ejemplo, el potencial de generaci\u00f3n de\u00a0<a href=\"https:\/\/elpais.com\/us\/2024-06-12\/el-cambio-climatico-dificulta-la-transicion-a-una-energia-limpia-en-centroamerica.html\" data-link-track-dtm=\"\" data-mrf-link=\"https:\/\/elpais.com\/us\/2024-06-12\/el-cambio-climatico-dificulta-la-transicion-a-una-energia-limpia-en-centroamerica.html\">energ\u00eda limpia<\/a>\u00a0es muy grande, pero las redes el\u00e9ctricas son deficientes y necesitan ser actualizadas; la implantaci\u00f3n de las comunicaciones digitales es muy alta, incluso en zonas remotas, pero en muchos pa\u00edses no hay una red de transporte que est\u00e9 a la par; o, como mencion\u00f3 la consejera delegada de PepsiCo para la regi\u00f3n, Paula Santilli, hay miles de buenos puestos de trabajo, pero muy pocas personas suficientemente preparadas para llenarlos.<\/p>\n<p class=\"\">Tambi\u00e9n falta una visi\u00f3n a largo plazo entre los gobiernos de la regi\u00f3n, asegur\u00f3 Andr\u00e9s Cadena, socio de la consultora McKinsey. \u201cEl futuro empieza en Am\u00e9rica Latina. Para poder construir ese 80%, 90% de valor agregado creado en el mundo, todos, desde el sector aeroespacial, a los veh\u00edculos el\u00e9ctricos, a la pr\u00f3xima ola de comercio digital, todo lo dem\u00e1s, necesitar\u00e1n nuestros recursos. Necesitan nuestro litio, nuestra energ\u00eda, nuestra agua, nuestros alimentos. Somos el continente rico, solo no estamos capturando el valor de esa riqueza. Y eso es algo que tenemos que cambiar. Es una perspectiva a largo plazo de c\u00f3mo Am\u00e9rica Latina debe pensar geopol\u00edticamente y trabajar junta para entrar en la conversaci\u00f3n global. China lo hace, India lo hace, el Medio Oriente lo hace; Estados Unidos, ni hablar. No hay ninguna raz\u00f3n para que nosotros tambi\u00e9n pensemos as\u00ed\u201d.<\/p>\n<blockquote class=\"a_q\">\n<div><em>\u201cEl futuro empieza en Am\u00e9rica Latina. Somos el continente rico, solo no estamos capturando el valor de esa riqueza. Y eso es algo que tenemos que cambiar\u201d<\/em><\/div>\n<p><em><cite class=\"_db\">Andr\u00e9s Cadena, socio de McKinsey, durante el Simposio del Consejo de las Am\u00e9ricas<\/cite><\/em><\/p><\/blockquote>\n<p class=\"\">La productividad de la regi\u00f3n es otro obst\u00e1culo para la satisfacci\u00f3n de su potencial, asegur\u00f3 en otro panel Paula Bellizia, vicepresidenta para Am\u00e9rica Latina de Amazon Web Services, subsidiaria de la gigante Amazon especializada en ofrecer soluciones digitales: \u201cEn los mercados desarrollados continuamente aceleran la productividad. \u00bfPor qu\u00e9? Porque adoptan tecnolog\u00eda m\u00e1s r\u00e1pido.<a href=\"https:\/\/elpais.com\/america-futura\/2024-03-14\/como-acelerar-la-transicion-energetica-en-america-latina.html\" target=\"_blank\" rel=\"noopener\" data-link-track-dtm=\"\" data-mrf-link=\"https:\/\/elpais.com\/america-futura\/2024-03-14\/como-acelerar-la-transicion-energetica-en-america-latina.html\">\u00a0En Am\u00e9rica Latina estamos creciendo al 20%\u00a0<\/a>en comparaci\u00f3n al resto del mundo\u201d. Para Bellizia la soluci\u00f3n tiene que ver, adem\u00e1s de con la tecnolog\u00eda, tambi\u00e9n con la preparaci\u00f3n del capital humano: la gente no puede adoptar nuevos sistemas si no sabe c\u00f3mo. Las empresas, asegura, tambi\u00e9n deben jugar un papel en esa educaci\u00f3n para poder cumplir con el potencial.<\/p>\n<p class=\"\">El cofundador y socio de Riverwood Capital, Francisco \u00c1lvarez-Demalde, galardonado por COA con el premio BRAVO de inversor del a\u00f1o, cree que, a pesar de los desaf\u00edos, las condiciones son mayoritariamente positivas. \u201cPiensa en d\u00f3nde estamos. Fuimos de ser una regi\u00f3n que estaba desconectada a tener conectividad de internet. Y no solo eso, ahora tenemos computadores y celulares, y<a href=\"https:\/\/elpais.com\/mexico\/economia\/2024-08-18\/las-fintech-ganan-terreno-en-su-batalla-con-los-bancos-tradicionales.html\" target=\"_blank\" rel=\"noopener\" data-link-track-dtm=\"\" data-mrf-link=\"https:\/\/elpais.com\/mexico\/economia\/2024-08-18\/las-fintech-ganan-terreno-en-su-batalla-con-los-bancos-tradicionales.html\">\u00a0estamos digitalizados con las\u00a0<i>fintechs<\/i><\/a>. Eso ha creado una infraestructura de adopci\u00f3n digital. Yo dir\u00eda que una persona en la mitad de Brasil est\u00e1 m\u00e1s conectada que una persona en la mitad de Arkansas. Y esa conectividad est\u00e1 creando oportunidades de m\u00e1s y m\u00e1s innovaci\u00f3n\u201d, asegur\u00f3, admitiendo que es un optimista por naturaleza.<\/p>\n<p class=\"\">Pero no fue el \u00fanico. Haim Israel, estratega global para Bank of America, pint\u00f3 la imagen de un futuro cercano, a poco m\u00e1s de una d\u00e9cada, radicalmente diferente. Fue una enumeraci\u00f3n de algunas de las quimeras futuristas que siempre se han prometido, pero que ahora s\u00ed est\u00e1n en el horizonte m\u00e1s cercano: energ\u00eda limpia infinita con la fusi\u00f3n nuclear, una red el\u00e9ctrica mucho m\u00e1s capaz y confiable con superconductores y un sinf\u00edn de oportunidades m\u00e1s gracias a una<a href=\"https:\/\/elpais.com\/extra\/medio-ambiente\/2024-06-05\/inteligencia-artificial-al-rescate-de-la-naturaleza.html\" target=\"_blank\" rel=\"noopener\" data-link-track-dtm=\"\" data-mrf-link=\"https:\/\/elpais.com\/extra\/medio-ambiente\/2024-06-05\/inteligencia-artificial-al-rescate-de-la-naturaleza.html\">\u00a0inteligencia artificial generativa que va mucho m\u00e1s all\u00e1 de ChatGPT<\/a>\u00a0y ya es capaz de crear nuevas medicinas revolucionarias en cuesti\u00f3n de horas o descubrir materiales nuevos para hacer bater\u00edas baratas y eficientes. Y en el centro de todo esto podr\u00eda estar Am\u00e9rica Latina. Solo hay que tener visi\u00f3n.<\/p>\n","protected":false},"excerpt":{"rendered":"<p>&nbsp; &nbsp; &#8211; El simposio del Consejo de las Am\u00e9ricas 2024 celebrado en Miami ha reunido a cientos de l\u00edderes empresariales para debatir acerca del&hellip;<\/p>\n","protected":false},"author":99,"featured_media":524117,"comment_status":"open","ping_status":"open","sticky":false,"template":"","format":"standard","meta":{"footnotes":""},"categories":[23],"tags":[],"class_list":["post-524114","post","type-post","status-publish","format-standard","has-post-thumbnail","hentry","category-latinoamerica"],"_links":{"self":[{"href":"https:\/\/diarioelpopular.com\/index.php\/wp-json\/wp\/v2\/posts\/524114","targetHints":{"allow":["GET"]}}],"collection":[{"href":"https:\/\/diarioelpopular.com\/index.php\/wp-json\/wp\/v2\/posts"}],"about":[{"href":"https:\/\/diarioelpopular.com\/index.php\/wp-json\/wp\/v2\/types\/post"}],"author":[{"embeddable":true,"href":"https:\/\/diarioelpopular.com\/index.php\/wp-json\/wp\/v2\/users\/99"}],"replies":[{"embeddable":true,"href":"https:\/\/diarioelpopular.com\/index.php\/wp-json\/wp\/v2\/comments?post=524114"}],"version-history":[{"count":1,"href":"https:\/\/diarioelpopular.com\/index.php\/wp-json\/wp\/v2\/posts\/524114\/revisions"}],"predecessor-version":[{"id":524118,"href":"https:\/\/diarioelpopular.com\/index.php\/wp-json\/wp\/v2\/posts\/524114\/revisions\/524118"}],"wp:featuredmedia":[{"embeddable":true,"href":"https:\/\/diarioelpopular.com\/index.php\/wp-json\/wp\/v2\/media\/524117"}],"wp:attachment":[{"href":"https:\/\/diarioelpopular.com\/index.php\/wp-json\/wp\/v2\/media?parent=524114"}],"wp:term":[{"taxonomy":"category","embeddable":true,"href":"https:\/\/diarioelpopular.com\/index.php\/wp-json\/wp\/v2\/categories?post=524114"},{"taxonomy":"post_tag","embeddable":true,"href":"https:\/\/diarioelpopular.com\/index.php\/wp-json\/wp\/v2\/tags?post=524114"}],"curies":[{"name":"wp","href":"https:\/\/api.w.org\/{rel}","templated":true}]}}