{"id":524156,"date":"2024-11-01T08:32:22","date_gmt":"2024-11-01T12:32:22","guid":{"rendered":"https:\/\/diarioelpopular.com\/?p=524156"},"modified":"2024-11-01T08:32:22","modified_gmt":"2024-11-01T12:32:22","slug":"quebec-suspende-dos-programas-importantes-de-inmigracion-para-regular-mejor-a-los-recien-llegados","status":"publish","type":"post","link":"https:\/\/diarioelpopular.com\/index.php\/2024\/11\/01\/quebec-suspende-dos-programas-importantes-de-inmigracion-para-regular-mejor-a-los-recien-llegados\/","title":{"rendered":"Quebec suspende dos programas importantes de inmigraci\u00f3n para \u201cregular mejor\u201d a los reci\u00e9n llegados"},"content":{"rendered":"<p><img loading=\"lazy\" decoding=\"async\" class=\"alignnone size-custom-full-size wp-image-524157\" src=\"https:\/\/diarioelpopular.com\/wp-content\/uploads\/2024\/11\/Screen-Shot-2024-11-01-at-8.31.57-AM-636x490.png\" alt=\"\" width=\"636\" height=\"490\" srcset=\"https:\/\/diarioelpopular.com\/wp-content\/uploads\/2024\/11\/Screen-Shot-2024-11-01-at-8.31.57-AM-636x490.png 636w, https:\/\/diarioelpopular.com\/wp-content\/uploads\/2024\/11\/Screen-Shot-2024-11-01-at-8.31.57-AM-300x231.png 300w, https:\/\/diarioelpopular.com\/wp-content\/uploads\/2024\/11\/Screen-Shot-2024-11-01-at-8.31.57-AM-95x73.png 95w, https:\/\/diarioelpopular.com\/wp-content\/uploads\/2024\/11\/Screen-Shot-2024-11-01-at-8.31.57-AM.png 758w\" sizes=\"auto, (max-width: 636px) 100vw, 636px\" \/><\/p>\n<p>&nbsp;<\/p>\n<p>&nbsp;<\/p>\n<ul>\n<li><em><strong>El gobierno de Quebec est\u00e1 reforzando los controles sobre la inmigraci\u00f3n suspendiendo dos programas importantes que son v\u00edas para obtener la ciudadan\u00eda.<\/strong><\/em><\/li>\n<\/ul>\n<p>&nbsp;<\/p>\n<p>&nbsp;<\/p>\n<p>El ministro de Inmigraci\u00f3n, Jean-Fran\u00e7ois Roberge, anunci\u00f3 la moratoria en las redes sociales el mi\u00e9rcoles por la noche, diciendo que la provincia quiere \u201cregular mejor\u201d la llegada de reci\u00e9n llegados a Quebec.<\/p>\n<p>El gobierno del premier Fran\u00e7ois Legault est\u00e1 congelando temporalmente dos programas clave que conducen a un Certificado de Selecci\u00f3n de Quebec, que permite a los inmigrantes solicitar eventualmente la residencia permanente en Canad\u00e1.<\/p>\n<p>Seg\u00fan el plan, Quebec ya no aceptar\u00e1 nuevas solicitudes para el Programa de Trabajadores Calificados Regulares. Tambi\u00e9n puso en suspenso el Programa de Experiencia de Quebec, que es para graduados recientes. La congelaci\u00f3n de ambos entra en vigor el jueves.<\/p>\n<p>\u201cEl gobierno tambi\u00e9n estudiar\u00e1 seriamente un escenario para reducir la inmigraci\u00f3n permanente\u201d, escribi\u00f3 Roberge en X, anteriormente conocido como Twitter. \u201cNuestro objetivo es claro: queremos dotarnos de los medios necesarios para regular mejor la inmigraci\u00f3n en Quebec\u201d.<\/p>\n<p>La congelaci\u00f3n de ambos programas estar\u00e1 vigente hasta el 30 de junio de 2025, mientras la provincia prepara un plan de inmigraci\u00f3n plurianual. La provincia dice que la medida tambi\u00e9n tendr\u00e1 un impacto en &#8220;el volumen de admisiones&#8221; para 2026.<\/p>\n<p>&#8220;Estamos tomando medidas para 2025, pero tambi\u00e9n nos estamos asegurando de tener todo el margen de maniobra para la planificaci\u00f3n&#8221;, dijo Roberge a los periodistas en la Asamblea Nacional el jueves.<\/p>\n<p>Es el \u00faltimo paso del gobierno para limitar el n\u00famero de reci\u00e9n llegados que llegan a la provincia. A principios de este mes, present\u00f3 una legislaci\u00f3n para otorgarse nuevos poderes para limitar el n\u00famero de estudiantes internacionales.<\/p>\n<p>El proyecto de ley fue parte de un impulso m\u00e1s amplio para reducir el n\u00famero de residentes no permanentes en Quebec, que ha aumentado a 600.000 desde 300.000 en los \u00faltimos dos a\u00f1os.<\/p>\n<p>El gobierno de Legault tambi\u00e9n ha tomado medidas dr\u00e1sticas para admitir trabajadores extranjeros temporales para trabajos de bajos salarios en Montreal. La suspensi\u00f3n de seis meses entr\u00f3 en vigor en septiembre.<\/p>\n<p><em><strong>El plan de Quebec \u201ca\u00fan est\u00e1 incompleto\u201d, dice Miller<\/strong><\/em><br \/>\nQuebec ha tenido enfrentamientos con Ottawa sobre inmigraci\u00f3n en los \u00faltimos meses, pidiendo m\u00e1s poder para decidir qui\u00e9n puede establecerse en la provincia y exigiendo que Ottawa reubique por la fuerza a los solicitantes de asilo en otras partes del pa\u00eds.<\/p>\n<p>La semana pasada, el gobierno canadiense tambi\u00e9n anunci\u00f3 que recortar\u00eda los objetivos de inmigraci\u00f3n al reducir el n\u00famero de nuevos residentes permanentes en un 21 por ciento el pr\u00f3ximo a\u00f1o. El primer ministro Justin Trudeau y el ministro de Inmigraci\u00f3n Marc Miller dijeron que el gobierno liberal no logr\u00f3 el equilibrio adecuado despu\u00e9s de la pandemia de COVID-19.<\/p>\n<p>\u201cCreemos que deber\u00edan ir m\u00e1s all\u00e1, pero avanzaron en ese asunto\u201d, dijo Roberge, refiri\u00e9ndose a los \u00faltimos objetivos de Ottawa.<\/p>\n<p>Miller respondi\u00f3 el jueves y dijo que, si bien Quebec tiene derecho a gestionar esas dos corrientes de inmigraci\u00f3n, la provincia a\u00fan no ha proporcionado un plan completo para la inmigraci\u00f3n como lo exigi\u00f3 Ottawa durante meses.<\/p>\n<p>\u201cAcojo con agrado el ejercicio pedag\u00f3gico que dicen que har\u00e1n el pr\u00f3ximo a\u00f1o, pero a\u00fan est\u00e1 incompleto\u201d, dijo Miller.<\/p>\n<p>\u201cLlevamos meses pidiendo al se\u00f1or Legault que nos d\u00e9 un plan para reducir el n\u00famero de residentes temporales que ha estado pidiendo a gritos y no hemos visto su cuota de ello\u201d.<\/p>\n<p>Con la moratoria, Miller dijo que existe una \u201cresponsabilidad federal\u201d de aceptar a los reci\u00e9n llegados franc\u00f3fonos en otras comunidades fuera de Quebec, donde la poblaci\u00f3n est\u00e1 disminuyendo.<\/p>\n<p>\u201cEstar\u00eda dispuesto a dar la bienvenida a esas personas si sienten que se han quedado atr\u00e1s\u201d, dijo Miller.<\/p>\n<p><strong>Temores por las \u201crepercusiones reales\u201d para algunos sectores laborales<\/strong><br \/>\nLos Fabricantes y Exportadores de Quebec (MEQ) dijeron que estaban \u201cpreocupados\u201d por los impactos de la \u00faltima moratoria el jueves.<\/p>\n<p>El MEQ afirma que la provincia no consult\u00f3 a las empresas sobre la suspensi\u00f3n del uso de los dos programas, y agreg\u00f3 que \u201ctendr\u00e1 repercusiones reales en la econom\u00eda de varias regiones de Quebec, donde el tejido econ\u00f3mico se basa en el sector manufacturero\u201d.<\/p>\n<p>Actualmente hay 13.000 puestos de trabajo disponibles en el sector manufacturero y el MEQ est\u00e1 preocupado por el \u00faltimo l\u00edmite a la inmigraci\u00f3n que \u201cperjudique sus actividades y productividad\u201d.<\/p>\n<p>\u201cEn las \u00faltimas semanas tuvimos el anuncio sobre los trabajadores extranjeros temporales \u2014los recortes all\u00ed\u2014 y ahora estamos recortando el grupo de trabajadores calificados que pueden contribuir a sus negocios\u201d, dijo la vicepresidenta de asuntos p\u00fablicos, Julie White, en una entrevista el jueves.<\/p>\n","protected":false},"excerpt":{"rendered":"<p>&nbsp; &nbsp; El gobierno de Quebec est\u00e1 reforzando los controles sobre la inmigraci\u00f3n suspendiendo dos programas importantes que son v\u00edas para obtener la ciudadan\u00eda. &nbsp;&hellip;<\/p>\n","protected":false},"author":99,"featured_media":524157,"comment_status":"open","ping_status":"open","sticky":false,"template":"","format":"standard","meta":{"footnotes":""},"categories":[21],"tags":[],"class_list":["post-524156","post","type-post","status-publish","format-standard","has-post-thumbnail","hentry","category-canada"],"_links":{"self":[{"href":"https:\/\/diarioelpopular.com\/index.php\/wp-json\/wp\/v2\/posts\/524156","targetHints":{"allow":["GET"]}}],"collection":[{"href":"https:\/\/diarioelpopular.com\/index.php\/wp-json\/wp\/v2\/posts"}],"about":[{"href":"https:\/\/diarioelpopular.com\/index.php\/wp-json\/wp\/v2\/types\/post"}],"author":[{"embeddable":true,"href":"https:\/\/diarioelpopular.com\/index.php\/wp-json\/wp\/v2\/users\/99"}],"replies":[{"embeddable":true,"href":"https:\/\/diarioelpopular.com\/index.php\/wp-json\/wp\/v2\/comments?post=524156"}],"version-history":[{"count":1,"href":"https:\/\/diarioelpopular.com\/index.php\/wp-json\/wp\/v2\/posts\/524156\/revisions"}],"predecessor-version":[{"id":524158,"href":"https:\/\/diarioelpopular.com\/index.php\/wp-json\/wp\/v2\/posts\/524156\/revisions\/524158"}],"wp:featuredmedia":[{"embeddable":true,"href":"https:\/\/diarioelpopular.com\/index.php\/wp-json\/wp\/v2\/media\/524157"}],"wp:attachment":[{"href":"https:\/\/diarioelpopular.com\/index.php\/wp-json\/wp\/v2\/media?parent=524156"}],"wp:term":[{"taxonomy":"category","embeddable":true,"href":"https:\/\/diarioelpopular.com\/index.php\/wp-json\/wp\/v2\/categories?post=524156"},{"taxonomy":"post_tag","embeddable":true,"href":"https:\/\/diarioelpopular.com\/index.php\/wp-json\/wp\/v2\/tags?post=524156"}],"curies":[{"name":"wp","href":"https:\/\/api.w.org\/{rel}","templated":true}]}}