{"id":524190,"date":"2024-11-01T09:51:16","date_gmt":"2024-11-01T13:51:16","guid":{"rendered":"https:\/\/diarioelpopular.com\/?p=524190"},"modified":"2024-11-01T09:51:16","modified_gmt":"2024-11-01T13:51:16","slug":"ultima-hora-de-la-dana-en-directo-el-numero-de-fallecidos-por-la-dana-en-la-comunidad-valenciana-se-eleva-a-202-personas","status":"publish","type":"post","link":"https:\/\/diarioelpopular.com\/index.php\/2024\/11\/01\/ultima-hora-de-la-dana-en-directo-el-numero-de-fallecidos-por-la-dana-en-la-comunidad-valenciana-se-eleva-a-202-personas\/","title":{"rendered":"\u00daltima hora de la dana, en directo | El n\u00famero de fallecidos por la dana en la Comunidad Valenciana se eleva a 202 personas"},"content":{"rendered":"<div id=\"attachment_524191\" style=\"width: 1210px\" class=\"wp-caption alignnone\"><img loading=\"lazy\" decoding=\"async\" aria-describedby=\"caption-attachment-524191\" class=\"wp-image-524191 size-custom-big-size\" src=\"https:\/\/diarioelpopular.com\/wp-content\/uploads\/2024\/11\/Screen-Shot-2024-11-01-at-9.50.32-AM-1200x696.png\" alt=\"\" width=\"1200\" height=\"696\" srcset=\"https:\/\/diarioelpopular.com\/wp-content\/uploads\/2024\/11\/Screen-Shot-2024-11-01-at-9.50.32-AM-1200x696.png 1200w, https:\/\/diarioelpopular.com\/wp-content\/uploads\/2024\/11\/Screen-Shot-2024-11-01-at-9.50.32-AM-300x174.png 300w, https:\/\/diarioelpopular.com\/wp-content\/uploads\/2024\/11\/Screen-Shot-2024-11-01-at-9.50.32-AM-768x445.png 768w, https:\/\/diarioelpopular.com\/wp-content\/uploads\/2024\/11\/Screen-Shot-2024-11-01-at-9.50.32-AM-636x369.png 636w, https:\/\/diarioelpopular.com\/wp-content\/uploads\/2024\/11\/Screen-Shot-2024-11-01-at-9.50.32-AM-126x73.png 126w, https:\/\/diarioelpopular.com\/wp-content\/uploads\/2024\/11\/Screen-Shot-2024-11-01-at-9.50.32-AM.png 1024w\" sizes=\"auto, (max-width: 1200px) 100vw, 1200px\" \/><p id=\"caption-attachment-524191\" class=\"wp-caption-text\">Los bomberos trasladan un cad\u00e1ver en Catarroja este viernes. Bruna Casas (REUTERS)<\/p><\/div>\n<p>&nbsp;<\/p>\n<p>&nbsp;<\/p>\n<h4 class=\"a_st\"><em>&#8211; El Ej\u00e9rcito se despliega en Valencia y Defensa ofrece \u201ctodos los efectivos que sean necesarios\u201d | Nuevas lluvias ponen en aviso naranja parte de la Comunidad Valenciana y la provincia de Huelva<\/em><\/h4>\n<p>&nbsp;<\/p>\n<p>El Centro de Coordinaci\u00f3n Integrado que gestiona las consecuencias de la dana acaba de elevar a 202 el balance de fallecidos en la Comunidad Valenciana, a los que hay que sumar otros tres fallecidos en Castilla-La Mancha y Andaluc\u00eda. El \u00faltimo balance, del jueves, hablaba de 155 fallecidos. Mientras, contin\u00faan las labores de b\u00fasqueda de desaparecidos y rehabilitaci\u00f3n de casas, calles e infraestructuras. Desde las ocho de la ma\u00f1ana, 500 militares m\u00e1s se han incorporado a las tareas de b\u00fasqueda, junto a los 1.200 militares de la UME desplegados desde casi el primer momento. La ministra de Defensa ha prometido que se incorporar\u00e1n \u201ctodos los que hagan falta\u201d. Mientras, la dana sigue activa y provoca fuertes lluvias de nuevo en la Comunidad Valenciana y el oeste de Andaluc\u00eda. Varias zonas de las provincias de Valencia y Castell\u00f3n, as\u00ed como el sur de Tarragona, est\u00e1n bajo aviso naranja de la Agencia Estatal de Meteorolog\u00eda, mientras que en Andaluc\u00eda, el aviso es rojo en las zonas del litoral del Huelva, el And\u00e9valo y el Condado. El presidente de la Junta, Juanma Moreno, ha pedido a la poblaci\u00f3n que evite salir de casa si no es necesario.<\/p>\n<p class=\"ev-title\"><em><strong>El dispositivo de b\u00fasqueda de los cinco desaparecidos de Letur se ampl\u00eda hasta el r\u00edo Segura<\/strong><\/em><\/p>\n<p>El operativo de b\u00fasqueda de los cinco desaparecidos en Letur (Albacete) se ha ampliado\u00a0desde la rambla anegada del municipio hasta el r\u00edo Segura, a unos cinco kil\u00f3metros. Un total de 190 efectivos conforma el operativo que trabaja en la localidad, al que se han sumado hoy cuatro perros de la unidad canina de la Unidad Militar de Emergencias (UME).<\/p>\n<p>Los recursos se centran tambi\u00e9n en construir una rampa de acceso a la zona\u00a0cero del pueblo, para que pueda entrar maquinaria pesada y mover as\u00ed todo el material arrastrado por el paso de la dana, seg\u00fan ha informado el delegado de la Junta de Castilla-La Mancha, Pedro Antonio Ruiz Santos, que se ha desplazado hasta all\u00ed.<\/p>\n<p>Tambi\u00e9n se espera que gracias a esa rampa hoy puedan acceder algunas personas a sus domicilios y negocios para coger pertenencias. El Ayuntamiento ha puesto a disposici\u00f3n de los vecinos una oficina de protecci\u00f3n civil y otra de atenci\u00f3n ciudadana para prestarles apoyo. Adem\u00e1s, se est\u00e1 elaborando un mapa con las construcciones que se han visto da\u00f1adas y sobre las que se determinar\u00e1 si se van a proceder a demoler o apuntalar a medida que se va pudiendo llegar hasta el casco antiguo de Letur.<\/p>\n<p class=\"ev-title\"><em><strong>El Ayuntamiento de Madrid manda efectivos<\/strong><\/em><\/p>\n<p>El Ayuntamiento de Madrid ha enviado este viernes por la ma\u00f1ana a Valencia a una treintena de efectivos de sus servicios de emergencias (20 bomberos con seis veh\u00edculos y 11 sanitarios del Samur-Protecci\u00f3n Civil con varios veh\u00edculos, entre ellos una UVI m\u00f3vil). Su objetivo ser\u00e1 desaguar una zona inundada en edificaciones en Valencia y proximidades, concretamente en el barrio de la Torre de Valencia, as\u00ed como sacar veh\u00edculos. Contar\u00e1n tambi\u00e9n con la cobertura de dos gr\u00faas de la EMT.<\/p>\n<p class=\"ev-title\"><em><strong>El Ministerio de la Presidencia desplaza 10 forenses y 5 auxiliares de forense que se suman a los efectivos ya trasladados<\/strong><\/em><\/p>\n<p>El Ministerio de la Presidencia, Justicia y Relaciones con las Cortes ha informado este viernes del desplazamiento de 10 forenses y cinco auxiliares de forense a la Comunidad Valenciana para trabajar en las tareas de identificaci\u00f3n de cad\u00e1veres. El nuevo ret\u00e9n del equipo del Instituto de Medicina Legal y Ciencias Forenses (IMLyCF) se suma a los 18 forenses y tres auxiliares de forense ya trasladados a la regi\u00f3n desde el inicio de la tragedia, ascendiendo a 35\u00a0el n\u00famero de trabajadores del departamento que dirige F\u00e9lix Bola\u00f1os. \u201cEst\u00e1n trabajando junto a otros profesionales para poder identificar y practicar las autopsias con la m\u00e1xima celeridad posible a las v\u00edctimas\u201d, se\u00f1alan fuentes gubernamentales en un comunicado.<\/p>\n","protected":false},"excerpt":{"rendered":"<p>&nbsp; &nbsp; &#8211; El Ej\u00e9rcito se despliega en Valencia y Defensa ofrece \u201ctodos los efectivos que sean necesarios\u201d | Nuevas lluvias ponen en aviso naranja&hellip;<\/p>\n","protected":false},"author":99,"featured_media":524191,"comment_status":"open","ping_status":"open","sticky":false,"template":"","format":"standard","meta":{"footnotes":""},"categories":[24],"tags":[],"class_list":["post-524190","post","type-post","status-publish","format-standard","has-post-thumbnail","hentry","category-mundo"],"_links":{"self":[{"href":"https:\/\/diarioelpopular.com\/index.php\/wp-json\/wp\/v2\/posts\/524190","targetHints":{"allow":["GET"]}}],"collection":[{"href":"https:\/\/diarioelpopular.com\/index.php\/wp-json\/wp\/v2\/posts"}],"about":[{"href":"https:\/\/diarioelpopular.com\/index.php\/wp-json\/wp\/v2\/types\/post"}],"author":[{"embeddable":true,"href":"https:\/\/diarioelpopular.com\/index.php\/wp-json\/wp\/v2\/users\/99"}],"replies":[{"embeddable":true,"href":"https:\/\/diarioelpopular.com\/index.php\/wp-json\/wp\/v2\/comments?post=524190"}],"version-history":[{"count":1,"href":"https:\/\/diarioelpopular.com\/index.php\/wp-json\/wp\/v2\/posts\/524190\/revisions"}],"predecessor-version":[{"id":524192,"href":"https:\/\/diarioelpopular.com\/index.php\/wp-json\/wp\/v2\/posts\/524190\/revisions\/524192"}],"wp:featuredmedia":[{"embeddable":true,"href":"https:\/\/diarioelpopular.com\/index.php\/wp-json\/wp\/v2\/media\/524191"}],"wp:attachment":[{"href":"https:\/\/diarioelpopular.com\/index.php\/wp-json\/wp\/v2\/media?parent=524190"}],"wp:term":[{"taxonomy":"category","embeddable":true,"href":"https:\/\/diarioelpopular.com\/index.php\/wp-json\/wp\/v2\/categories?post=524190"},{"taxonomy":"post_tag","embeddable":true,"href":"https:\/\/diarioelpopular.com\/index.php\/wp-json\/wp\/v2\/tags?post=524190"}],"curies":[{"name":"wp","href":"https:\/\/api.w.org\/{rel}","templated":true}]}}