{"id":524196,"date":"2024-11-01T10:02:38","date_gmt":"2024-11-01T14:02:38","guid":{"rendered":"https:\/\/diarioelpopular.com\/?p=524196"},"modified":"2024-11-01T10:02:38","modified_gmt":"2024-11-01T14:02:38","slug":"venezuela-mexico-migracion-en-que-se-parecen-y-en-que-se-diferencian-las-propuestas-de-kamala-harris-y-donald-trump-sobre-america-latina","status":"publish","type":"post","link":"https:\/\/diarioelpopular.com\/index.php\/2024\/11\/01\/venezuela-mexico-migracion-en-que-se-parecen-y-en-que-se-diferencian-las-propuestas-de-kamala-harris-y-donald-trump-sobre-america-latina\/","title":{"rendered":"Venezuela, M\u00e9xico, migraci\u00f3n: en qu\u00e9 se parecen y en qu\u00e9 se diferencian las propuestas de Kamala Harris y Donald Trump sobre Am\u00e9rica Latina"},"content":{"rendered":"<div id=\"attachment_524197\" style=\"width: 646px\" class=\"wp-caption alignnone\"><img loading=\"lazy\" decoding=\"async\" aria-describedby=\"caption-attachment-524197\" class=\"wp-image-524197 size-custom-full-size\" src=\"https:\/\/diarioelpopular.com\/wp-content\/uploads\/2024\/11\/Screen-Shot-2024-11-01-at-10.01.06-AM-636x358.png\" alt=\"\" width=\"636\" height=\"358\" srcset=\"https:\/\/diarioelpopular.com\/wp-content\/uploads\/2024\/11\/Screen-Shot-2024-11-01-at-10.01.06-AM-636x358.png 636w, https:\/\/diarioelpopular.com\/wp-content\/uploads\/2024\/11\/Screen-Shot-2024-11-01-at-10.01.06-AM-300x169.png 300w, https:\/\/diarioelpopular.com\/wp-content\/uploads\/2024\/11\/Screen-Shot-2024-11-01-at-10.01.06-AM-768x432.png 768w, https:\/\/diarioelpopular.com\/wp-content\/uploads\/2024\/11\/Screen-Shot-2024-11-01-at-10.01.06-AM-130x73.png 130w, https:\/\/diarioelpopular.com\/wp-content\/uploads\/2024\/11\/Screen-Shot-2024-11-01-at-10.01.06-AM.png 1024w\" sizes=\"auto, (max-width: 636px) 100vw, 636px\" \/><p id=\"caption-attachment-524197\" class=\"wp-caption-text\">Las alianzas regionales variar\u00e1n seg\u00fan qui\u00e9n ocupe la Casa Blanca.<\/p><\/div>\n<p>&nbsp;<\/p>\n<p>&nbsp;<\/p>\n<div class=\"bbc-19j92fr ebmt73l0\" dir=\"ltr\">\n<ul>\n<li class=\"bbc-hhl7in e17g058b0\" dir=\"ltr\"><em><b>Am\u00e9rica Latina no ha sido una prioridad para los candidatos a las elecciones de Estados Unidos, Kamala Harris y Donald Trump.<\/b><\/em><\/li>\n<\/ul>\n<\/div>\n<div class=\"bbc-19j92fr ebmt73l0\" dir=\"ltr\">\n<p dir=\"ltr\">\n<p dir=\"ltr\">\n<p class=\"bbc-hhl7in e17g058b0\" dir=\"ltr\">Pero esta regi\u00f3n presenta desaf\u00edos que deber\u00e1 enfrentar quien gane este martes 5 de noviembre: desde c\u00f3mo responder al nuevo mandato de\u00a0Nicol\u00e1s Maduro\u00a0en Venezuela hasta c\u00f3mo frenar el flujo de migrantes y la creciente influencia de China cerca de las fronteras estadounidenses.<\/p>\n<\/div>\n<div class=\"bbc-19j92fr ebmt73l0\" dir=\"ltr\">\n<p class=\"bbc-hhl7in e17g058b0\" dir=\"ltr\">Y precisamente\u00a0la llegada de migrantes de Am\u00e9rica Latina a la frontera sur\u00a0ha sido uno de los grandes temas de la campa\u00f1a.<\/p>\n<\/div>\n<div class=\"bbc-19j92fr ebmt73l0\" dir=\"ltr\">\n<p class=\"bbc-hhl7in e17g058b0\" dir=\"ltr\">Trump, como hizo cuando gan\u00f3 en 2016, situ\u00f3 la migraci\u00f3n como cuesti\u00f3n prioritaria de su campa\u00f1a electoral y argumento para criticar al actual gobierno dem\u00f3crata y para acusar a la vicepresidenta de Harris de \u201cincompetencia\u201d.<\/p>\n<p dir=\"ltr\">\n<\/div>\n<section class=\"bbc-geybui\" role=\"region\" aria-label=\"Publicidad 2\" aria-hidden=\"true\" data-e2e=\"advertisement\"><\/section>\n<figure class=\"bbc-1qn0xuy\">\n<div class=\"bbc-j1srjl\">\n<div style=\"width: 1034px\" class=\"wp-caption alignnone\"><img loading=\"lazy\" decoding=\"async\" class=\"bbc-139onq\" src=\"https:\/\/ichef.bbci.co.uk\/ace\/ws\/640\/cpsprodpb\/6f5f\/live\/f6c2fca0-97c5-11ef-a41c-dd1648bd8502.jpg.webp\" alt=\"Televisi\u00f3n con el debate electoral en un campamento de migrantes\" width=\"1024\" height=\"683\" \/><p class=\"wp-caption-text\">Fuente de la imagen,Getty Images.\u00a0\u00a0El ganador o ganadora de las elecciones puede marcar el futuro de muchos migrantes latinoamericanos.<\/p><\/div>\n<\/div>\n<\/figure>\n<div class=\"bbc-19j92fr ebmt73l0\" dir=\"ltr\">\n<p dir=\"ltr\">\n<p dir=\"ltr\">\n<p class=\"bbc-hhl7in e17g058b0\" dir=\"ltr\">El candidato republicano\u00a0ha prometido una deportaci\u00f3n masiva\u00a0de migrantes indocumentados nada m\u00e1s asumir la presidencia, lo que tendr\u00eda consecuencias humanitarias y econ\u00f3micas para el pa\u00eds. Los desaf\u00edos legales y log\u00edsticos, sin embargo, ponen en duda su viabilidad.<\/p>\n<\/div>\n<div class=\"bbc-19j92fr ebmt73l0\" dir=\"ltr\">\n<p class=\"bbc-hhl7in e17g058b0\" dir=\"ltr\">Seg\u00fan exfuncionarios del primer mandato de Trump, el plan no es solo detener y deportar, sino generar un clima de miedo aplicando la ley de forma indiscriminada e imprevisible para que los inmigrantes dejen de ir a sitios p\u00fablicos, sus hijos teman asistir a los colegios y, por \u00faltimo, decidan marcharse.<\/p>\n<\/div>\n<div class=\"bbc-19j92fr ebmt73l0\" dir=\"ltr\">\n<p class=\"bbc-hhl7in e17g058b0\" dir=\"ltr\">Trump promete cerrar la frontera y\u00a0ha vinculado la llegada de migrantes a la criminalidad, al aumento del precio de la vivienda en algunas partes del pa\u00eds, a la entrada de fentanilo, droga que hace estragos, y a la p\u00e9rdida y deterioro de empleos para los estadounidenses, ideas que le fueron \u00fatiles para conquistar votantes hace ocho a\u00f1os.<\/p>\n<\/div>\n<div class=\"bbc-19j92fr ebmt73l0\" dir=\"ltr\">\n<p class=\"bbc-hhl7in e17g058b0\" dir=\"ltr\">Una de las frases de la campa\u00f1a fue la acusaci\u00f3n infundada en el debate con Harris de que los haitianos se comen a las mascotas en una ciudad de Ohio donde se han asentado muchos migrantes.<\/p>\n<p dir=\"ltr\">\n<\/div>\n<figure class=\"bbc-1qn0xuy\">\n<div class=\"bbc-18ywsw9\">\n<div style=\"width: 829px\" class=\"wp-caption alignnone\"><img loading=\"lazy\" decoding=\"async\" class=\"bbc-139onq\" src=\"https:\/\/ichef.bbci.co.uk\/ace\/ws\/640\/cpsprodpb\/a50d\/live\/049a10b0-97c2-11ef-a32f-2b9967118206.jpg.webp\" alt=\"Trump con el eslogan &quot;Paremos el ba\u00f1o de sangre de Biden en la frontera&quot;\" width=\"819\" height=\"546\" \/><p class=\"wp-caption-text\">Fuente de la imagen,Getty Images.\u00a0\u00a0&#8220;Paremos el ba\u00f1o de sangre de Biden en la frontera&#8221;, reza este eslogan de campa\u00f1a de Trump.<\/p><\/div>\n<p class=\"bbc-by8ykd\" role=\"text\">\n<\/div>\n<\/figure>\n<div class=\"bbc-19j92fr ebmt73l0\" dir=\"ltr\">\n<p dir=\"ltr\">\n<p dir=\"ltr\">\n<p class=\"bbc-hhl7in e17g058b0\" dir=\"ltr\">Los republicanos acusan al gobierno de Joe Biden y Harris de haber facilitado el ingreso de migrantes. El n\u00famero de encuentros en la frontera creci\u00f3 significativamente con Biden, que en los \u00faltimos meses, sin embargo, recuper\u00f3 pol\u00edticas duras similares a las de Trump para reducir los n\u00fameros.<\/p>\n<\/div>\n<div class=\"bbc-19j92fr ebmt73l0\" dir=\"ltr\">\n<p class=\"bbc-hhl7in e17g058b0\" dir=\"ltr\">Entre diciembre de 2023 y 2024 la cifra de inmigrantes indocumentados detenidos por la patrulla fronteriza\u00a0cay\u00f3 en un 77%\u00a0como resultado de medidas m\u00e1s estrictas tomadas por el gobierno mexicano y otros de la regi\u00f3n para impedir el paso hacia EE UU. y de las restricciones del gobierno de Biden para permitir la entrada.<\/p>\n<\/div>\n<div class=\"bbc-19j92fr ebmt73l0\" dir=\"ltr\">\n<p class=\"bbc-hhl7in e17g058b0\" dir=\"ltr\">Trump llama a la vicepresidenta Harris \u201czar de la frontera\u201d dado que Biden le dio la tarea de atajar las causas de la migraci\u00f3n en los pa\u00edses de Centroam\u00e9rica. Harris lider\u00f3\u00a0un plan de inversiones de US$5.000 millones\u00a0para promover el desarrollo en la regi\u00f3n, pero su misi\u00f3n nunca fue ocuparse de la frontera con M\u00e9xico.<\/p>\n<\/div>\n<div class=\"bbc-19j92fr ebmt73l0\" dir=\"ltr\">\n<p class=\"bbc-hhl7in e17g058b0\" dir=\"ltr\">Trump considera suspender el programa de refugiados y restablecer el programa de \u201cpermanecer en M\u00e9xico\u201d, que exige que los solicitantes de asilo esperen en ese pa\u00eds mientras se gestionan sus casos. En paralelo, desviar\u00eda a posibles solicitantes de asilo a terceros pa\u00edses dispuestos a aceptarlos.<\/p>\n<\/div>\n<div class=\"bbc-19j92fr ebmt73l0\" dir=\"ltr\">\n<p class=\"bbc-hhl7in e17g058b0\" dir=\"ltr\">La propuesta de la candidata dem\u00f3crata, que rechaza las deportaciones masivas, es que ser\u00e1 muy firme con el objetivo de\u00a0crear una \u201cfrontera segura\u201d\u00a0y\u00a0lo respalda en su experiencia de fiscal en causas contra el crimen organizado y en el apoyo que dio a un proyecto de ley de seguridad fronteriza al que se sumaron tambi\u00e9n legisladores republicanos.<\/p>\n<\/div>\n<div class=\"bbc-19j92fr ebmt73l0\" dir=\"ltr\">\n<p class=\"bbc-hhl7in e17g058b0\" dir=\"ltr\">Finalmente ese proyecto fue bloqueado por Trump para no darle un \u00e9xito a Biden cerca de las elecciones.<\/p>\n<p dir=\"ltr\">\n<\/div>\n<figure class=\"bbc-1qn0xuy\">\n<div class=\"bbc-18ywsw9\">\n<div style=\"width: 1034px\" class=\"wp-caption alignnone\"><img loading=\"lazy\" decoding=\"async\" class=\"bbc-139onq\" src=\"https:\/\/ichef.bbci.co.uk\/ace\/ws\/640\/cpsprodpb\/63f9\/live\/370133d0-97c2-11ef-a41c-dd1648bd8502.jpg.webp\" alt=\"Kamala Harris\" width=\"1024\" height=\"683\" \/><p class=\"wp-caption-text\">Fuente de la imagen,Getty Images.\u00a0\u00a0Harris promete una &#8220;frontera segura&#8221;.<\/p><\/div>\n<\/div>\n<\/figure>\n<div class=\"bbc-19j92fr ebmt73l0\" dir=\"ltr\">\n<p dir=\"ltr\">\n<p dir=\"ltr\">\n<p class=\"bbc-hhl7in e17g058b0\" dir=\"ltr\">El n\u00famero de personas de la regi\u00f3n que quieren emigrar hacia EE. UU. aument\u00f3 en la \u00faltima d\u00e9cada. Seg\u00fan el Alto Comisionado de Naciones Unidas para los Refugiados (UNHCR) en la regi\u00f3n \u201chubo 23 millones de personas desplazadas por la fuerza en 2023, un aumento de un mill\u00f3n y medio con respecto a 2022, impulsado por situaciones de desplazamiento en Colombia, Venezuela, Hait\u00ed, el norte de Centroam\u00e9rica, M\u00e9xico y Nicaragua\u201d.<\/p>\n<\/div>\n<div class=\"bbc-19j92fr ebmt73l0\" dir=\"ltr\">\n<p class=\"bbc-hhl7in e17g058b0\" dir=\"ltr\">La migraci\u00f3n es clave en Estados Unidos no s\u00f3lo porque el 88% de los votantes registrados consideran que el reforzamiento de la frontera es un tema prioritario y que Trump lo puede manejar mejor que Harris, sino porque el voto latino, tradicionalmente dem\u00f3crata, se empez\u00f3 a inclinar poco a poco desde la presidencia de Barack Obama hacia los republicanos. Esto puede definir los resultados electorales:\u00a036 millones de latinos\u00a0pueden votar este a\u00f1o.<\/p>\n<\/div>\n<div class=\"bbc-19j92fr ebmt73l0\" dir=\"ltr\">\n<p class=\"bbc-hhl7in e17g058b0\" dir=\"ltr\">Todo esto hace que la crisis pol\u00edtica de Venezuela, la econ\u00f3mica de Cuba y la de seguridad de Hait\u00ed y Ecuador, entre otras, vayan a estar en la agenda de Trump o Harris m\u00e1s all\u00e1 de las decisiones internas de admisi\u00f3n de migrantes.<\/p>\n<p dir=\"ltr\">\n<\/div>\n<figure class=\"bbc-1qn0xuy\">\n<div class=\"bbc-18ywsw9\">\n<div style=\"width: 1034px\" class=\"wp-caption alignnone\"><img loading=\"lazy\" decoding=\"async\" class=\"bbc-139onq\" src=\"https:\/\/ichef.bbci.co.uk\/ace\/ws\/640\/cpsprodpb\/2f08\/live\/c5c498a0-97c2-11ef-a41c-dd1648bd8502.jpg.webp\" alt=\"Migrantes en la frontera\" width=\"1024\" height=\"683\" \/><p class=\"wp-caption-text\">Fuente de la imagen,Getty Images.\u00a0\u00a0En los \u00faltimos a\u00f1os se dispararon los cruces ilegales en la frontera sur.<\/p><\/div>\n<p class=\"bbc-by8ykd\" role=\"text\">\n<\/div>\n<\/figure>\n<div class=\"bbc-19j92fr ebmt73l0\" dir=\"ltr\">\n<p dir=\"ltr\">\n<p dir=\"ltr\">\n<p class=\"bbc-hhl7in e17g058b0\" dir=\"ltr\">Y para todo ello la relaci\u00f3n con M\u00e9xico ser\u00e1 clave. Trump, que se entendi\u00f3 bien con\u00a0Andr\u00e9s Manuel L\u00f3pez Obrador\u00a0en su primer mandato, ahora lo deber\u00eda hacer con la sucesora de este,\u00a0Claudia Sheinbaum.<\/p>\n<\/div>\n<div class=\"bbc-19j92fr ebmt73l0\" dir=\"ltr\">\n<p class=\"bbc-hhl7in e17g058b0\" dir=\"ltr\">El candidato ha vuelto a decir que estar\u00eda dispuesto a bombardear a grupos narcos en territorio mexicano y que quiere\u00a0renegociar el tratado de libre comercio con M\u00e9xico\u00a0porque cree que perjudica los intereses estadounidenses, discurso que resuena en los votantes de estados clave como Michigan, Wisconsin y Pensilvania.<\/p>\n<\/div>\n<div class=\"bbc-19j92fr ebmt73l0\" dir=\"ltr\">\n<p class=\"bbc-hhl7in e17g058b0\" dir=\"ltr\">\u201cNos vamos a poner de acuerdo. Est\u00e1n en campa\u00f1a, obviamente tambi\u00e9n hay mayores estridencias en uno u otro sentido, pero ellos saben y nosotros sabemos que es indispensable el acuerdo en el marco de nuestra soberan\u00eda\u201d, dijo Sheinbaum, conciliadora y defensora del actual acuerdo comercial.<\/p>\n<\/div>\n<div class=\"bbc-19j92fr ebmt73l0\" dir=\"ltr\">\n<p class=\"bbc-hhl7in e17g058b0\" dir=\"ltr\">Si gana Harris, los dos pa\u00edses vecinos estar\u00e1n liderados por mujeres. La vicepresidenta destac\u00f3 que como fiscal general de California ya trabaj\u00f3 con sus pares mexicanos en temas como el tr\u00e1fico de armas, drogas y personas por parte de los carteles.<\/p>\n<\/div>\n<div class=\"bbc-19j92fr ebmt73l0\" dir=\"ltr\">\n<h2 id=\"Dilemas-sobre-Venezuela\" class=\"bbc-1f03ibc eglt09e0\" tabindex=\"-1\">Dilemas sobre Venezuela<\/h2>\n<\/div>\n<div class=\"bbc-19j92fr ebmt73l0\" dir=\"ltr\">\n<p class=\"bbc-hhl7in e17g058b0\" dir=\"ltr\">Otra cuesti\u00f3n compleja para el pr\u00f3ximo presidente o presidenta ser\u00e1\u00a0qu\u00e9 hacer ante el gobierno de Nicol\u00e1s Maduro\u00a0en Venezuela, que se espera que asuma un nuevo mandato el 10 de enero, diez d\u00edas antes que Harris o Trump, a pesar de que muchos pa\u00edses, incluido Estados Unidos, no reconocen su supuesta victoria en las elecciones del 28 de julio.<\/p>\n<\/div>\n<div class=\"bbc-19j92fr ebmt73l0\" dir=\"ltr\">\n<p class=\"bbc-hhl7in e17g058b0\" dir=\"ltr\">Durante su primer mandato, Trump amenaz\u00f3 con intervenir militarmente en Venezuela, impuso sanciones y reconoci\u00f3 al gobierno en el exilio del opositor\u00a0Juan Guaid\u00f3. El gobierno de Biden rebaj\u00f3 la tensi\u00f3n y levant\u00f3 una serie de sanciones para que Venezuela pudiese exportar petr\u00f3leo.<\/p>\n<\/div>\n<div class=\"bbc-19j92fr ebmt73l0\" dir=\"ltr\">\n<p class=\"bbc-hhl7in e17g058b0\" dir=\"ltr\">Pero ante lo sucedido en las elecciones, en las que la oposici\u00f3n public\u00f3 las actas que demostraban el triunfo del rival de Maduro,\u00a0Edmundo Gonz\u00e1lez, Washington volvi\u00f3 a impulsar restricciones a la movilidad internacional de miembros del gobierno, y deleg\u00f3 en Brasil y Colombia que negociaran, infructuosamente, una transici\u00f3n entre Maduro y la oposici\u00f3n.<\/p>\n<p dir=\"ltr\">\n<\/div>\n<figure class=\"bbc-1qn0xuy\">\n<div class=\"bbc-18ywsw9\">\n<div style=\"width: 1034px\" class=\"wp-caption alignnone\"><img loading=\"lazy\" decoding=\"async\" class=\"bbc-139onq\" src=\"https:\/\/ichef.bbci.co.uk\/ace\/ws\/640\/cpsprodpb\/4733\/live\/5aceda10-97c2-11ef-8538-e1655f5a8342.jpg.webp\" alt=\"Maduro en un acto\" width=\"1024\" height=\"683\" \/><p class=\"wp-caption-text\">Fuente de la imagen,Getty Images.\u00a0\u00a0Qu\u00e9 hacer con el r\u00e9gimen de Maduro ha sido un tema pr\u00e1cticamente ausente en la campa\u00f1a.<\/p><\/div>\n<\/div>\n<\/figure>\n<div class=\"bbc-19j92fr ebmt73l0\" dir=\"ltr\">\n<p dir=\"ltr\">\n<p dir=\"ltr\">\n<p class=\"bbc-hhl7in e17g058b0\" dir=\"ltr\">Es de esperar que\u00a0si gana Harris, no reconozca a Maduro\u00a0e imponga sanciones. Pero estas provocar\u00edan m\u00e1s presi\u00f3n migratoria y cr\u00edticas de los republicanos. Seg\u00fan recientes encuestas de opini\u00f3n hasta cuatro millones de venezolanos consideran abandonar el pa\u00eds si Maduro contin\u00faa en el poder.<\/p>\n<\/div>\n<div class=\"bbc-19j92fr ebmt73l0\" dir=\"ltr\">\n<p class=\"bbc-hhl7in e17g058b0\" dir=\"ltr\">Tambi\u00e9n podr\u00eda mantener cierta presi\u00f3n sin tomar esas medidas. Pero esto generar\u00eda cr\u00edticas republicanas por debilidad y complicidad con Maduro.<\/p>\n<\/div>\n<div class=\"bbc-19j92fr ebmt73l0\" dir=\"ltr\">\n<p class=\"bbc-hhl7in e17g058b0\" dir=\"ltr\">\u201cNo vamos a usar las Fuerzas Armadas all\u00ed&#8221;, descart\u00f3 la vicepresidenta en una reciente entrevista con Telemundo al ser preguntada sobre Venezuela.<\/p>\n<\/div>\n<div class=\"bbc-19j92fr ebmt73l0\" dir=\"ltr\">\n<p class=\"bbc-hhl7in e17g058b0\" dir=\"ltr\">&#8220;Pero d\u00e9jenme ser muy clara tambi\u00e9n: debemos mantenernos firmes como Estados Unidos y respetar la voluntad del pueblo en esas elecciones. Y he sido muy clara al respecto en relaci\u00f3n con las elecciones que tuvieron lugar en Venezuela. La voluntad del pueblo debe ser respetada. Por eso es que tambi\u00e9n hemos emitido sanciones&#8221;.<\/p>\n<\/div>\n<div class=\"bbc-19j92fr ebmt73l0\" dir=\"ltr\">\n<p class=\"bbc-hhl7in e17g058b0\" dir=\"ltr\">\u00bfY qu\u00e9 har\u00eda Trump? Poco ha dicho sobre Maduro en los \u00faltimos tiempos. S\u00f3lo se ha referido, sin base, al vaciamiento de c\u00e1rceles en el pa\u00eds para que supuestos criminales lleguen a Estados Unidos.<\/p>\n<\/div>\n<div class=\"bbc-19j92fr ebmt73l0\" dir=\"ltr\">\n<p class=\"bbc-hhl7in e17g058b0\" dir=\"ltr\">La relaci\u00f3n futura de la Casa Blanca con Maduro depender\u00e1, afirma Juan Gabriel Tokatlian, de la Universidad Torcuato di Tella, Argentina, de la ret\u00f3rica del gobierno de Caracas y de los mayores o menores v\u00ednculos que mantenga con China y Rusia.<\/p>\n<\/div>\n<div class=\"bbc-19j92fr ebmt73l0\" dir=\"ltr\">\n<h2 id=\"La-relaci\u00f3n-con-la-regi\u00f3n\" class=\"bbc-1f03ibc eglt09e0\" tabindex=\"-1\">La relaci\u00f3n con la regi\u00f3n<\/h2>\n<\/div>\n<div class=\"bbc-19j92fr ebmt73l0\" dir=\"ltr\">\n<p class=\"bbc-hhl7in e17g058b0\" dir=\"ltr\">M\u00e1s all\u00e1 de lo concreto, Trump y Harris ofrecen una forma opuesta de enfrentarse a los temas que preocupan a Am\u00e9rica Latina, por lo que la relaci\u00f3n con los l\u00edderes de la regi\u00f3n ser\u00e1 muy diferente.<\/p>\n<\/div>\n<div class=\"bbc-19j92fr ebmt73l0\" dir=\"ltr\">\n<p class=\"bbc-hhl7in e17g058b0\" dir=\"ltr\">El Partido Dem\u00f3crata, considera Maureen Meyer, vicepresidenta de la ONG Washington Office on Latin America (WOLA), \u201ctiene inter\u00e9s en seguir apoyando a programas para\u00a0fortalecer el estado de derecho y los derechos humanos\u00a0en Am\u00e9rica Latina, el proceso de paz en Colombia, y una respuesta regional a la migraci\u00f3n y la crisis clim\u00e1tica\u201d.<\/p>\n<\/div>\n<div class=\"bbc-19j92fr ebmt73l0\" dir=\"ltr\">\n<p class=\"bbc-hhl7in e17g058b0\" dir=\"ltr\">&#8220;Los republicanos, en cambio, desconf\u00edan, por ejemplo, del pasado izquierdista del presidente\u00a0Gustavo Petro\u00a0en Colombia, no se interesan por los programas sobre derechos humanos ni la crisis clim\u00e1tica, y quieren frenar el apoyo a organizaciones que educan sobre derechos reproductivos, el acceso al aborto, y fondos de apoyo a igualdad de g\u00e9nero, diversidad racial, e identidades LGBTQI\u201d, dice Meyer.<\/p>\n<\/div>\n<div class=\"bbc-19j92fr ebmt73l0\" dir=\"ltr\">\n<p class=\"bbc-hhl7in e17g058b0\" dir=\"ltr\">Estas cuestiones son\u00a0temas de las \u201cguerras culturales\u201d\u00a0propias de pol\u00edticas dom\u00e9sticas, pero han pasado a ser parte de la pol\u00edtica exterior.<\/p>\n<p dir=\"ltr\">\n<\/div>\n<figure class=\"bbc-1qn0xuy\">\n<div class=\"bbc-18ywsw9\">\n<div style=\"width: 1034px\" class=\"wp-caption alignnone\"><img loading=\"lazy\" decoding=\"async\" class=\"bbc-139onq\" src=\"https:\/\/ichef.bbci.co.uk\/ace\/ws\/640\/cpsprodpb\/6845\/live\/8bca5f40-97c2-11ef-9260-19e6a950e830.jpg.webp\" alt=\"Bukele y Milei\" width=\"1024\" height=\"683\" \/><p class=\"wp-caption-text\">Fuente de la imagen,Getty Images.\u00a0\u00a0Trump ha mostrado afinidad hacia los presidentes de El Salvador y Argentina.<\/p><\/div>\n<\/div>\n<\/figure>\n<div class=\"bbc-19j92fr ebmt73l0\" dir=\"ltr\">\n<p dir=\"ltr\">\n<p dir=\"ltr\">\n<p class=\"bbc-hhl7in e17g058b0\" dir=\"ltr\">Durante la presidencia de\u00a0Jair Bolsonaro\u00a0en Brasil (2019-2022), el expresidente Trump y su c\u00edrculo m\u00e1s estrecho establecieron fuertes v\u00ednculos con \u00e9l.<\/p>\n<\/div>\n<div class=\"bbc-19j92fr ebmt73l0\" dir=\"ltr\">\n<p class=\"bbc-hhl7in e17g058b0\" dir=\"ltr\">Tanto se acercaron que en enero 2023, cuando tuvo que entregar el poder a\u00a0Luiz Inacio Lula da Silva, sus partidarios trataron de repetir en Brasilia la toma de edificios gubernamentales al estilo del asalto al Congreso de los seguidores de Trump en enero de 2021.<\/p>\n<\/div>\n<div class=\"bbc-19j92fr ebmt73l0\" dir=\"ltr\">\n<p class=\"bbc-hhl7in e17g058b0\" dir=\"ltr\">Bolsonaro es uno de los \u201chombres fuertes\u201d que corteja el trumpismo, como tambi\u00e9n lo es el presidente de Argentina,\u00a0Javier Milei, que libra batallas contra la izquierda..<\/p>\n<\/div>\n<div class=\"bbc-19j92fr ebmt73l0\" dir=\"ltr\">\n<p class=\"bbc-hhl7in e17g058b0\" dir=\"ltr\">En junio de 2024 una delegaci\u00f3n de ultraconservadores de EE. UU., con un hijo de Trump a la cabeza, asisti\u00f3 a la ceremonia de investidura del segundo mandato de\u00a0Nayib Bukele, \u00eddolo de la derecha medi\u00e1tica de Estados Unidos.<\/p>\n<\/div>\n<div class=\"bbc-19j92fr ebmt73l0\" dir=\"ltr\">\n<p class=\"bbc-hhl7in e17g058b0\" dir=\"ltr\">Pese a las acusaciones de violaciones de los derechos humanos por las pol\u00edticas de \u201cmano dura\u201d de su gobierno en el combate contra el crimen, en mayo el secretario de Seguridad Nacional de Estados Unidos,\u00a0Alejandro Mayorkas, viaj\u00f3 a El Salvador.<\/p>\n<\/div>\n<div class=\"bbc-19j92fr ebmt73l0\" dir=\"ltr\">\n<p class=\"bbc-hhl7in e17g058b0\" dir=\"ltr\">Ambas partes celebraron all\u00ed la \u201casociaci\u00f3n estrecha y continuada entre nuestros pa\u00edses para reducir la circulaci\u00f3n migratoria irregular\u201d.<\/p>\n<\/div>\n<div class=\"bbc-19j92fr ebmt73l0\" dir=\"ltr\">\n<p class=\"bbc-hhl7in e17g058b0\" dir=\"ltr\">La mejora en las cifras de crimen en El Salvador ha reducido el n\u00famero de migrantes que buscan salir del pa\u00eds y llegar a Estados Unidos, algo que ha reconocido el gobierno de Biden.<\/p>\n<\/div>\n<div class=\"bbc-19j92fr ebmt73l0\" dir=\"ltr\">\n<h2 id=\"Cerrar-el-paso-a-China\" class=\"bbc-1f03ibc eglt09e0\" tabindex=\"-1\">Cerrar el paso a China<\/h2>\n<\/div>\n<div class=\"bbc-19j92fr ebmt73l0\" dir=\"ltr\">\n<p class=\"bbc-hhl7in e17g058b0\" dir=\"ltr\">En las \u00faltimas cuatro d\u00e9cadas\u00a0Am\u00e9rica Latina no ha sido una prioridad\u00a0para la pol\u00edtica exterior de EE. UU. Ocupado con la ca\u00edda de la Uni\u00f3n Sovi\u00e9tica, Oriente Medio y China, Washington descuid\u00f3 a esta regi\u00f3n y China lo desplaz\u00f3 como primer socio comercial.<\/p>\n<\/div>\n<div class=\"bbc-19j92fr ebmt73l0\" dir=\"ltr\">\n<p class=\"bbc-hhl7in e17g058b0\" dir=\"ltr\">\u201cEl punto central ahora va a ser, para republicanos y dem\u00f3cratas,\u00a0la relaci\u00f3n con China, y su proyecci\u00f3n en la regi\u00f3n\u201d, afirma el profesor Tokatlian.<\/p>\n<\/div>\n<div class=\"bbc-19j92fr ebmt73l0\" dir=\"ltr\">\n<p class=\"bbc-hhl7in e17g058b0\" dir=\"ltr\">\u201cLa cooperaci\u00f3n entre China y los pa\u00edses latinoamericanos se centra en la econom\u00eda y el comercio\u201d, explica Xulio R\u00edos, del Observatorio de la Pol\u00edtica China (Espa\u00f1a).<\/p>\n<\/div>\n<div class=\"bbc-19j92fr ebmt73l0\" dir=\"ltr\">\n<p class=\"bbc-hhl7in e17g058b0\" dir=\"ltr\">La regi\u00f3n \u201ces rica en recursos y China ve ah\u00ed una zona clave para el desarrollo de sus relaciones exteriores\u201d.<\/p>\n<\/div>\n<div class=\"bbc-19j92fr ebmt73l0\" dir=\"ltr\">\n<p class=\"bbc-hhl7in e17g058b0\" dir=\"ltr\">\u201cIgualmente, para buena parte de los pa\u00edses latinoamericanos, China es\u00a0un socio comercial de primer nivel\u00a0que invierte activamente en varios sectores de la industria latinoamericana. El desarrollo de lazos militares complementa su amplia estrategia\u201d.<\/p>\n<\/div>\n<div class=\"bbc-19j92fr ebmt73l0\" dir=\"ltr\">\n<p class=\"bbc-hhl7in e17g058b0\" dir=\"ltr\">Tanto Trump como Harris tienen fuertes coincidencias acerca de la competencia econ\u00f3mica, comercial y tecnol\u00f3gica con China.<\/p>\n<\/div>\n<div class=\"bbc-19j92fr ebmt73l0\" dir=\"ltr\">\n<p class=\"bbc-hhl7in e17g058b0\" dir=\"ltr\">Como Trump, Biden impuso una dura pol\u00edtica de aranceles a los productos chinos y eso tuvo un impacto econ\u00f3mico en un pa\u00eds como M\u00e9xico, que se benefici\u00f3 de lo que se conoce como\u00a0<i class=\"bbc-h1y5j7 eih42320\">nearshoring<\/i>, la instalaci\u00f3n de f\u00e1bricas extranjeras cerca de la frontera de Estados Unidos para aprovechar ventajas geogr\u00e1ficas y comerciales de la relaci\u00f3n entre los dos vecinos.<\/p>\n<p dir=\"ltr\">\n<\/div>\n<figure class=\"bbc-1qn0xuy\">\n<div class=\"bbc-18ywsw9\">\n<div style=\"width: 1034px\" class=\"wp-caption alignnone\"><img loading=\"lazy\" decoding=\"async\" class=\"bbc-139onq\" src=\"https:\/\/ichef.bbci.co.uk\/ace\/ws\/640\/cpsprodpb\/624e\/live\/e5eaec50-97c3-11ef-9260-19e6a950e830.jpg.webp\" alt=\"Xi y Biden\" width=\"1024\" height=\"683\" \/><p class=\"wp-caption-text\">Fuente de la imagen,Getty Images.\u00a0\u00a0Biden no deshizo las pol\u00edticas econ\u00f3micas agresivas hacia China de su antecesor.<\/p><\/div>\n<\/div>\n<\/figure>\n<div class=\"bbc-19j92fr ebmt73l0\" dir=\"ltr\">\n<p dir=\"ltr\">\n<p dir=\"ltr\">\n<p class=\"bbc-hhl7in e17g058b0\" dir=\"ltr\">La competencia con China es el pilar fundamental del intento, tanto de republicanos como de dem\u00f3cratas, de volver a tener el peso hegem\u00f3nico que EE. UU ostent\u00f3 en el pasado y de imponer pol\u00edticas a otros estados.<\/p>\n<\/div>\n<div class=\"bbc-19j92fr ebmt73l0\" dir=\"ltr\">\n<p class=\"bbc-hhl7in e17g058b0\" dir=\"ltr\">Para Tokatlian \u201chay matices sobre temas importantes entre los dos partidos\u201d que, sin embargo, se pierden cuando se agudiza la polarizaci\u00f3n.<\/p>\n<\/div>\n<div class=\"bbc-19j92fr ebmt73l0\" dir=\"ltr\">\n<p class=\"bbc-hhl7in e17g058b0\" dir=\"ltr\">\u201cLa calidad de la democracia\u00a0importar\u00eda poco y pasar\u00eda a segundo plano si se trata de contar con aliados. Por ejemplo, Milei es uno de ellos contra Pek\u00edn. Como en la Guerra Fr\u00eda, se priorizar\u00e1 la confrontaci\u00f3n geopol\u00edtica\u201d.<\/p>\n<\/div>\n<div class=\"bbc-19j92fr ebmt73l0\" dir=\"ltr\">\n<p class=\"bbc-hhl7in e17g058b0\" dir=\"ltr\">\u201cEl nuevo gobierno no dedicar\u00e1 mucha atenci\u00f3n a la regi\u00f3n debido a los conflictos activos en Europa y Oriente Medio\u201d, dice Adam Isacson, experto en seguridad de WOLA.<\/p>\n<\/div>\n<div class=\"bbc-19j92fr ebmt73l0\" dir=\"ltr\">\n<p class=\"bbc-hhl7in e17g058b0\" dir=\"ltr\">\u201cCuando hay menos atenci\u00f3n, disminuye la coordinaci\u00f3n entre agencias, y las que tienen responsabilidades directas en seguridad -especialmente el Comando Sur- tendr\u00e1n m\u00e1s autonom\u00eda (aunque no m\u00e1s presupuesto) para sus prioridades\u201d.<\/p>\n<\/div>\n<div class=\"bbc-19j92fr ebmt73l0\" dir=\"ltr\">\n<p class=\"bbc-hhl7in e17g058b0\" dir=\"ltr\">Respecto a la seguridad, algunos republicanos, explica Isacson, quieren\u00a0utilizar en M\u00e9xico la fuerza militar\u00a0(ataques con aviones no tripulados, incursiones de las Fuerzas Especiales) para atacar a los l\u00edderes de los c\u00e1rteles o los laboratorios de drogas sin permiso del gobierno local.<\/p>\n<\/div>\n<div class=\"bbc-19j92fr ebmt73l0\" dir=\"ltr\">\n<p class=\"bbc-hhl7in e17g058b0\" dir=\"ltr\">Para Sergio Aguayo, investigador senior del Colegio de M\u00e9xico, su pa\u00eds y EE. UU. \u201ccomparten la necesidad de\u00a0recuperar el control sobre su frontera sur\u201d.<\/p>\n<\/div>\n<div class=\"bbc-19j92fr ebmt73l0\" dir=\"ltr\">\n<p class=\"bbc-hhl7in e17g058b0\" dir=\"ltr\">\u201cPara lograrlo, cualquiera de los dos candidatos exigir\u00e1 la colaboraci\u00f3n del gobierno mexicano. Pero el gobierno mexicano tiene cartas que jugar y veremos c\u00f3mo las usa. En el corto y mediano plazo, la mejor apuesta mexicana ser\u00eda empujar seriamente en favor de un tratado bilateral de seguridad con EE. UU., partiendo de la tesis de la responsabilidad compartida y del reacomodo del poder mundial\u201d.<\/p>\n<\/div>\n<div class=\"bbc-19j92fr ebmt73l0\" dir=\"ltr\">\n<p class=\"bbc-hhl7in e17g058b0\" dir=\"ltr\">Pero ninguno de los dos candidatos plantea un tratado de esa envergadura ni una agenda estrat\u00e9gica con Am\u00e9rica Latina.<\/p>\n<\/div>\n<div class=\"bbc-19j92fr ebmt73l0\" dir=\"ltr\">\n<p class=\"bbc-hhl7in e17g058b0\" dir=\"ltr\">Los temas de la agenda, indica Monica Hirst, del Instituto de Estudos Sociais e Pol\u00edticos de la Universidad del Estado de R\u00edo de Janeiro, se abordan seg\u00fan \u201cc\u00f3mo afectan la vida cotidiana de los estadounidenses\u201d.<\/p>\n<\/div>\n<div class=\"bbc-19j92fr ebmt73l0\" dir=\"ltr\">\n<p class=\"bbc-hhl7in e17g058b0\" dir=\"ltr\">\u201cPara los l\u00edderes republicanos hay una relaci\u00f3n de causa y efecto entre migrantes latinos y la inseguridad p\u00fablica en EE.UU. Pero no se consideran temas de pol\u00edtica exterior que requieran la formulaci\u00f3n de una agenda latinoamericana en sentido estricto\u201d.<\/p>\n<\/div>\n<div class=\"bbc-19j92fr ebmt73l0\" dir=\"ltr\">\n<p class=\"bbc-hhl7in e17g058b0\" dir=\"ltr\"><i class=\"bbc-h1y5j7 eih42320\">* Mariano Aguirre, autor de este art\u00edculo,\u00a0 es investigador asociado de Chatham House y asesor de la Red Latinoamericana de Seguridad de la Fundaci\u00f3n Friedrich Ebert.<\/i><\/p>\n<\/div>\n","protected":false},"excerpt":{"rendered":"<p>&nbsp; &nbsp; Am\u00e9rica Latina no ha sido una prioridad para los candidatos a las elecciones de Estados Unidos, Kamala Harris y Donald Trump. Pero esta&hellip;<\/p>\n","protected":false},"author":99,"featured_media":524197,"comment_status":"open","ping_status":"open","sticky":false,"template":"","format":"standard","meta":{"footnotes":""},"categories":[23],"tags":[],"class_list":["post-524196","post","type-post","status-publish","format-standard","has-post-thumbnail","hentry","category-latinoamerica"],"_links":{"self":[{"href":"https:\/\/diarioelpopular.com\/index.php\/wp-json\/wp\/v2\/posts\/524196","targetHints":{"allow":["GET"]}}],"collection":[{"href":"https:\/\/diarioelpopular.com\/index.php\/wp-json\/wp\/v2\/posts"}],"about":[{"href":"https:\/\/diarioelpopular.com\/index.php\/wp-json\/wp\/v2\/types\/post"}],"author":[{"embeddable":true,"href":"https:\/\/diarioelpopular.com\/index.php\/wp-json\/wp\/v2\/users\/99"}],"replies":[{"embeddable":true,"href":"https:\/\/diarioelpopular.com\/index.php\/wp-json\/wp\/v2\/comments?post=524196"}],"version-history":[{"count":1,"href":"https:\/\/diarioelpopular.com\/index.php\/wp-json\/wp\/v2\/posts\/524196\/revisions"}],"predecessor-version":[{"id":524198,"href":"https:\/\/diarioelpopular.com\/index.php\/wp-json\/wp\/v2\/posts\/524196\/revisions\/524198"}],"wp:featuredmedia":[{"embeddable":true,"href":"https:\/\/diarioelpopular.com\/index.php\/wp-json\/wp\/v2\/media\/524197"}],"wp:attachment":[{"href":"https:\/\/diarioelpopular.com\/index.php\/wp-json\/wp\/v2\/media?parent=524196"}],"wp:term":[{"taxonomy":"category","embeddable":true,"href":"https:\/\/diarioelpopular.com\/index.php\/wp-json\/wp\/v2\/categories?post=524196"},{"taxonomy":"post_tag","embeddable":true,"href":"https:\/\/diarioelpopular.com\/index.php\/wp-json\/wp\/v2\/tags?post=524196"}],"curies":[{"name":"wp","href":"https:\/\/api.w.org\/{rel}","templated":true}]}}